{"id":6414,"date":"2025-04-11T10:26:09","date_gmt":"2025-04-11T10:26:09","guid":{"rendered":"https:\/\/choras.lt\/?p=6414"},"modified":"2025-04-11T10:26:12","modified_gmt":"2025-04-11T10:26:12","slug":"seimo-kulturos-komiteto-tarnautojos-jungiasi-prie-paramos-ukrainai-iniciatyvos-vilniaus-vorai-kviecia-kurti-palaikymo-tinkla-kartu","status":"publish","type":"post","link":"https:\/\/choras.lt\/index.php\/2025\/04\/11\/seimo-kulturos-komiteto-tarnautojos-jungiasi-prie-paramos-ukrainai-iniciatyvos-vilniaus-vorai-kviecia-kurti-palaikymo-tinkla-kartu\/","title":{"rendered":"Seimo Kult\u016bros komiteto tarnautojos jungiasi prie paramos Ukrainai iniciatyvos \u201eVilniaus vorai\u201c: kvie\u010dia kurti palaikymo tinkl\u0105 kartu"},"content":{"rendered":"\n<p>Seimo Kult\u016bros komiteto biuro tarnautojos prisijung\u0117 prie iniciatyvos \u201eVilniaus vorai\u201c, kurios tikslas \u2013 solidarizuotis su Ukraina kuriant simbolin\u012f ir tuo pa\u010diu labai prakti\u0161k\u0105 palaikymo tinkl\u0105. Tai jautri ir prasminga pilietin\u0117 akcija, kvie\u010dianti bendruomenes i\u0161reik\u0161ti palaikym\u0105 kovojan\u010diai tautai ir parodyti, kad Lietuva \u2013 kartu.<\/p>\n\n\n\n<p>Pinami tinklai i\u0161 ties\u0173 yra maskuojamieji tinklai, skirti apsaugoti Ukrainos gyn\u0117jus \u2013 dengiama technika, karin\u0117 \u012franga, sl\u0117ptuv\u0117s. Juos pina \u0161auliai, Lietuvos gyventojai ir \u010dia prieglobst\u012f rad\u0119 ukrainie\u010diai. Tai tylus, bet labai svarbus ind\u0117lis \u012f bendr\u0105 kov\u0105 u\u017e laisv\u0119.<\/p>\n\n\n\n<p>Seimo Kult\u016bros komiteto biuro kolektyvas dalyvauja \u0161ioje akcijoje kaip nuoseklios ir tvarios paramos Ukrainai dalyje&nbsp;ne tik politiniu, bet ir \u017emogi\u0161ku, bendruomeniniu lygmeniu. Dalyvavimas pynime \u2013 tai ne tik simbolis, bet ir veiksmas, stiprinantis vienyb\u0117s jausm\u0105 ir primenantis, kad laisv\u0117 ir parama vieni kitiems \u2013 m\u016bs\u0173 vis\u0173 reikalas.<\/p>\n\n\n\n<p>\u201eVilniaus vorai\u201c n\u0117ra vienkartin\u0117 iniciatyva \u2013 tai nuolat augantis solidarumo tinklas, prie kurio gali prisid\u0117ti kiekvienas: \u012fstaigos, mokyklos, bendruomen\u0117s ar pavieniai \u017emon\u0117s. Tod\u0117l kvie\u010diame ir kitas institucijas, Seimo kanceliarijos bei visus Lietuvos \u017emones jungtis prie pynimo \u2013 parodykime, kad m\u016bs\u0173 palaikymas \u2013 gyvas, k\u016brybingas ir nenutr\u016bkstantis.<\/p>\n\n\n\n<p>Daugiau informacijos apie iniciatyv\u0105 ir kaip prisid\u0117ti \u2013&nbsp;<a href=\"https:\/\/vilniausvorai.lt\/\" target=\"_blank\" rel=\"noreferrer noopener\">vilniausvorai.lt<\/a><\/p>\n","protected":false},"excerpt":{"rendered":"<p>Seimo Kult\u016bros komiteto biuro tarnautojos prisijung\u0117 prie iniciatyvos \u201eVilniaus vorai\u201c, kurios tikslas \u2013 solidarizuotis su Ukraina kuriant simbolin\u012f ir tuo pa\u010diu labai prakti\u0161k\u0105 palaikymo tinkl\u0105. Tai jautri ir prasminga pilietin\u0117&hellip; <\/p>\n","protected":false},"author":2,"featured_media":414,"comment_status":"open","ping_status":"open","sticky":false,"template":"","format":"standard","meta":{"footnotes":""},"categories":[7],"tags":[],"_links":{"self":[{"href":"https:\/\/choras.lt\/index.php\/wp-json\/wp\/v2\/posts\/6414"}],"collection":[{"href":"https:\/\/choras.lt\/index.php\/wp-json\/wp\/v2\/posts"}],"about":[{"href":"https:\/\/choras.lt\/index.php\/wp-json\/wp\/v2\/types\/post"}],"author":[{"embeddable":true,"href":"https:\/\/choras.lt\/index.php\/wp-json\/wp\/v2\/users\/2"}],"replies":[{"embeddable":true,"href":"https:\/\/choras.lt\/index.php\/wp-json\/wp\/v2\/comments?post=6414"}],"version-history":[{"count":1,"href":"https:\/\/choras.lt\/index.php\/wp-json\/wp\/v2\/posts\/6414\/revisions"}],"predecessor-version":[{"id":6415,"href":"https:\/\/choras.lt\/index.php\/wp-json\/wp\/v2\/posts\/6414\/revisions\/6415"}],"wp:featuredmedia":[{"embeddable":true,"href":"https:\/\/choras.lt\/index.php\/wp-json\/wp\/v2\/media\/414"}],"wp:attachment":[{"href":"https:\/\/choras.lt\/index.php\/wp-json\/wp\/v2\/media?parent=6414"}],"wp:term":[{"taxonomy":"category","embeddable":true,"href":"https:\/\/choras.lt\/index.php\/wp-json\/wp\/v2\/categories?post=6414"},{"taxonomy":"post_tag","embeddable":true,"href":"https:\/\/choras.lt\/index.php\/wp-json\/wp\/v2\/tags?post=6414"}],"curies":[{"name":"wp","href":"https:\/\/api.w.org\/{rel}","templated":true}]}}