{"id":6443,"date":"2025-04-22T08:31:56","date_gmt":"2025-04-22T08:31:56","guid":{"rendered":"https:\/\/choras.lt\/?p=6443"},"modified":"2025-04-22T08:31:59","modified_gmt":"2025-04-22T08:31:59","slug":"bosas-giorgi-manoshvili-is-kartvelu-liaudies-muzikos-i-operos-scena","status":"publish","type":"post","link":"https:\/\/choras.lt\/index.php\/2025\/04\/22\/bosas-giorgi-manoshvili-is-kartvelu-liaudies-muzikos-i-operos-scena\/","title":{"rendered":"Bosas Giorgi Manoshvili: i\u0161 kartvel\u0173 liaudies muzikos \u2013 \u012f operos scen\u0105"},"content":{"rendered":"\n<p>Jacques&#8217;o Offenbacho operos \u201eHofmano istorijos\u201c premjeroje Lietuvos nacionaliniame operos ir baleto teatre daugelis \u017ei\u016brov\u0173 \u012fsimin\u0117 \u017eaving\u0105 Lindorfo, Kopelijaus, Miraklio ir Dapertuto vaidmen\u0173 atlik\u0117j\u0105 \u2013 bos\u0105 Giorgi Manoshvili i\u0161 Sakartvelo. Baland\u017eio pabaigoje jis sugr\u012f\u0161 \u012f Vilni\u0173 dainuoti \u201eHofmano istorij\u0173\u201c spektakliuose, tad nutar\u0117me susipa\u017einti i\u0161 ar\u010diau.<\/p>\n\n\n\n<p><strong>Kokia buvo j\u016bs\u0173 kelio \u012f muzik\u0105 prad\u017eia?<\/strong><\/p>\n\n\n\n<p>Vaikyst\u0117je mokiausi groti smuiku a\u0161tuonerius metus, bet v\u0117liau tiesiog me\u010diau, nes dainavimas man teik\u0117 daugiau d\u017eiaugsmo. Dainavau kartvel\u0173 liaudies muzikos chore ma\u017edaug penkiolika met\u0173, studijavau etnomuzik\u0105. Tada atradau oper\u0105 ir po truput\u012f prad\u0117jau jos mokytis, prad\u0117jau praktikuotis. 2020 m. nusprend\u017eiau stoti \u012f magistro studijas Tbilisio valstybin\u0117je konservatorijoje. Tad su opera esu labai neseniai \u2013 vos penkerius metus.<\/p>\n\n\n\n<p><strong>Ar jau teko padirb\u0117ti kurio nors operos teatro trup\u0117je?<\/strong><\/p>\n\n\n\n<p>Ne, esu laisvai samdomas ir tiesiog keliauju po pasaul\u012f, dalyvaudamas skirtinguose pastatymuose skirtinguose pasaulio teatruose \u2013 Italijoje, Vokietijoje, \u0160veicarijoje, Pranc\u016bzijoje. Beje, kol kas neteko pasirodyti Tbilisio operos ir baleto teatre, bet tikiuosi, kad tai \u012fvyks netrukus.<\/p>\n\n\n\n<p><strong>J\u016bs\u0173 \u012fsp\u016bd\u017eiai apie \u201eHofmano istorijas\u201c: ar pernai dainavote \u0161ioje operoje pirm\u0105 kart\u0105?<\/strong><\/p>\n\n\n\n<p>Tai nuostabi opera su \u012fdomia istorija ir gra\u017eia muzika. Ir pastatymas, kur\u012f pareng\u0117te, yra labai geras. Man tai buvo debiutas LNOBT ir debiutas \u201eHofmano istorijose\u201c tuo pat metu. Atlieku net keturis \u201eblogiuk\u0173\u201c vaidmenis, o tai smagu i\u0161 artisto perspektyvos. Kadangi persona\u017eai keturi, turiu atrasti b\u016bd\u0105 padaryti juos \u0161iek tiek skirtingus, bet kartu i\u0161laikyti vientis\u0105 blogio linij\u0105 operoje. Nes tie keturi persona\u017eai \u2013 jie tarsi vienas \u017emogus: kartais jis \u2013 piktas, kartais \u2013 juokingas, bet visuomet eleganti\u0161kas.<\/p>\n\n\n\n<p><strong>Kuri J. Offenbacho operos vieta jus labiausiai jaudina?<\/strong><\/p>\n\n\n\n<p>Tre\u010dias veiksmas, kuriame dalyvauja Antonija ir Miraklis. Mano persona\u017eas ten labai piktas, bet muzika ten \u2013 nuostabi. Labai gra\u017eus tercetas su Antonija ir jos Mama. Ir dar \u2013 ketvirto veiksmo arija \u201eScintille, diamant\u201c (\u201e\u017d\u0117r\u0117k, deimante\u201c).<\/p>\n\n\n\n<p><strong>\u201eHofmano istorijos\u201c \u2013 pranc\u016bz\u0173 opera. Jums patinka dainuoti pranc\u016bzi\u0161kai?<\/strong><\/p>\n\n\n\n<p>Tai mano pirmasis didelis pasirodymas pranc\u016bz\u0173 kalba, taigi i\u0161 prad\u017ei\u0173 buvo \u0161iek tiek sunku, bet v\u0117liau su ja \u201esusidraugavome\u201c. Manau, tai viena i\u0161 labiausiai operai tinkan\u010di\u0173 kalb\u0173, ta\u010diau bet kuria kalba galima atrasti b\u016bd\u0105 dainuoti. Iki \u0161iol man n\u0117ra tek\u0119 dainuoti vokie\u010di\u0173 kalba.<\/p>\n\n\n\n<p><strong>\u201eHofmano istorij\u0173\u201c pastatym\u0105 Vilniuje suk\u016br\u0117 jaun\u0173 statytoj\u0173 komanda i\u0161 Italijos. J\u016bs labai da\u017enai dainuojate b\u016btent Italijoje\u2026<\/strong><\/p>\n\n\n\n<p>Taip, ir \u0161\u012fmet Neapolyje dainuosiu Giuseppe\u2018s Verdi operoje \u201eAtila\u201c. Pezaro mieste, kuriame rengiamas Gioachino Rossini operos festivalis, dainuosiu \u0161io kompozitoriaus operoje \u201eItal\u0117 Al\u017eyre\u201c. Veronoje, garsiojoje \u201eArena di Verona\u201c, pasirodysiu operose \u201eKarmen\u201c ir \u201eAida\u201c. Tai \u2013 vien \u0161ios vasaros planai\u2026 <\/p>\n\n\n\n<p><strong>Tad ar i\u0161ties vis dar gyvenate Tbilisyje?<\/strong><\/p>\n\n\n\n<p>Taip, visada ten gr\u012f\u017etu, kai turiu daugiau laiko, nes mano artimi \u017emon\u0117s yra ten. Bet kartu jau\u010diu, kad i\u0161 Sakartvelo nuolat keliauti darosi per sud\u0117tinga, tod\u0117l galvoju persikelti gyventi \u012f Europ\u0105. Manau, tai bus Italija, kurioje a\u0161 prad\u0117jau savo operos solisto karjer\u0105, kurioje yra daug svarbi\u0173 man teatr\u0173. Tiesiog patinka ta \u0161alis, patinka \u017emon\u0117s. Manau, kad ten persikelsiu.<\/p>\n\n\n\n<p>Itali\u0161kai dar nekalbu taip gerai, kaip nor\u0117\u010diau, bet tobul\u0117ju su kiekvienu nauju operos pastatymu. Italijoje \u017emon\u0117s eina i\u0161 proto d\u0117l operos, jie j\u0105 labai myli, tai j\u0173 prigimtyje. Be to, italai truput\u012f pana\u0161\u016bs \u012f kartvelus \u2013 labai emocional\u016bs, truput\u012f pa\u0161\u0117l\u0119.<\/p>\n\n\n\n<p><strong>Ma\u010diau vien\u0105 vaizdo \u012fra\u0161\u0105, kuriame grojate gitara. Turite savo gitar\u0105?<\/strong><\/p>\n\n\n\n<p>Taip, \u017einoma. Man patinka groti gitara. S\u0117d\u0117dami prie stalo, mes da\u017enai dainuojame kartveli\u0161kas dainas. Liaudies muzika i\u0161liko mano \u0161irdyje, ji u\u017eima didel\u0119 mano sielos dal\u012f.<\/p>\n\n\n\n<p><strong>Ar teko dalyvauti vokalist\u0173 konkursuose?<\/strong><\/p>\n\n\n\n<p>Laim\u0117jau tik vien\u0105 tarptautin\u012f konkurs\u0105 \u2013 Nicolai Ghiaurovo daininink\u0173 konkurs\u0105 Italijoje, Modenoje. Bet mano karjera ir taip gerai klostosi \u2013 turiu pakankamai kontrakt\u0173 \u017eymiuose teatruose. Perklausos, konkursai \u2013 tai patirtis, kurti svarbi nepriklausomai nuo to, ar tau pasiseka, ar ne. Ji tave sustiprina ir padeda tobul\u0117ti. <\/p>\n\n\n\n<p><strong>Ar da\u017enai tenka atsisakyti pasi\u016blym\u0173 dainuoti?<\/strong><\/p>\n\n\n\n<p>Kartais reikia, nes turi b\u016bti atsargus rinkdamasis repertuar\u0105. Turi \u017einoti, kas tau tinka, kas \u2013 ne. Kartais patinka vaidmuo, patinka opera, bet turi pasakyti \u201ene\u201c, ypa\u010d kai esi jaunas, nes reikia b\u016bti protingam, po truput\u012f kurti savo technik\u0105 ir neprisiimti per sunki\u0173 vaidmen\u0173. Taigi, kelet\u0105 kart\u0173 pasakiau \u201ene\u201c, nes maniau, kad dar ne laikas. Tuos vaidmenis dainuosiu po penkeri\u0173, septyneri\u0173 ar de\u0161imties met\u0173.<\/p>\n\n\n\n<p><strong>Bos\u0173 karjera operoje pati ilgiausia. Iki kokio am\u017eiaus nor\u0117tum\u0117te dainuoti scenoje?<\/strong><\/p>\n\n\n\n<p>Noriu dainuoti kuo ilgiau, bet kai pamatysiu, kad nebepavyksta, kad balsas prast\u0117ja \u2013 tiesiog sustosiu. Nenoriu, kad \u017emon\u0117s mane prisimint\u0173 dainuojant\u012f blogai. Viskas priklauso nuo to, kaip dirbsiu, kaip tobulinsiu technik\u0105, kaip atsargiai rinksiuosi repertuar\u0105\u2026 Dabar man 34-eri, o bos\u0173 karjera nuo tokio am\u017eiaus tik prasideda.<\/p>\n","protected":false},"excerpt":{"rendered":"<p>Jacques&#8217;o Offenbacho operos \u201eHofmano istorijos\u201c premjeroje Lietuvos nacionaliniame operos ir baleto teatre daugelis \u017ei\u016brov\u0173 \u012fsimin\u0117 \u017eaving\u0105 Lindorfo, Kopelijaus, Miraklio ir Dapertuto vaidmen\u0173 atlik\u0117j\u0105 \u2013 bos\u0105 Giorgi Manoshvili i\u0161 Sakartvelo. Baland\u017eio&hellip; <\/p>\n","protected":false},"author":2,"featured_media":6445,"comment_status":"open","ping_status":"open","sticky":false,"template":"","format":"standard","meta":{"footnotes":""},"categories":[5],"tags":[],"_links":{"self":[{"href":"https:\/\/choras.lt\/index.php\/wp-json\/wp\/v2\/posts\/6443"}],"collection":[{"href":"https:\/\/choras.lt\/index.php\/wp-json\/wp\/v2\/posts"}],"about":[{"href":"https:\/\/choras.lt\/index.php\/wp-json\/wp\/v2\/types\/post"}],"author":[{"embeddable":true,"href":"https:\/\/choras.lt\/index.php\/wp-json\/wp\/v2\/users\/2"}],"replies":[{"embeddable":true,"href":"https:\/\/choras.lt\/index.php\/wp-json\/wp\/v2\/comments?post=6443"}],"version-history":[{"count":2,"href":"https:\/\/choras.lt\/index.php\/wp-json\/wp\/v2\/posts\/6443\/revisions"}],"predecessor-version":[{"id":6446,"href":"https:\/\/choras.lt\/index.php\/wp-json\/wp\/v2\/posts\/6443\/revisions\/6446"}],"wp:featuredmedia":[{"embeddable":true,"href":"https:\/\/choras.lt\/index.php\/wp-json\/wp\/v2\/media\/6445"}],"wp:attachment":[{"href":"https:\/\/choras.lt\/index.php\/wp-json\/wp\/v2\/media?parent=6443"}],"wp:term":[{"taxonomy":"category","embeddable":true,"href":"https:\/\/choras.lt\/index.php\/wp-json\/wp\/v2\/categories?post=6443"},{"taxonomy":"post_tag","embeddable":true,"href":"https:\/\/choras.lt\/index.php\/wp-json\/wp\/v2\/tags?post=6443"}],"curies":[{"name":"wp","href":"https:\/\/api.w.org\/{rel}","templated":true}]}}