{"id":6447,"date":"2025-04-23T07:54:06","date_gmt":"2025-04-23T07:54:06","guid":{"rendered":"https:\/\/choras.lt\/?p=6447"},"modified":"2025-04-23T07:54:08","modified_gmt":"2025-04-23T07:54:08","slug":"i-rekyva-atkeliauja-nauja-kulturos-banga","status":"publish","type":"post","link":"https:\/\/choras.lt\/index.php\/2025\/04\/23\/i-rekyva-atkeliauja-nauja-kulturos-banga\/","title":{"rendered":"\u012e R\u0117kyv\u0105 atkeliauja nauja kult\u016bros banga"},"content":{"rendered":"\n<p>2025 m. gegu\u017e\u0119 \u0160iauli\u0173 kult\u016bros centro R\u0117kyvos kult\u016bros namuose (Energetik\u0173 g. 7) duris atvers pirmieji renginiai, kvie\u010diantys vis\u0173 am\u017ei\u0173 lankytojus kurti, dalyvauti ir patirti, k\u0105 rei\u0161kia kult\u016bra \u2013 ar\u010diau \u017emogaus, ar\u010diau gamtos. Atnaujintos erdv\u0117s, i\u0161skirtinis vizualinis identitetas ir ambicinga kult\u016brin\u0117 vizija \u2013 tai tik dalis to, kuo nuo \u0161iol gyvuos R\u0117kyvos kult\u016bros namai. \u010cia, \u0161alia e\u017eero, kur bangos pasakoja savo istorijas, formuojasi atsinaujin\u0119s kult\u016bros traukos centras, kvie\u010diantis vietos bendruomen\u0119 ir miesto sve\u010dius atrasti, kurti, susitikti. \u0160is pasikeitimas \u2013 ne tik fizinis \u2013 tai kvietimas \u012f bendryst\u0119, k\u016bryb\u0105 ir gyv\u0105 kult\u016brin\u012f puls\u0105, kuriame kiekvienas gali tapti dalimi naujo etapo.<br><br>\u0160iauli\u0173 kult\u016bros centro R\u0117kyvos kult\u016bros namai \u017eengia \u012f nauj\u0105 kult\u016bros etap\u0105 \u2013 ne tik su atnaujintomis patalpomis, sutvarkyta lauko aplinka, bet ir su nauju reprezentaciniu logotipu. \u0160is logotipas, pasak \u0160iauli\u0173 kult\u016bros centro dizainerio Vilmanto Dambrausko, simboli\u0161kai apjungia vietos identitet\u0105 ir kult\u016brin\u0119 vizij\u0105. J\u012f sudaro u\u017era\u0161as \u201eR\u0117kyvos kult\u016bros namai\u201c bei grafinis simbolis \u2013 stilizuotas bang\u0173 ir vandens motyvas, ai\u0161kiai nurodantis R\u0117kyvos kult\u016bros nam\u0173 geografin\u0119 pad\u0117t\u012f \u0161alia vieno did\u017eiausi\u0173 \u0160iauli\u0173 miesto gamtos turt\u0173 \u2013 R\u0117kyvos e\u017eero. Spalvin\u0117 logotipo gama i\u0161laiko t\u0119stinum\u0105 su pagrindiniu \u0160iauli\u0173 kult\u016bros centro vizualiniu identitetu. M\u0117lyna spalva \u010dia simbolizuoja vanden\u012f, gyvyb\u0119 ir ramyb\u0119, o \u017ealia \u2013 gamt\u0105, darn\u0105 bei tvarumo siek\u012f, atspindint\u012f \u201e\u017daliosios\u201c filosofijos principus.<\/p>\n\n\n\n<p>\u201eR\u0117kyvos kult\u016bros namai yra ypatinga miesto dalis \u2013 tiek savo geografin\u0117s vietos, tiek bendruomen\u0117s aktyvumo prasme. Siek\u0117me, kad tai atsispind\u0117t\u0173 ir vizualiai. Naujasis logotipas padeda atskleisti unikali\u0105 R\u0117kyvos tapatyb\u0119, i\u0161skiria \u0161i\u0105 erdv\u0119 kaip savit\u0105, bet kartu glaud\u017eiai susijusi\u0105 su viso \u0160iauli\u0173 kult\u016bros centro veikla\u201c, \u2013 sako \u0160iauli\u0173 kult\u016bros centro direktor\u0117 Deimant\u0117 Ba\u010diul\u0117.<\/p>\n\n\n\n<p>Ne ma\u017eiau svarbi ir atnaujinama lauko aplinka, kuri pilna apimtimi prad\u0117s funkcionuoti dar vasarai neprasid\u0117jus. R\u0117kyvos kult\u016bros nam\u0173 \u017eali\u0105j\u0105 zon\u0105 ketinama paversti traukos centru ne tik ramiam poilsiui, bet ir gyvybingiems renginiams po atviru dangumi. Planuojama, kad \u0161ioje erdv\u0117je periodi\u0161kai vyks koncertai, edukaciniai u\u017esi\u0117mimai, \u0161eim\u0173 popiet\u0117s, menin\u0117s instaliacijos ir sezonin\u0117s \u0161vent\u0117s. Jau vasaros prad\u017eioje \u017eali\u0105ja zon\u0105 papuo\u0161 keturios \u0161amoto skulpt\u016bros simbolizuojan\u010dios keturias gamtos stichijas. Sutvarkyta aplinka kvies ne tik dalyvauti, bet ir tiesiog b\u016bti \u2013 gra\u017eiai, jaukiai, bendruomeni\u0161kai.<\/p>\n\n\n\n<p>Kult\u016brinis atgimimas R\u0117kyvoje taps ap\u010diuopiamas jau gegu\u017e\u0117s m\u0117nesio prad\u017eioje, kai startuos pirmieji renginiai bendruomenei. R\u0117kyvos gyventoj\u0173 ir miesto sve\u010di\u0173 laukia turininga rengini\u0173 prad\u017eia \u2013 Domanto Razausko ir Dariaus \u017dvirblio muzikin\u0117 programa, projekto \u201eMenas gali b\u016bti \u017dALIAS\u201c veiklos, \u0160iauli\u0173 kult\u016bros centro choreografijos studijos \u201eImpresija\u201c koncertas \u201eBaletijos karalyst\u0117\u201c, XVIII tarptautinio \u0161oki\u0173 festivalio-konkurso \u201eAu\u0161rin\u0117 \u017evaig\u017ed\u0117\u201c dalyvi\u0173 koncertas \u201e\u0160okis jungia mus\u201c, spektakliai \u201eI\u0161 gyvenimo laumi\u0173\u201c (pagal. V. V. Landsbergio knyg\u0105) ir \u201eGiriose mariose\u201c (pagal lietuvi\u0173 pasak\u0105 \u201eEgl\u0117 \u017dal\u010di\u0173 karalien\u0117\u201c), susitikimai ir kiti bendruomen\u0119 telkiantys \u012fvykiai. Kiekvienas atras tai, kas artima \u2013 tiek jaunimas, tiek vyresnio am\u017eiaus \u017emon\u0117s gal\u0117s realizuoti save per kult\u016br\u0105, k\u016bryb\u0105 ir bendravim\u0105.<\/p>\n\n\n\n<p>Dauguma rengini\u0173 vyks atnaujintoje Koncert\u0173 sal\u0117je, kurioje \u012frengta moderni garso ir ap\u0161vietimo sistema, sukurta jauki aplinka kult\u016brinei patir\u010diai. Sal\u0117je \u012frengtos 148 s\u0117dimos vietos, ji pritaikyta \u017emon\u0117ms su negalia \u2013 visi lankytojai kvie\u010diami atrasti kult\u016br\u0105 i\u0161 naujo. Kartu su kult\u016brine veikla duris atveria ir atnaujinta biblioteka, \u012fsik\u016brusi tame pa\u010diame pastate. Moderni, \u0161viesi erdv\u0117 kvies bendruomen\u0119 skaityti, mokytis, bendrauti bei dalyvauti \u012fvairiose edukacijose ir susitikimuose. Tai taps ne tik \u017eini\u0173, bet ir susitikim\u0173 vieta \u2013 gyva, \u0161iuolaiki\u0161ka biblioteka kiekvienam.<\/p>\n\n\n\n<p>Organizatoriai tikisi, kad R\u0117kyvos kult\u016bros namai vietos bendruomenei taps ne tik artima erdve savirai\u0161kai, bet ir nauju puslapiu kult\u016bros istorijoje.<\/p>\n","protected":false},"excerpt":{"rendered":"<p>2025 m. gegu\u017e\u0119 \u0160iauli\u0173 kult\u016bros centro R\u0117kyvos kult\u016bros namuose (Energetik\u0173 g. 7) duris atvers pirmieji renginiai, kvie\u010diantys vis\u0173 am\u017ei\u0173 lankytojus kurti, dalyvauti ir patirti, k\u0105 rei\u0161kia kult\u016bra \u2013 ar\u010diau \u017emogaus,&hellip; <\/p>\n","protected":false},"author":2,"featured_media":6449,"comment_status":"open","ping_status":"open","sticky":false,"template":"","format":"standard","meta":{"footnotes":""},"categories":[5],"tags":[],"_links":{"self":[{"href":"https:\/\/choras.lt\/index.php\/wp-json\/wp\/v2\/posts\/6447"}],"collection":[{"href":"https:\/\/choras.lt\/index.php\/wp-json\/wp\/v2\/posts"}],"about":[{"href":"https:\/\/choras.lt\/index.php\/wp-json\/wp\/v2\/types\/post"}],"author":[{"embeddable":true,"href":"https:\/\/choras.lt\/index.php\/wp-json\/wp\/v2\/users\/2"}],"replies":[{"embeddable":true,"href":"https:\/\/choras.lt\/index.php\/wp-json\/wp\/v2\/comments?post=6447"}],"version-history":[{"count":2,"href":"https:\/\/choras.lt\/index.php\/wp-json\/wp\/v2\/posts\/6447\/revisions"}],"predecessor-version":[{"id":6450,"href":"https:\/\/choras.lt\/index.php\/wp-json\/wp\/v2\/posts\/6447\/revisions\/6450"}],"wp:featuredmedia":[{"embeddable":true,"href":"https:\/\/choras.lt\/index.php\/wp-json\/wp\/v2\/media\/6449"}],"wp:attachment":[{"href":"https:\/\/choras.lt\/index.php\/wp-json\/wp\/v2\/media?parent=6447"}],"wp:term":[{"taxonomy":"category","embeddable":true,"href":"https:\/\/choras.lt\/index.php\/wp-json\/wp\/v2\/categories?post=6447"},{"taxonomy":"post_tag","embeddable":true,"href":"https:\/\/choras.lt\/index.php\/wp-json\/wp\/v2\/tags?post=6447"}],"curies":[{"name":"wp","href":"https:\/\/api.w.org\/{rel}","templated":true}]}}