{"id":6494,"date":"2025-05-08T10:11:41","date_gmt":"2025-05-08T10:11:41","guid":{"rendered":"https:\/\/choras.lt\/?p=6494"},"modified":"2025-05-21T10:15:00","modified_gmt":"2025-05-21T10:15:00","slug":"istorinis-koncertas-rekonstruojame-ciurlionio-pedsakus-vilniuje","status":"publish","type":"post","link":"https:\/\/choras.lt\/index.php\/2025\/05\/08\/istorinis-koncertas-rekonstruojame-ciurlionio-pedsakus-vilniuje\/","title":{"rendered":"Istorinis koncertas: rekonstruojame \u010ciurlionio p\u0117dsakus Vilniuje"},"content":{"rendered":"\n<p>1908 m. gegu\u017e\u0117s 17 d.  dabartinio \u201eVaidilos teatro\u201c sal\u0117je  M. K. \u010ciurlionis sureng\u0117 pirm\u0105j\u012f vos u\u017egimusios Lietuvi\u0173 dail\u0117s draugijos koncert\u0105 \u2013 vien\u0105 i\u0161 nedaugelio Vilniuje jo paties organizuot\u0173 rengini\u0173, patvirtint\u0173 istoriniais \u0161altiniais.<\/p>\n\n\n\n<p>Min\u0117dami M. K. \u010ciurlionio 150-\u0105j\u012f jubiliej\u0173, du Vilniaus chorai &#8211;  \u201eAdoramus\u201c ir \u201eMomentum\u201c sureng\u0117 du ypatingus koncertus Vaidilos teatre, kurie leido prisiliesti prie kompozitoriaus laikme\u010dio atmosferos. Koncert\u0173 metu skamb\u0117jo i\u0161 autenti\u0161k\u0173 rankra\u0161\u010di\u0173 profesionaliai rekonstruota programa: kantatos \u201eDe Profundis\u201c versija chorui ir fortepijonui bei M. K. \u010ciurlionio harmonizuotos lietuvi\u0173 liaudies dainos. Pianistas ir koncerto ved\u0117jas, paties M. K. \u010ciurlionio provaikaitis Rokas Zubovas papasakojo, kaip renginys vyko anuomet, su kokiais i\u0161\u0161\u016bkiais susid\u016br\u0117 pats \u010ciurlionis j\u012f rengdamas, kokie liudijimai i\u0161liko apie koncerto sve\u010dius bei kas minima recenzijose.<\/p>\n\n\n\n<p>Vilniaus sakralin\u0117s muzikos choras \u201eAdoramus\u201c, \u0161iemet minintis savo veiklos de\u0161imtmet\u012f, ir Vilniaus choras \u201eMomentum\u201c (chor\u0173 meno vadovas dr. Imantas Jonas \u0160imkus) atliko M. K. \u010ciurlionio harmonizuotas lietuvi\u0173 liaudies dainas, kantat\u0105 \u201eDe Profundis\u201c bei dar negird\u0117tus M. K. \u010ciurlionio sakralin\u0117s muzikos k\u016brinius. Po koncert\u0173 \u017ei\u016brov\u0173 lauk\u0117 \u0161ventin\u0117 loterija ir \u0161okiai, leid\u0119 pajusti to laikme\u010dio kult\u016brini\u0173 vakar\u0173 dvasi\u0105.<\/p>\n\n\n\n<p><\/p>\n\n\n\n<p><\/p>\n\n\n\n<p><\/p>\n","protected":false},"excerpt":{"rendered":"<p>1908 m. gegu\u017e\u0117s 17 d. dabartinio \u201eVaidilos teatro\u201c sal\u0117je M. K. \u010ciurlionis sureng\u0117 pirm\u0105j\u012f vos u\u017egimusios Lietuvi\u0173 dail\u0117s draugijos koncert\u0105 \u2013 vien\u0105 i\u0161 nedaugelio Vilniuje jo paties organizuot\u0173 rengini\u0173, patvirtint\u0173&hellip; <\/p>\n","protected":false},"author":2,"featured_media":6381,"comment_status":"open","ping_status":"open","sticky":false,"template":"","format":"standard","meta":{"footnotes":""},"categories":[6],"tags":[],"_links":{"self":[{"href":"https:\/\/choras.lt\/index.php\/wp-json\/wp\/v2\/posts\/6494"}],"collection":[{"href":"https:\/\/choras.lt\/index.php\/wp-json\/wp\/v2\/posts"}],"about":[{"href":"https:\/\/choras.lt\/index.php\/wp-json\/wp\/v2\/types\/post"}],"author":[{"embeddable":true,"href":"https:\/\/choras.lt\/index.php\/wp-json\/wp\/v2\/users\/2"}],"replies":[{"embeddable":true,"href":"https:\/\/choras.lt\/index.php\/wp-json\/wp\/v2\/comments?post=6494"}],"version-history":[{"count":2,"href":"https:\/\/choras.lt\/index.php\/wp-json\/wp\/v2\/posts\/6494\/revisions"}],"predecessor-version":[{"id":6540,"href":"https:\/\/choras.lt\/index.php\/wp-json\/wp\/v2\/posts\/6494\/revisions\/6540"}],"wp:featuredmedia":[{"embeddable":true,"href":"https:\/\/choras.lt\/index.php\/wp-json\/wp\/v2\/media\/6381"}],"wp:attachment":[{"href":"https:\/\/choras.lt\/index.php\/wp-json\/wp\/v2\/media?parent=6494"}],"wp:term":[{"taxonomy":"category","embeddable":true,"href":"https:\/\/choras.lt\/index.php\/wp-json\/wp\/v2\/categories?post=6494"},{"taxonomy":"post_tag","embeddable":true,"href":"https:\/\/choras.lt\/index.php\/wp-json\/wp\/v2\/tags?post=6494"}],"curies":[{"name":"wp","href":"https:\/\/api.w.org\/{rel}","templated":true}]}}