{"id":6535,"date":"2025-05-19T18:20:51","date_gmt":"2025-05-19T18:20:51","guid":{"rendered":"https:\/\/choras.lt\/?p=6535"},"modified":"2025-05-19T18:20:54","modified_gmt":"2025-05-19T18:20:54","slug":"lchs-per-erasmus-gavo-nauja-finansavimo-paketa-chorvedziu-isvykoms-uzsienio-saliu-darbui-stebeti","status":"publish","type":"post","link":"https:\/\/choras.lt\/index.php\/2025\/05\/19\/lchs-per-erasmus-gavo-nauja-finansavimo-paketa-chorvedziu-isvykoms-uzsienio-saliu-darbui-stebeti\/","title":{"rendered":"LCHS per \u201eERASMUS+\u201d gavo nauj\u0105 finansavimo paket\u0105 chorved\u017ei\u0173 i\u0161vykoms u\u017esienio \u0161ali\u0173 darbui steb\u0117ti"},"content":{"rendered":"\n<p>Neseniai sulauk\u0117me puikios \u017einios \u2013 Lietuvos chor\u0173 s\u0105junga v\u0117l laim\u0117jo atrank\u0105 \u201eErasmus+\u201d programos finansavimui chor\u0173 vadov\u0173 mobilumui. Apie tai kalbam\u0117s su LCHS prezidente Rasa Gelgotiene.<\/p>\n\n\n\n<p><strong>Gal galite papasakoti, kokia tai programa ir koks \u0161i\u0173 i\u0161vyk\u0173 tikslas?<\/strong><\/p>\n\n\n\n<p>Praeitu teikimu i\u0161leidome 10 chor\u0173 dirigent\u0173 \u012f penkias \u0161alis \u2013 Norvegij\u0105, Latvij\u0105, Lenkij\u0105, Pranc\u016bzij\u0105 ir Ispanij\u0105. Visi keliav\u0119 buvo labai patenkinti \u0161i\u0173 i\u0161vyk\u0173 turiniu. Jie steb\u0117jo daugyb\u0119 \u012fvairi\u0173 chor\u0173 repeticij\u0173, susipa\u017eino su kolegomis, pabendravo, pasikeit\u0117 id\u0117jomis bei darbo metodika, kai kurie prad\u0117jo tartis d\u0117l bendradarbiavimo galimybi\u0173.<\/p>\n\n\n\n<p>M\u016bs\u0173 darbo sritis labai specifin\u0117 \u2013 choro dirigentas, nors ir mokosi muzikos bei dirigavimo daugyb\u0119 met\u0173, vis d\u0117lto kaip choro vadovas turi atrasti savo darbo metodik\u0105, savo repetavimo stili\u0173. Kiekvienas ie\u0161ko pa\u010di\u0173 \u012fdomiausi\u0173 k\u016brini\u0173 ir savo \u0161alyje, ir u\u017esienyje. Kiekvienas pagal savo skon\u012f ir chorist\u0173 pageidavimus formuoja savit\u0105 repertuar\u0105, o vokalo metodika irgi yra kiekvieno chorved\u017eio \u0161iek tiek skirtinga. Tod\u0117l nepaprastai \u012fdomu ir naudinga bendrauti vieniems su kitais. Jeigu \u010dia, Lietuvoje, mes turime susilietimo ta\u0161k\u0173 \u2013 tai ir repertuaras, ir bendri renginiai, ir regionin\u0117s bei nacionalin\u0117s dain\u0173 \u0161vent\u0117s, ir \u201eVasaros akademija\u201d, kurioje visi kalbam\u0117s profesin\u0117mis temomis, tai pa\u017ein\u010di\u0173 su u\u017esienio chorine kult\u016bra mums tikrai labai tr\u016bksta. O be \u0161ito mes galime greit tapti kult\u016brine provincija, ne\u017einan\u010dia nauj\u0173 chorini\u0173 tendencij\u0173, nauj\u0173 \u012fdomi\u0173 kompozitori\u0173 k\u016brybos ir pan.<\/p>\n\n\n\n<p><strong>Pra\u0161au papasakokite, k\u0105 \u012fdomiausio pasteb\u0117jo per praeit\u0105 projekto etap\u0105 keliav\u0119 chorved\u017eiai?<\/strong><\/p>\n\n\n\n<p>I\u0161 j\u0173 pasakojim\u0173 mat\u0117me, jog visi be galo susidom\u0117j\u0119 steb\u0117jo vokalin\u012f darb\u0105. Pavyzd\u017eiui, u\u017esira\u0161in\u0117jo balso lavinimo pratimus, su\u017einojo nauj\u0173 k\u016brini\u0173. Labai svarbu visiems pasirod\u0117 steb\u0117ti bendravim\u0105 chor\u0173 viduje \u2013 bendravimo kult\u016bra yra toks dalykas, kuriame mes vis dar turime \u201esovietinio paveldo\u201c, kurio norime atsikratyti. Visi \u0161itie dalykai bus pritaikyti praktiniame darbe su Lietuvos chor\u0173 choristais, juk \u0161i programa skirta b\u016btent jiems, suaugusi\u0173j\u0173 chor\u0173 choristams. Daugelis u\u017emezg\u0117 su kolegomis \u0161iltus, draugi\u0161kus ry\u0161ius ir tuoj pat pasidalino id\u0117jomis, kaip b\u016bt\u0173 galima bendradarbiauti ne tik dirigentams, bet ir chorams. Pavyzd\u017eiui, choras i\u0161 Latvijos i\u0161kart buvo pakviestas \u012f moter\u0173 chor\u0173 festival\u012f Lietuvoje, ir jau sve\u010diavosi m\u016bs\u0173 \u0161alyje.<\/p>\n\n\n\n<p><strong>Koks bus \u0161is, naujas \u201eErasmus+\u201d projekto etapas?<\/strong><\/p>\n\n\n\n<p>Dabar mes i\u0161pl\u0117t\u0117me ir geografij\u0105, ir vykstan\u010di\u0173j\u0173 skai\u010di\u0173, o taip pat, be chor\u0173 vadov\u0173, gali vykti ir chormeisteriai. \u0160\u012fkart 30 chorved\u017ei\u0173 vyks \u012f 10 \u0161ali\u0173: Latvij\u0105, Estij\u0105, Lenkij\u0105, Vokietij\u0105, Austrij\u0105, Italij\u0105, Ispanij\u0105, Pranc\u016bzij\u0105, Suomij\u0105 ir Norvegij\u0105. Pasirinkome \u0161alis, gars\u0117jan\u010dias chorin\u0117mis tradicijomis, taigi, jose bus ko i\u0161mokti.<\/p>\n\n\n\n<p><strong>Kaip atrinkote vyksian\u010dius? Juk Lietuvoje yra labai daug chor\u0173 dirigent\u0173?<\/strong><\/p>\n\n\n\n<p>Taip, j\u0173 yra daug. Jie supranta, kad tikrai b\u016bt\u0173 naudinga nuva\u017eiuoti, i\u0161girsti, pamatyti. Ta\u010diau kai paskelb\u0117me, atsiliep\u0117 labai nedaug \u2013 teko skambinti ir kalb\u0117tis. Problema\u00a0\u2013 laikas. Per \u0161io projekto organizavim\u0105 \u012fsitikinau, kad chorved\u017eiai yra tikri \u201edarboholikai\u201c \u2013 atrodyt\u0173, kad tai toks darbas, kur jie patys diktuoja savo temp\u0105, nusistato veiklas, koncertus, repertuar\u0105 \u2013 ta\u010diau visi b\u0117ga dirba vos susp\u0117dami ir, deja, neranda laiko net tokiems svarbiems dalykams, kaip galimyb\u0117 pasitobulinti u\u017esienyje. O kadangi \u012f mobilumo program\u0105 vyksta po tris dirigentus, jie ir tarpusavyje turi suderinti dat\u0105, o tai labai sud\u0117tinga \u2013 tai vienam koncertas, tai kitam.<\/p>\n\n\n\n<p>Ypa\u010d sud\u0117tinga \u201ei\u0161traukti\u201c region\u0173 chorved\u017eius \u2013 kai kurie dirba ir su kult\u016bros centro choru, ir mokykloje d\u0117sto muzikines disciplinas, ir muzikos mokykloje dirba chor\u0173 mokytojais, ir dar ba\u017eny\u010dioje vargonuoja. Daugelyje rajon\u0173 sunku rasti kas pavaduot\u0173. Kli\u016btis daug kam yra ir kalbos barjeras. Ta\u010diau \u010dia labai padeda tai, jog keliaujama trise, ir da\u017eniausiai bent vienas i\u0161 trij\u0173 moka angl\u0173 arba kit\u0105 u\u017esienio kalb\u0105. Galiausiai sudar\u0117me vis\u0105 30 \u017emoni\u0173 grup\u0119 ir labiausiai d\u017eiaugiuosi, kad net pus\u0117 \u201315 dalyvi\u0173 yra i\u0161 region\u0173.<\/p>\n\n\n\n<p><strong>Kada vyks i\u0161vykos ir kaip mes su\u017einosime apie rezultatus?<\/strong><\/p>\n\n\n\n<p>Projekt\u0105 vykdysime iki lapkri\u010dio galo, per gruod\u012f pateiksime ataskait\u0105. Jeigu viskas klostysis s\u0117kmingai, jau kit\u0105 pavasar\u012f pateiksime nauj\u0105 parai\u0161k\u0105 projekto t\u0119siniui. Visi va\u017eiuojantys papasakos apie \u012fgyt\u0105 ger\u0105j\u0105 patirt\u012f, pasidalins \u012fsp\u016bd\u017eiais ir gautomis \u017einiomis su visais Lietuvos chorved\u017eiais.<\/p>\n","protected":false},"excerpt":{"rendered":"<p>Neseniai sulauk\u0117me puikios \u017einios \u2013 Lietuvos chor\u0173 s\u0105junga v\u0117l laim\u0117jo atrank\u0105 \u201eErasmus+\u201d programos finansavimui chor\u0173 vadov\u0173 mobilumui. Apie tai kalbam\u0117s su LCHS prezidente Rasa Gelgotiene. Gal galite papasakoti, kokia tai&hellip; <\/p>\n","protected":false},"author":2,"featured_media":519,"comment_status":"open","ping_status":"open","sticky":false,"template":"","format":"standard","meta":{"footnotes":""},"categories":[4],"tags":[],"_links":{"self":[{"href":"https:\/\/choras.lt\/index.php\/wp-json\/wp\/v2\/posts\/6535"}],"collection":[{"href":"https:\/\/choras.lt\/index.php\/wp-json\/wp\/v2\/posts"}],"about":[{"href":"https:\/\/choras.lt\/index.php\/wp-json\/wp\/v2\/types\/post"}],"author":[{"embeddable":true,"href":"https:\/\/choras.lt\/index.php\/wp-json\/wp\/v2\/users\/2"}],"replies":[{"embeddable":true,"href":"https:\/\/choras.lt\/index.php\/wp-json\/wp\/v2\/comments?post=6535"}],"version-history":[{"count":3,"href":"https:\/\/choras.lt\/index.php\/wp-json\/wp\/v2\/posts\/6535\/revisions"}],"predecessor-version":[{"id":6538,"href":"https:\/\/choras.lt\/index.php\/wp-json\/wp\/v2\/posts\/6535\/revisions\/6538"}],"wp:featuredmedia":[{"embeddable":true,"href":"https:\/\/choras.lt\/index.php\/wp-json\/wp\/v2\/media\/519"}],"wp:attachment":[{"href":"https:\/\/choras.lt\/index.php\/wp-json\/wp\/v2\/media?parent=6535"}],"wp:term":[{"taxonomy":"category","embeddable":true,"href":"https:\/\/choras.lt\/index.php\/wp-json\/wp\/v2\/categories?post=6535"},{"taxonomy":"post_tag","embeddable":true,"href":"https:\/\/choras.lt\/index.php\/wp-json\/wp\/v2\/tags?post=6535"}],"curies":[{"name":"wp","href":"https:\/\/api.w.org\/{rel}","templated":true}]}}