{"id":6544,"date":"2025-05-23T18:50:32","date_gmt":"2025-05-23T18:50:32","guid":{"rendered":"https:\/\/choras.lt\/?p=6544"},"modified":"2025-05-23T18:50:35","modified_gmt":"2025-05-23T18:50:35","slug":"polifonija-ir-vel-pagerbta-lenkijoje-choro-giesmes-skambejo-seinuose-ir-balstogeje","status":"publish","type":"post","link":"https:\/\/choras.lt\/index.php\/2025\/05\/23\/polifonija-ir-vel-pagerbta-lenkijoje-choro-giesmes-skambejo-seinuose-ir-balstogeje\/","title":{"rendered":"\u201ePolifonija\u201c ir v\u0117l pagerbta Lenkijoje: choro giesm\u0117s skamb\u0117jo Seinuose ir Balstog\u0117je"},"content":{"rendered":"\n<p>Gegu\u017e\u0117s 21-25 d. Balstog\u0117je (Lenkija) vyksta tradicinis 44-asis sta\u010diatiki\u0173 muzikos festivalis \u201eHajn\u00f3wka\u201c. <\/p>\n\n\n\n<p>Tre\u010diadienio vakar\u0105 i\u0161kilmingame atidarymo koncerte garb\u0117s sve\u010dio teis\u0117mis dalyvavo \u0160iauli\u0173 valstybinis kamerinis choras \u201ePolifonija\u201c, pra\u0117jusiais metais peln\u0119s absoliu\u010diai geriausio choro titul\u0105 \u201ePrimus Inter Pares\u201c (lot.\u00a0pirmas tarp lygi\u0173). Pripa\u017eintas m\u016bs\u0173 \u0161alies choras atliko program\u0105, kuri\u0105 organizatoriai pavadino \u201eSta\u010diatiki\u0173 muzikos meistrai \u2013 nuo Dmitrijaus Bortnianskio iki Romualdo Tvardovskio\u201c. Taip akcentuotos svarbios sukaktys \u2013 200-osios Dmitrijaus Bortnianskio mirties metin\u0117s ir 95-osios Romualdo Tvardovskio \u2013 pernai mirusio ilgame\u010dio festivalio \u017eiuri pirmininko \u2013 gimimo metin\u0117s. Pagerbtas ir est\u0173 kompozitorius Arvo P\u00e4rtas, \u0161\u012f ruden\u012f \u0161v\u0119siantis 90-\u0105j\u012f gimtadien\u012f. Taip pat programoje skamb\u0117jo ir  \u0161iuolaikini\u0173 muzikos k\u016br\u0117j\u0173 Lesios Diczko, Stanislawo Glowackio k\u016briniai, o taip pat Dariaus Zimnicko pasaulin\u0117 premjera ir festivalio \u017eiuri pirmininko t\u0117vo Jerzy Szurbako kompozicija.<\/p>\n\n\n\n<p>Gegu\u017e\u0117s 20 d., dien\u0105 prie\u0161 oficial\u0173 festivalio atidarym\u0105, Seinuose suorganizuotas papildomas \u201ePolifonijos\u201c koncertas, skirtas prie\u0161 penkerius metus mirusio \u017eymaus menininko prof. And\u017eejaus Strumilo\u00a0(lenk. Andrzej Strumi\u0142\u0142o) atminimui. Pa\u017eym\u0117tina, kad \u0161io dailininko, grafiko, fotografo, poeto, skulptoriaus, scenografo gyvenimo istorija glaud\u017eiai siejasi su Lietuva ir Lenkija.<\/p>\n\n\n\n<p>Polifonie\u010diai d\u017eiaugiasi, sulauk\u0119 itin didelio klausytoj\u0173 d\u0117mesio \u2013 ir Sein\u0173 bazilikoje, ir Balstog\u0117s filharmonijos sal\u0117je gausiai susirinkusi publika apdovanojo chor\u0105 audringomis ovacijomis. Tarptautinis festivalis \u201eHajn\u00f3wka\u201c laikomas vienu svarbiausi\u0173 sta\u010diatiki\u0173 muzikos pristatymo ir populiarinimo rengini\u0173 pasaulyje. Pasak organizatori\u0173 i\u0161 \u201eSta\u010diatiki\u0173 muzikos\u201c fondo (Fundacja \u201eMuzyka Cerkiewna\u201c), festivalis \u201eHajn\u00f3wka\u201c \u2013 taip pat ir seniausias tokio pob\u016bd\u017eio festivalis.<\/p>\n\n\n\n<p>I\u0161augus festivalio apim\u010diai, jau daugiau nei 20 met\u0173 jis vyksta Palenk\u0117s vaivadijos sostin\u0117je Balstog\u0117je. Ta\u010diau festivalio prad\u017eia \u2013 Hajnuvkoje. Tai liudija ir renginio pavadinime i\u0161lik\u0119s vietovardis.<\/p>\n\n\n\n<p>\u0160iemet festivalio \u201eHajn\u00f3wka\u201c konkursin\u0117je dalyje rungiasi 14 chor\u0173 i\u0161 Estijos, Nyderland\u0173, Kazachstano, Lietuvos, Moldovos, Lenkijos, Slovakijos, Ukrainos, o taip pat ir du chorai i\u0161 Baltarusijos, veikiantys emigracijoje Var\u0161uvoje ir Vilniuje. Ankstesniuose renginiuose jau yra dalyvav\u0119 daugiau kaip 950 kolektyv\u0173 i\u0161 44 \u0161ali\u0173.<\/p>\n\n\n\n<p class=\"has-text-align-center\"><br>Festivalio organizatori\u0173 nuotraukoje &#8211; &#8220;Polifonija&#8221;, diriguoja choro meno vadovas ir vyr. dirigentas Linas Balandis <br><strong>K\u012e \u201ePolifonija\u201c informacija<\/strong><\/p>\n\n\n\n<p class=\"has-text-align-center\">Festivalio organizatorius \u2013 Fundacja \u201eMuzyka Cerkiewna\u201c<br>Choro gastroles Lenkijoje finansuoja Lietuvos Respublikos kult\u016bros ministerija<\/p>\n","protected":false},"excerpt":{"rendered":"<p>Gegu\u017e\u0117s 21-25 d. Balstog\u0117je (Lenkija) vyksta tradicinis 44-asis sta\u010diatiki\u0173 muzikos festivalis \u201eHajn\u00f3wka\u201c. Tre\u010diadienio vakar\u0105 i\u0161kilmingame atidarymo koncerte garb\u0117s sve\u010dio teis\u0117mis dalyvavo \u0160iauli\u0173 valstybinis kamerinis choras \u201ePolifonija\u201c, pra\u0117jusiais metais peln\u0119s absoliu\u010diai&hellip; <\/p>\n","protected":false},"author":2,"featured_media":6547,"comment_status":"open","ping_status":"open","sticky":false,"template":"","format":"standard","meta":{"footnotes":""},"categories":[2],"tags":[],"_links":{"self":[{"href":"https:\/\/choras.lt\/index.php\/wp-json\/wp\/v2\/posts\/6544"}],"collection":[{"href":"https:\/\/choras.lt\/index.php\/wp-json\/wp\/v2\/posts"}],"about":[{"href":"https:\/\/choras.lt\/index.php\/wp-json\/wp\/v2\/types\/post"}],"author":[{"embeddable":true,"href":"https:\/\/choras.lt\/index.php\/wp-json\/wp\/v2\/users\/2"}],"replies":[{"embeddable":true,"href":"https:\/\/choras.lt\/index.php\/wp-json\/wp\/v2\/comments?post=6544"}],"version-history":[{"count":7,"href":"https:\/\/choras.lt\/index.php\/wp-json\/wp\/v2\/posts\/6544\/revisions"}],"predecessor-version":[{"id":6552,"href":"https:\/\/choras.lt\/index.php\/wp-json\/wp\/v2\/posts\/6544\/revisions\/6552"}],"wp:featuredmedia":[{"embeddable":true,"href":"https:\/\/choras.lt\/index.php\/wp-json\/wp\/v2\/media\/6547"}],"wp:attachment":[{"href":"https:\/\/choras.lt\/index.php\/wp-json\/wp\/v2\/media?parent=6544"}],"wp:term":[{"taxonomy":"category","embeddable":true,"href":"https:\/\/choras.lt\/index.php\/wp-json\/wp\/v2\/categories?post=6544"},{"taxonomy":"post_tag","embeddable":true,"href":"https:\/\/choras.lt\/index.php\/wp-json\/wp\/v2\/tags?post=6544"}],"curies":[{"name":"wp","href":"https:\/\/api.w.org\/{rel}","templated":true}]}}