{"id":6555,"date":"2025-05-26T15:27:26","date_gmt":"2025-05-26T15:27:26","guid":{"rendered":"https:\/\/choras.lt\/?p=6555"},"modified":"2025-05-26T15:27:28","modified_gmt":"2025-05-26T15:27:28","slug":"vilniuje-pristatomas-unikalus-mokslinis-tyrimas-apie-dainu-sventes-poveiki-emocinei-ir-fizinei-zmogaus-savijautai","status":"publish","type":"post","link":"https:\/\/choras.lt\/index.php\/2025\/05\/26\/vilniuje-pristatomas-unikalus-mokslinis-tyrimas-apie-dainu-sventes-poveiki-emocinei-ir-fizinei-zmogaus-savijautai\/","title":{"rendered":"Vilniuje pristatomas unikalus mokslinis tyrimas apie Dain\u0173 \u0161vent\u0117s poveik\u012f emocinei ir fizinei \u017emogaus savijautai"},"content":{"rendered":"\n<p>K\u0105 i\u0161gyvena \u017emogus, dainuodamas vienu balsu su t\u016bkstan\u010diais kit\u0173? Kaip bendras ritmas, kv\u0117pavimas ir emocija veikia m\u016bs\u0173 k\u016bn\u0105 bei mintis? 2024 m. \u0161imtmet\u012f min\u0117jusios Lietuvos dain\u0173 \u0161vent\u0117s metu atliktas mokslinis tyrimas aktualus ne tik kult\u016bros politikai, bet ir patir\u010di\u0173 ekonomikai, \u012fgaunan\u010diai vis daugiau reik\u0161m\u0117s \u0161iuolaikin\u0117je visuomen\u0117je. Tyr\u0117j\u0173 nuomone, tokios kolektyvin\u0117s patirtys gali tur\u0117ti ilgalaik\u012f \u2013 net ilgaam\u017ei\u0161kum\u0105 skatinant\u012f \u2013 poveik\u012f \u017emogaus psichinei ir fizinei sveikatai.<\/p>\n\n\n\n<p>Tyrimo \u201eDain\u0173 \u0161vent\u0117s poveikis kolektyviniam savivert\u0117s ir gerov\u0117s suvokimui\u201c rezultatai bus pristatyti \u0161. m. gegu\u017e\u0117s 28 d. 15 val. konferencijoje Vilniaus universiteto \u201eAula Parva\u201c sal\u0117je. Rengin\u012f atidarys Vilniaus universiteto Filosofijos fakulteto dekanas prof. Jonas Dagys ir Lietuvos nacionalinio kult\u016bros centro direktorius Saulius Liausa. Tyrimo eig\u0105, taikytus metodus ir pirmines i\u0161vadas pristatys mokslinink\u0117s i\u0161 keturi\u0173 \u0161ali\u0173: prof. dr. I. Viskontas (San Francisko universitetas, JAV) pasakos apie meno poveik\u012f tarpusavio ry\u0161iams, doc. dr. R. Dirvanskien\u0117 (Vilniaus universitetas, Lietuva) \u2013 apie tyrimo planavim\u0105 ir socialin\u012f kontekst\u0105, doc. dr. I. Konvalinka (Danijos technikos universitetas) nuotoliniu b\u016bdu ap\u017evelgs \u0161irdies ritmo sinchronijos duomenis, tyr\u0117ja N. Maimon (Tel Avivo universitetas) \u2013 EEG steb\u0117senos rezultatus.<\/p>\n\n\n\n<p>Po konferencijos vyks atvira diskusija su psichologijos, neuromoksl\u0173, sveikatos prie\u017ei\u016bros, muzikos ir kult\u016bros politikos sri\u010di\u0173 ekspertais. Bus kalbama, kaip \u0161ie rezultatai gal\u0117t\u0173 b\u016bti taikomi praktikoje \u2013 nuo sveikatos politikos formavimo iki kult\u016bros ir \u0161vietimo program\u0173 k\u016brimo.<\/p>\n\n\n\n<p>Kvie\u010diame dalyvauti \u2013 renginys vyks angl\u0173 kalba su sinchroniniu vertimu \u012f lietuvi\u0173 kalb\u0105 (b\u016btina i\u0161ankstin\u0117 registracija internetu: <a href=\"https:\/\/forms.office.com\/e\/hyz8a59Mue\">https:\/\/forms.office.com\/e\/hyz8a59Mue<\/a>).<\/p>\n\n\n\n<p>Tiesiogin\u0117 transliacija angl\u0173 kalba vyks Vilniaus universiteto Filosofijos fakulteto \u201eFacebook\u201c paskyroje, lietuvi\u0173 kalba \u2013 Lietuvos nacionalinio kult\u016bros centro \u201eFacebook\u201c paskyroje.<\/p>\n\n\n\n<p>Rengin\u012f organizuoja Vilniaus universitetas ir Lietuvos nacionalinis kult\u016bros centras. Finansuoja \u2013 BAFF (Baltic-American Freedom Fundation). Tai pirmas tokio masto ir pob\u016bd\u017eio darbas, kurio metu mokslininkai steb\u0117jo tiek dainuojan\u010diuosius, tiek \u017ei\u016brovus, naudodami psichologinius klausimynus, \u0161irdies ritmo matavimus bei smegen\u0173 veiklos steb\u0117sen\u0105. Siekta i\u0161siai\u0161kinti, kaip bendra muzikin\u0117 patirtis veikia emocin\u0119 b\u016bsen\u0105, tarpusavio ry\u0161ius ir bendr\u0105 savijaut\u0105.<\/p>\n","protected":false},"excerpt":{"rendered":"<p>K\u0105 i\u0161gyvena \u017emogus, dainuodamas vienu balsu su t\u016bkstan\u010diais kit\u0173? Kaip bendras ritmas, kv\u0117pavimas ir emocija veikia m\u016bs\u0173 k\u016bn\u0105 bei mintis? 2024 m. \u0161imtmet\u012f min\u0117jusios Lietuvos dain\u0173 \u0161vent\u0117s metu atliktas mokslinis&hellip; <\/p>\n","protected":false},"author":2,"featured_media":6557,"comment_status":"open","ping_status":"open","sticky":false,"template":"","format":"standard","meta":{"footnotes":""},"categories":[2],"tags":[],"_links":{"self":[{"href":"https:\/\/choras.lt\/index.php\/wp-json\/wp\/v2\/posts\/6555"}],"collection":[{"href":"https:\/\/choras.lt\/index.php\/wp-json\/wp\/v2\/posts"}],"about":[{"href":"https:\/\/choras.lt\/index.php\/wp-json\/wp\/v2\/types\/post"}],"author":[{"embeddable":true,"href":"https:\/\/choras.lt\/index.php\/wp-json\/wp\/v2\/users\/2"}],"replies":[{"embeddable":true,"href":"https:\/\/choras.lt\/index.php\/wp-json\/wp\/v2\/comments?post=6555"}],"version-history":[{"count":3,"href":"https:\/\/choras.lt\/index.php\/wp-json\/wp\/v2\/posts\/6555\/revisions"}],"predecessor-version":[{"id":6559,"href":"https:\/\/choras.lt\/index.php\/wp-json\/wp\/v2\/posts\/6555\/revisions\/6559"}],"wp:featuredmedia":[{"embeddable":true,"href":"https:\/\/choras.lt\/index.php\/wp-json\/wp\/v2\/media\/6557"}],"wp:attachment":[{"href":"https:\/\/choras.lt\/index.php\/wp-json\/wp\/v2\/media?parent=6555"}],"wp:term":[{"taxonomy":"category","embeddable":true,"href":"https:\/\/choras.lt\/index.php\/wp-json\/wp\/v2\/categories?post=6555"},{"taxonomy":"post_tag","embeddable":true,"href":"https:\/\/choras.lt\/index.php\/wp-json\/wp\/v2\/tags?post=6555"}],"curies":[{"name":"wp","href":"https:\/\/api.w.org\/{rel}","templated":true}]}}