{"id":6570,"date":"2025-05-29T19:20:55","date_gmt":"2025-05-29T19:20:55","guid":{"rendered":"https:\/\/choras.lt\/?p=6570"},"modified":"2025-06-02T13:57:47","modified_gmt":"2025-06-02T13:57:47","slug":"dainos-visos-lietuvos-teciams-azuoliuko-tevo-dienoskoncertas-sujungs-kelias-kartas-vilniaus-sirdyje","status":"publish","type":"post","link":"https:\/\/choras.lt\/index.php\/2025\/05\/29\/dainos-visos-lietuvos-teciams-azuoliuko-tevo-dienoskoncertas-sujungs-kelias-kartas-vilniaus-sirdyje\/","title":{"rendered":"\u201e\u0104\u017euoliuko\u201c T\u0117vo dienos koncertas sujung\u0117 kelias kartas Vilniaus \u0161irdyje"},"content":{"rendered":"\n<p>Bir\u017eelio 1 d. Vilniaus rotu\u0161\u0117s aik\u0161t\u0117je nuskamb\u0117jo jau tradicija tap\u0119s berniuk\u0173 ir jaunuoli\u0173 choro \u201e\u0104\u017euoliukas\u201c T\u0117vo dienos koncertas \u2013 i\u0161skirtin\u0117 \u0161vent\u0117, kasmet suburianti vis\u0105 choro bendruomen\u0119: nuo ma\u017eiausi\u0173 pirmok\u0173 iki vyriausi\u0173 \u201e\u0104\u017euol\u0173 klubo\u201c vyr\u0173. Tai \u2013 did\u017eiausias met\u0173 koncertas, skiriamas visos Lietuvos t\u0117\u010diams, o kartu \u2013 ir jautrus prisiminimas apie \u0161io kolektyvo \u012fk\u016br\u0117j\u0105 Herman\u0105 Perel\u0161tein\u0105.<\/p>\n\n\n\n<p>\u0160iemet \u201e\u0104\u017euoliuko\u201c scenoje suskamb\u0117jo muzika, jungianti skirtingas epochas ir kartas: nuo M. K. \u010ciurlionio harmonizuot\u0173 liaudies melodij\u0173 \u2013 ypa\u010d prasming\u0173 \u0161iemet, kai minime kompozitoriaus 150-met\u012f \u2013 iki \u0161iuolaikin\u0117s muzikos autori\u0173 Zitos Bru\u017eait\u0117s, Egl\u0117s Sirvydyt\u0117s, Vaclovo Augustino ar Dariaus Polikai\u010dio k\u016brini\u0173. Programoje \u2013 dainos pagal Maironio, Justino Marcinkevi\u010diaus, Sigito Gedos tekstus, viena i\u0161 j\u0173 \u2013 Benjamino Gorbulskio \u201eAnt kiekvieno kalnelio\u201c \u2013 tapusi kone neoficialiu \u0161ios \u0161vent\u0117s himnu. <\/p>\n\n\n\n<p>\u201eT\u0117vo diena mums \u2013 tai ne tik \u0161eimos \u0161vent\u0117, bet ir proga susitikti kelioms m\u016bs\u0173 choro kartoms. Tai laikas, kai muzika tampa jungtimi tarp praeities, dabarties ir ateities\u201c, \u2013 sako \u201e\u0104\u017euoliukas\u201c meno vadovas Vytautas Mi\u0161kinis,&nbsp;\u0161iemet tap\u0119s Vilniaus miesto garb\u0117s pilie\u010diu.<\/p>\n\n\n\n<p>Po koncerto bendruomen\u0117 susib\u016br\u0117 Arsenalo gatv\u0117je, kur buvo pagerbti du Lietuvos chorin\u0117s kult\u016bros simboliai \u2013 \u201e\u0104\u017euoliuko\u201c \u012fk\u016br\u0117jas Hermanas Perel\u0161teinas ir dabartinis meno vadovas Vytautas Mi\u0161kinis, kuriems buvo pasodinti Lietuvos nacionalinio muziejaus kieme augantys \u0105\u017euolai.<\/p>\n\n\n\n<p><\/p>\n\n\n\n<p class=\"has-text-align-center\"><strong>R\u016btos Verseckait\u0117s nuotr.<\/strong><\/p>\n","protected":false},"excerpt":{"rendered":"<p>Bir\u017eelio 1 d. Vilniaus rotu\u0161\u0117s aik\u0161t\u0117je nuskamb\u0117jo jau tradicija tap\u0119s berniuk\u0173 ir jaunuoli\u0173 choro \u201e\u0104\u017euoliukas\u201c T\u0117vo dienos koncertas \u2013 i\u0161skirtin\u0117 \u0161vent\u0117, kasmet suburianti vis\u0105 choro bendruomen\u0119: nuo ma\u017eiausi\u0173 pirmok\u0173 iki&hellip; <\/p>\n","protected":false},"author":2,"featured_media":6573,"comment_status":"open","ping_status":"open","sticky":false,"template":"","format":"standard","meta":{"footnotes":""},"categories":[3],"tags":[],"_links":{"self":[{"href":"https:\/\/choras.lt\/index.php\/wp-json\/wp\/v2\/posts\/6570"}],"collection":[{"href":"https:\/\/choras.lt\/index.php\/wp-json\/wp\/v2\/posts"}],"about":[{"href":"https:\/\/choras.lt\/index.php\/wp-json\/wp\/v2\/types\/post"}],"author":[{"embeddable":true,"href":"https:\/\/choras.lt\/index.php\/wp-json\/wp\/v2\/users\/2"}],"replies":[{"embeddable":true,"href":"https:\/\/choras.lt\/index.php\/wp-json\/wp\/v2\/comments?post=6570"}],"version-history":[{"count":6,"href":"https:\/\/choras.lt\/index.php\/wp-json\/wp\/v2\/posts\/6570\/revisions"}],"predecessor-version":[{"id":6605,"href":"https:\/\/choras.lt\/index.php\/wp-json\/wp\/v2\/posts\/6570\/revisions\/6605"}],"wp:featuredmedia":[{"embeddable":true,"href":"https:\/\/choras.lt\/index.php\/wp-json\/wp\/v2\/media\/6573"}],"wp:attachment":[{"href":"https:\/\/choras.lt\/index.php\/wp-json\/wp\/v2\/media?parent=6570"}],"wp:term":[{"taxonomy":"category","embeddable":true,"href":"https:\/\/choras.lt\/index.php\/wp-json\/wp\/v2\/categories?post=6570"},{"taxonomy":"post_tag","embeddable":true,"href":"https:\/\/choras.lt\/index.php\/wp-json\/wp\/v2\/tags?post=6570"}],"curies":[{"name":"wp","href":"https:\/\/api.w.org\/{rel}","templated":true}]}}