{"id":6580,"date":"2025-05-30T11:22:48","date_gmt":"2025-05-30T11:22:48","guid":{"rendered":"https:\/\/choras.lt\/?p=6580"},"modified":"2025-06-04T20:36:02","modified_gmt":"2025-06-04T20:36:02","slug":"rezisieriaus-g-seduikio-aida-iscena-grizta-su-nauja-energija","status":"publish","type":"post","link":"https:\/\/choras.lt\/index.php\/2025\/05\/30\/rezisieriaus-g-seduikio-aida-iscena-grizta-su-nauja-energija\/","title":{"rendered":"Re\u017eisieriaus G. \u0160eduikio \u201eAida\u201c \u012f scen\u0105 gr\u012f\u017eta su nauja energija"},"content":{"rendered":"\n<p>Ar sp\u0117jote jos pasiilgti? Gedimino \u0160eduikio re\u017eisuota didingoji Giuseppe\u2018s Verdi opera \u201eAida\u201c bir\u017eelio 4\u20138 dienomis \u012f LNOBT scen\u0105 sugr\u012f\u017eta prab\u0117gus pusantr\u0173 met\u0173 nuo 2023-i\u0173j\u0173 lapkrit\u012f \u012fvykusios premjeros. Sugr\u012f\u017eta su nauja j\u0117ga ir dar negird\u0117tais \u0161iame pastatyme operos solistais.<\/p>\n\n\n\n<p>\u201eG. Verdi \u201eAida\u201c \u2013 tai dram\u0105 apie meil\u0119, pareig\u0105 ir pasiaukojim\u0105. Patirdami vidines \u0161i\u0173 jausm\u0173 prie\u0161taras, operos persona\u017eai ie\u0161ko savojo kelio. Prasminiai gyvenimo elementai \u2013 daugelio G. Verdi oper\u0173 draminis pagrindas, tai yra dominuojanti jo k\u016brybos tema, ta\u010diau \u201eAidoje\u201c dramos turinys pl\u0117tojamas tvyrant karo atmosferai\u201c, \u2013 pabr\u0117\u017e\u0117 re\u017eisierius G. \u0160eduikis.<\/p>\n\n\n\n<p>\u201eAidos\u201c spektakliuose v\u0117l i\u0161girsime m\u016bs\u0173 operos \u017evaig\u017edyn\u0105, kurio lietuviams pristatin\u0117ti nebereikia: tai Viktorija Mi\u0161k\u016bnait\u0117, Kostas Smoriginas, Tadas Girininkas, Liudas Mikalauskas, Ar\u016bnas Malik\u0117nas.  <\/p>\n\n\n\n<p>Nedidelius Vyriausiosios \u017eyn\u0117s ir Faraono vaidmenis \u0161io bir\u017eelio spektakliams pareng\u0117 jauni operos solistai Kamil\u0117 Bont\u00e9 ir Raimundas Juzuitis, neseniai puikiai pasirod\u0119 Wolfgango A. Mozarto \u201eDon \u017duano\u201c premjeroje.<\/p>\n\n\n\n<p class=\"has-text-align-center\"><strong>Scenoje \u2013 du ukrainie\u010di\u0173 solistai<\/strong><\/p>\n\n\n\n<p>Abi Aidos vaidmens atlik\u0117jos jau dainavo \u201eAidos\u201c premjeroje: tai Lietuvos operos primadona V. Mi\u0161k\u016bnait\u0117 ir Ukrainos nacionalin\u0117s operos solist\u0117 Kseniya Bakhritdinova-Kravchuk, \u0161iuo metu gyvenanti Vilniuje, ta\u010diau nuolat sugr\u012f\u017etanti dainuoti \u012f karo s\u0105lygomis tebedirbant\u012f operos teatr\u0105 Kyjive: ten atlieka \u010cio \u010cio san vaidmen\u012f Giacomo Puccini operoje \u201eMadam Baterflai\u201c, Mikael\u0105 Georges Bizet operoje \u201eKarmen\u201c ir kt. Lvivo konservatorij\u0105 2013 m. baigusi K. Bakhritdinova-Kravchuk operos solist\u0117s karjer\u0105 prad\u0117jo Charkivo operos ir baleto teatro trup\u0117je. Po trij\u0173 s\u0117kmingai Charkive susiklos\u010diusi\u0173 sezon\u0173 daininink\u0117 buvo pakviesta \u012f Ukrainos nacionalin\u0117s operos scen\u0105 ir tapo jos trup\u0117s nare, suk\u016brusia ne vien\u0105 \u012fsimintin\u0105 pagrindin\u012f soprano vaidmen\u012f.<\/p>\n\n\n\n<p>2022 m., prasid\u0117jus karui, K. Bakhritdinova atvyko \u012f Lietuv\u0105, nes tur\u0117jo \u010dia gimini\u0173: jos senel\u0117 kilusi i\u0161 Daug\u0173 totori\u0173. LNOBT pasi\u016bl\u0117 ukrainietei keli\u0173 m\u0117nesi\u0173 darbo sutart\u012f, suteikusi\u0105 galimyb\u0119 repetuoti ir prat\u0119sti profesionali\u0105 muzikin\u0119 veikl\u0105. Aidos partija buvo pirmoji, leidusi Vilniaus \u017ei\u016brovams pa\u017einti K. Bakhritdinovos-Kravchuk talent\u0105. Pirmoji, ta\u010diau ne paskutin\u0117: \u0161i\u0173 met\u0173 prad\u017eioje i\u0161girdome ukrainie\u010di\u0173 sopran\u0105 kaip Don\u0105 An\u0105 \u201eDon \u017duano\u201c premjeroje.<\/p>\n\n\n\n<p>Aidos mylimojo Radameso partij\u0105 LNOBT pirm\u0105 kart\u0105 dainuos Ukrainos mieste Ternopilyje gim\u0119s, ta\u010diau nuo 2007 m. Italijoje gyvenantis tenoras Vasylis Solodkyy. Muzikos mokslus dar vaikyst\u0117je prad\u0117j\u0119s kaip pianistas, operinio dainavimo b\u016bdamas a\u0161tuoniolikos jis \u0117m\u0117 mokytis \u0160ventosios Cecilijos mokykloje Riminyje. 2017 m. prad\u0117jo tobulintis pas \u017eymi\u0105 ital\u0173 daininink\u0119 ir pedagog\u0119 Valeri\u0105 Esposito. Po 2018 m. atrankos \u012f \u201eAccademia Verdiana\u201c su stipendija buvo priimtas \u012f G. Verdi repertuaro technikos ir stiliaus kurs\u0105, dalyvavo Verdi festivalio pastatymuose. 2023 m. ukrainietis pateko \u012f BBC Cardiff Singer of the World tarptautinio konkurso final\u0105.<\/p>\n\n\n\n<p>\u012evairiuose Europos teatruose jaunojo tenoro atliekam\u0173 pagrindini\u0173 vaidmen\u0173 s\u0105ra\u0161as kasmet ilg\u0117ja: V. Solodkyy jau dainavo Alfred\u0105 G. Verdi \u201eTraviatoje\u201c, Izmael\u012f \u201eNabuke\u201c ir Kasij\u0173 \u201eOtele\u201c, Edgar\u0105 G. Puccini operoje \u201eEdgaras\u201c, Idomen\u0117j\u0105 W. A. Mozarto operoje \u201eIdomen\u0117jas\u201c, Nemorin\u0105 Gaetano Donizetti \u201eMeil\u0117s eliksyre\u201c. Vilnie\u010diai taps pirmaisiais \u017ei\u016brovais, i\u0161girsian\u010diais jo Radames\u0105 \u201eAidoje\u201c, o v\u0117liau \u0161i\u0105 vasar\u0105 solisto laukia ir De Grij\u0117 partijos debiutas G. Puccini operoje \u201eManon Lesko\u201c Imlingo festivalyje Vokietijoje.<\/p>\n\n\n\n<p>LNOBT \u201eAidos\u201c premjeroje 2023 m. Radames\u0105 dainav\u0119s tenoras Gastonas Rivero \u0161i\u0105 partij\u0105 \u012fvairiuose pasaulio teatruose yra atlik\u0119s jau daugiau kaip 300 kart\u0173 \u2013 jo balsas skamb\u0117jo Briuselio \u201eLa Monnaie\u201c, \u201eArena di Verona\u201c, Pary\u017eiaus nacionalin\u0117je operoje, Maskato karali\u0161kajame teatre Omane ir kt. Gim\u0119s Urugvajaus sostin\u0117je Montevid\u0117juje, solistas baig\u0117 Nacionalin\u0119 muzikos konservatorij\u0105 Buenos Air\u0117se, Argentinoje. V\u0117liau persik\u0117l\u0117 \u012f Niujork\u0105, kur studijavo Juilliardo ir Manheteno muzikos mokyklose, Vest\u010desterio konservatorijoje ir garsios daininink\u0117s Renatos Scotto operos akademijoje. 2002 m. solistas debiutavo G. Puccini \u201eBohemos\u201c pastatyme Brodv\u0117juje, tais pa\u010diais metais sureng\u0117 savo solin\u012f koncert\u0105 presti\u017ein\u0117je \u201eCarnegie Hall\u201c sal\u0117je. Europoje debiutavo 2005-aisiais, atlik\u0119s Pinkertono partij\u0105 G. Puccini \u201eMadam Baterflai\u201c pastatyme Niurnbergo valstybiniame teatre. Nuo to laiko \u2013 taigi, jau du de\u0161imtme\u010dius \u2013 tenoras yra laukiamas sve\u010dias \u012fvairiuose Europos teatruose. Pra\u0117jus\u012f ruden\u012f G. Rivero gird\u0117jome Vilniuje atliekant\u012f Kalafo vaidmen\u012f G. Puccini operoje \u201eTurandot\u201c, o debiutavo jis LNOBT scenoje dar 2018 m. pagrindiniu vaidmeniu G. Verdi operoje \u201eDon Karlas\u201c.<\/p>\n\n\n\n<p class=\"has-text-align-center\"><strong>Naujosios Amneris \u2013 i\u0161 Kroatijos ir \u010cekijos<\/strong><\/p>\n\n\n\n<p>Vilnie\u010diai jau sp\u0117jo \u012fsiminti ir kroat\u0173 mecosopran\u0105 Jelen\u0105 Kordi\u0107, kuri 2022 m. LNOBT scenoje s\u0117kmingai debiutavo Oktaviano vaidmeniu Richardo Strausso \u201eRo\u017e\u0117s kavalieriaus\u201c premjeriniuose spektakliuose. Pernai solist\u0119 gird\u0117jome atliekant Niklauso vaidmen\u012f Jacques\u2018o Offenbacho operos \u201eHofmano istorijos\u201c premjeroje, o dabar pirm\u0105 kart\u0105 i\u0161vysime j\u0105 scenoje be vyri\u0161ko kostiumo \u2013 kroat\u0117 atliks ker\u0161tingosios faraono dukters Amneris vaidmen\u012f \u201eAidoje\u201c.<\/p>\n\n\n\n<p>J. Kordi\u0107 studijavo Zagrebo universiteto Muzikos akademijoje, sta\u017eavosi \u201eSemperoper\u201c teatre Drezdene. Pirmosios operos trup\u0117s, prie kuri\u0173 prisijung\u0117, taipogi buvo Vokietijoje: nuo 2017 m. vien\u0105 sezon\u0105 dirbo Braun\u0161veigo valstybiniame teatre, v\u0117liau tapo Manheimo nacionalinio teatro soliste, jo scenoje suk\u016br\u0117 \u012fsp\u016bding\u0173 vaidmen\u0173. Daug\u0117jant pasi\u016blym\u0173 srautui i\u0161 kit\u0173 teatr\u0173, J. Kordi\u0107 ry\u017eosi atsisakyti darbo trup\u0117je ir tapo laisvai samdoma operos soliste, tad savo karjer\u0105 nuo \u0161iol planuoja pati.<\/p>\n\n\n\n<p>Antr\u0105j\u0105 Amneris \u2013 \u010dek\u0119 Ester Pavlu LNOBT scenoje gird\u0117sime pirm\u0105 kart\u0105. Baigusi Prahos scenos men\u0173 akademij\u0105, solist\u0117 tobulino dainavimo \u012fg\u016bd\u017eius garsi\u0173 daininink\u0173 Aprile Millo, Peterio Dvorsk\u00fd ir Jos\u00e9 Cura\u2018os meistri\u0161kumo kursuose. Ypatingai svarbi pa\u017eintis buvo su J. Cura, kuris jaun\u0105j\u0105 atlik\u0117j\u0105 pakviet\u0117 kartu pasirodyti savo koncerte Prahoje. Tai pad\u0117jo jai pla\u010diau atverti Prahos nacionalinio teatro, netrukus tapusio solist\u0117s profesiniais namais, duris. E. Pavlu yra laim\u0117jusi Anton\u00edno Dvo\u0159\u00e1ko daininink\u0173 konkurs\u0105 ir Vincenzo Bellini bel canto atlik\u0117j\u0173 konkurs\u0105. Ji pasirod\u0117 koncertin\u0117se programose su visais svarbiausiais \u010cekijos ir Slovakijos orkestrais, dainavo koncertuose Italijoje, Anglijoje, JAV ir kitose pasaulio \u0161alyse. \u0160alia \u012ftempto darbo Prahos nacionalin\u0117je operoje, suk\u016br\u0117 nema\u017eai vaidmen\u0173 Slovakijos, Bulgarijos, Austrijos, \u0160veicarijos ir Latvijos teatr\u0173 scenose.<\/p>\n\n\n\n<p>Visuose penkiuose bir\u017eelio \u201eAidos\u201c spektakliuose LNOBT simfoniniam orkestrui vadovaus teatro vyriausiasis dirigentas Ri\u010dardas \u0160umila. LNOBT choro meno vadovas \u2013 \u010ceslovas Rad\u017ei\u016bnas. Martyno Rimeikio sukurt\u0105 choreografin\u0119 kompozicij\u0105 atliks LNOBT baleto trup\u0117s artistai.<\/p>\n\n\n\n<p>U\u017e kostiumus, sukurtus \u201eAidos\u201c pastatymui, dailinink\u0117 Sandra Straukait\u0117 2024 m. buvo apdovanota \u201eAuksiniu scenos kry\u017eiumi\u201c, o scenograf\u0117 Sigita \u0160imk\u016bnait\u0117 nominuota tokiam pa\u010diam apdovanojimui. \u201eAuksinio scenos kry\u017eiaus\u201c laureatu u\u017e Amonasro partij\u0105 \u201eAidoje\u201c tapo ir operos solistas K. Smoriginas.<\/p>\n\n\n\n<p class=\"has-text-align-center\"><strong>Martyno Aleksos nuotr.<\/strong><\/p>\n","protected":false},"excerpt":{"rendered":"<p>Ar sp\u0117jote jos pasiilgti? Gedimino \u0160eduikio re\u017eisuota didingoji Giuseppe\u2018s Verdi opera \u201eAida\u201c bir\u017eelio 4\u20138 dienomis \u012f LNOBT scen\u0105 sugr\u012f\u017eta prab\u0117gus pusantr\u0173 met\u0173 nuo 2023-i\u0173j\u0173 lapkrit\u012f \u012fvykusios premjeros. Sugr\u012f\u017eta su nauja&hellip; <\/p>\n","protected":false},"author":2,"featured_media":6582,"comment_status":"open","ping_status":"open","sticky":false,"template":"","format":"standard","meta":{"footnotes":""},"categories":[5],"tags":[],"_links":{"self":[{"href":"https:\/\/choras.lt\/index.php\/wp-json\/wp\/v2\/posts\/6580"}],"collection":[{"href":"https:\/\/choras.lt\/index.php\/wp-json\/wp\/v2\/posts"}],"about":[{"href":"https:\/\/choras.lt\/index.php\/wp-json\/wp\/v2\/types\/post"}],"author":[{"embeddable":true,"href":"https:\/\/choras.lt\/index.php\/wp-json\/wp\/v2\/users\/2"}],"replies":[{"embeddable":true,"href":"https:\/\/choras.lt\/index.php\/wp-json\/wp\/v2\/comments?post=6580"}],"version-history":[{"count":8,"href":"https:\/\/choras.lt\/index.php\/wp-json\/wp\/v2\/posts\/6580\/revisions"}],"predecessor-version":[{"id":6622,"href":"https:\/\/choras.lt\/index.php\/wp-json\/wp\/v2\/posts\/6580\/revisions\/6622"}],"wp:featuredmedia":[{"embeddable":true,"href":"https:\/\/choras.lt\/index.php\/wp-json\/wp\/v2\/media\/6582"}],"wp:attachment":[{"href":"https:\/\/choras.lt\/index.php\/wp-json\/wp\/v2\/media?parent=6580"}],"wp:term":[{"taxonomy":"category","embeddable":true,"href":"https:\/\/choras.lt\/index.php\/wp-json\/wp\/v2\/categories?post=6580"},{"taxonomy":"post_tag","embeddable":true,"href":"https:\/\/choras.lt\/index.php\/wp-json\/wp\/v2\/tags?post=6580"}],"curies":[{"name":"wp","href":"https:\/\/api.w.org\/{rel}","templated":true}]}}