{"id":6723,"date":"2025-07-01T13:06:32","date_gmt":"2025-07-01T13:06:32","guid":{"rendered":"https:\/\/choras.lt\/?p=6723"},"modified":"2025-07-01T13:06:49","modified_gmt":"2025-07-01T13:06:49","slug":"dvieju-saliu-muzikinis-dialogas-polifonijos-gastroles-lenkijoje","status":"publish","type":"post","link":"https:\/\/choras.lt\/index.php\/2025\/07\/01\/dvieju-saliu-muzikinis-dialogas-polifonijos-gastroles-lenkijoje\/","title":{"rendered":"Dviej\u0173 \u0161ali\u0173 muzikinis dialogas: \u201ePolifonijos\u201c gastrol\u0117s Lenkijoje"},"content":{"rendered":"\n<p class=\"has-text-align-left\">Besibaigiant pirmajam vasaros m\u0117nesiui \u0160iauli\u0173 valstybinis kamerinis choras \u201ePolifonija\u201c buvo i\u0161vyk\u0119s gastroli\u0173 \u012f Lenkij\u0105 ir kaimynin\u0117s \u0161alies publikai dovanojo dvi skirtingas muzikines programas.<\/p>\n\n\n\n<p class=\"has-text-align-left\">\u0160iaulie\u010di\u0173 chorui buvo suteikta garb\u0117 dalyvauti 22-ojo kunigaik\u0161tien\u0117s Deiz\u0117s festivalio (Festiwal Ksi\u0119\u017cnej Daisy) atidarymo koncerte \u201eMysterium musicum\u201c, vykusiame bir\u017eelio 26 d. Sudet\u0173 filharmonijoje Valb\u017eyche. \u201ePolifonijos\u201c s\u0117kming\u0105 pasirodym\u0105 liudijo audringos publikos ovacijos ir palank\u016bs atsiliepimai internete. Viename j\u0173 teigiama: \u201eVakaryk\u0161tis atidarymo koncertas buvo tiesiog magi\u0161kas! Sudet\u0173 filharmonijos publika i\u0161gyveno nepamir\u0161tamas akimirkas, Sveno-Davido Sandstr\u00f6mo \u201eMissa Brevis\u201c pirm\u0105 kart\u0105 skambant Valb\u017eyche ir antr\u0105 kart\u0105 \u2013 Lenkijoje! Tai buvo daugiau nei koncertas \u2013 tai buvo susitikimas su muzika, kuri i\u0161judina, provokuoja, \u012fkvepia ir perkelia \u012f kit\u0105 realyb\u0119. Choras \u201ePolifonija\u201c i\u0161 Lietuvos, mecosopranas Anna Bernacka ir Sudet\u0173 filharmonijos stygini\u0173 orkestras, diriguojant Agnieszkai Frank\u00f3w-\u017belazny, suk\u016br\u0117 ka\u017ek\u0105 tikrai ypatingo\u201c.<\/p>\n\n\n\n<p class=\"has-text-align-left\">Bir\u017eelio 27 d. barokin\u0117je Vroclavo universiteto sal\u0117je Aula Leopoldina  \u012fvyko koncertas \u201eHommage \u00e0 \u010ciurlionis\u201c, skirtas Mikalojaus Konstantino \u010ciurlionio metams (nuotr.). Choras \u201ePolifonija\u201c atliko ry\u0161kiausio vis\u0173 laik\u0173 Lietuvos dailininko, muziko ir tapytojo aran\u017euotas lietuvi\u0173 liaudies dainas bei jam skirtas \u0161iuolaikini\u0173 m\u016bs\u0173 \u0161alies kompozitori\u0173 muzikines dedikacijas. D\u017eiugino did\u017eiulis lenk\u0173 publikos susidom\u0117jimas \u0161ia programa \u2013 susirinko pilnut\u0117l\u0117 sal\u0117 klausytoj\u0173. Malonu buvo gauti Lietuvos kult\u016bros ata\u0161\u0117\u00a0Lenkijoje Anos Ko\u010degarovos-Maj pad\u0117k\u0105 chorui: \u201eSuk\u016br\u0117te nuostabi\u0105 patirt\u012f, kuri\u0105 \u012fsiminsim ilgam. Auloje lieka lietuvi\u0161k\u0173 dain\u0173 aidas. Vis\u0105 savaitgal\u012f plauk\u0117 atgarsiai i\u0161 Vroclavo apie j\u016bs\u0173 choro auk\u0161t\u0105 profesin\u012f lyg\u012f\u201c.<\/p>\n\n\n\n<p class=\"has-text-align-left\">Gastroli\u0173 pagrindinis r\u0117m\u0117jas \u2013 Lietuvos Respublikos kult\u016bros ministerija. Koncert\u0173 organizatoriai ir partneriai: Sudet\u0173 filharmonija Valb\u017eyche, Vroclavo universitetas, Lietuvos kult\u016bros institutas, Lietuvos Respublikos diplomatin\u0117 atstovyb\u0117 Lenkijos Respublikoje.<\/p>\n\n\n\n<p class=\"has-text-align-center\"><br><br><strong>K\u012e \u201ePolifonija\u201c informacija<\/strong><\/p>\n\n\n\n<p class=\"has-text-align-center\">Organizatori\u0173 nuotrauka<\/p>\n","protected":false},"excerpt":{"rendered":"<p>Besibaigiant pirmajam vasaros m\u0117nesiui \u0160iauli\u0173 valstybinis kamerinis choras \u201ePolifonija\u201c buvo i\u0161vyk\u0119s gastroli\u0173 \u012f Lenkij\u0105 ir kaimynin\u0117s \u0161alies publikai dovanojo dvi skirtingas muzikines programas. \u0160iaulie\u010di\u0173 chorui buvo suteikta garb\u0117 dalyvauti 22-ojo&hellip; <\/p>\n","protected":false},"author":2,"featured_media":6725,"comment_status":"open","ping_status":"open","sticky":false,"template":"","format":"standard","meta":{"footnotes":""},"categories":[3],"tags":[],"_links":{"self":[{"href":"https:\/\/choras.lt\/index.php\/wp-json\/wp\/v2\/posts\/6723"}],"collection":[{"href":"https:\/\/choras.lt\/index.php\/wp-json\/wp\/v2\/posts"}],"about":[{"href":"https:\/\/choras.lt\/index.php\/wp-json\/wp\/v2\/types\/post"}],"author":[{"embeddable":true,"href":"https:\/\/choras.lt\/index.php\/wp-json\/wp\/v2\/users\/2"}],"replies":[{"embeddable":true,"href":"https:\/\/choras.lt\/index.php\/wp-json\/wp\/v2\/comments?post=6723"}],"version-history":[{"count":2,"href":"https:\/\/choras.lt\/index.php\/wp-json\/wp\/v2\/posts\/6723\/revisions"}],"predecessor-version":[{"id":6726,"href":"https:\/\/choras.lt\/index.php\/wp-json\/wp\/v2\/posts\/6723\/revisions\/6726"}],"wp:featuredmedia":[{"embeddable":true,"href":"https:\/\/choras.lt\/index.php\/wp-json\/wp\/v2\/media\/6725"}],"wp:attachment":[{"href":"https:\/\/choras.lt\/index.php\/wp-json\/wp\/v2\/media?parent=6723"}],"wp:term":[{"taxonomy":"category","embeddable":true,"href":"https:\/\/choras.lt\/index.php\/wp-json\/wp\/v2\/categories?post=6723"},{"taxonomy":"post_tag","embeddable":true,"href":"https:\/\/choras.lt\/index.php\/wp-json\/wp\/v2\/tags?post=6723"}],"curies":[{"name":"wp","href":"https:\/\/api.w.org\/{rel}","templated":true}]}}