{"id":6746,"date":"2025-07-03T09:57:33","date_gmt":"2025-07-03T09:57:33","guid":{"rendered":"https:\/\/choras.lt\/?p=6746"},"modified":"2025-07-03T09:57:54","modified_gmt":"2025-07-03T09:57:54","slug":"jauna-muzika-lietuvos-atstovas-prestiziniame-europos-chorines-muzikos-simpoziume","status":"publish","type":"post","link":"https:\/\/choras.lt\/index.php\/2025\/07\/03\/jauna-muzika-lietuvos-atstovas-prestiziniame-europos-chorines-muzikos-simpoziume\/","title":{"rendered":"\u201eJauna muzika\u201c \u2013 Lietuvos atstovas presti\u017einiame Europos chorin\u0117s muzikos simpoziume"},"content":{"rendered":"\n<p>Vilniaus miesto savivaldyb\u0117s choras \u201eJauna muzika\u201c \u2013 vienintelis Lietuvos kolektyvas, pakviestas dalyvauti viename svarbiausi\u0173 Europos chorin\u0117s muzikos rengini\u0173 \u2013 tarptautiniame simpoziume \u201eLeading Voices\u201c. \u0160imtus chorin\u0117s kult\u016bros profesional\u0173 \u2013 dirigent\u0173, kompozitori\u0173, muzikos pedagog\u0173, vadybinink\u0173 ir atlik\u0117j\u0173 i\u0161 visos Europos ir kit\u0173 pasaulio \u0161ali\u0173 suburiantis renginys vyks 2025 m. liepos 6\u201310 d. Taline, Estijoje.<\/p>\n\n\n\n<p>\u201eKvietimas dalyvauti tarptautiniame simpoziume yra ne tik choro \u201eJauna muzika\u201c \u012fvertinimas, bet ir reik\u0161mingas visos Lietuvos chorin\u0117s kult\u016bros pripa\u017einimas\u201c, \u2013 sako choro meno vadovas Vaclovas Augustinas.<\/p>\n\n\n\n<p class=\"has-text-align-center\"><strong>Programoje \u2013 jaun\u0173j\u0173 kompozitori\u0173 k\u016briniai ir tarptautinis bendradarbiavimas<\/strong><\/p>\n\n\n\n<p>Liepos 8 d. choras pristatys koncertin\u0119 program\u0105 su jaun\u0173j\u0173 lietuvi\u0173 kompozitori\u0173 A. Ma\u0161onio, B. Juchnevi\u010d, I. Parnarauskait\u0117s, E. Aleknos ir M. Palkevi\u010di\u016bt\u0117s k\u016briniais. Visi jie \u2013 konkurso \u201eVox Juventutis\u201c, kur\u012f choras kartu su Lietuvos kompozitori\u0173 s\u0105junga rengia jau devynioliktus metus, laureatai.<\/p>\n\n\n\n<p>Liepos 9 d. \u201eJauna muzika\u201c pasirodys u\u017edarymo koncerte kartu su Estijos ir Suomijos chorais. Programoje skamb\u0117s kompozitoriaus ir dirigento Vaclovo Augustino opusai.<\/p>\n\n\n\n<p class=\"has-text-align-center\"><strong>K\u016brybin\u0117s dirbtuv\u0117s su \u0112riku E\u0161envaldu<\/strong><\/p>\n\n\n\n<p>\u201eJauna muzika\u201c nariai \u012fsitrauks ir \u012f k\u016brybines dirbtuves, kurias ves vienas \u017eymiausi\u0173 \u0161iuolaikini\u0173 latvi\u0173 kompozitori\u0173 \u0112rikas E\u0161envalds. \u201eDirbtuv\u0117se jaunieji kompozitoriai ra\u0161ys naujas partit\u016bras, kurias choras i\u0161 karto skaitys ir interpretuos. Tai labai gyvas ir k\u016brybingas procesas, padedantis jauniesiems k\u016br\u0117jams geriau pa\u017einti savo muzik\u0105 ir j\u0105 patobulinti\u201c, \u2013 pasakoja V. Augustinas.<\/p>\n\n\n\n<p class=\"has-text-align-center\"><strong>D\u0117mesys k\u016br\u0117jams<\/strong><\/p>\n\n\n\n<p>Vaclovas Augustinas \u2013 choro meno vadovas, kompozitorius, Lietuvos nacionalin\u0117s kult\u016bros ir meno premijos bei \u0160v. Kristoforo statul\u0117l\u0117s laureatas \u2013 simpoziume skaitys prane\u0161im\u0105 apie jaun\u0173j\u0173 k\u016br\u0117j\u0173 palaikym\u0105 ir skatinim\u0105 bei j\u0173 integracij\u0105 \u012f profesionali\u0105 muzikos scen\u0105.<\/p>\n\n\n\n<p>\u201eVienas svarbiausi\u0173 mano tiksl\u0173 \u2013 \u012fkv\u0117pti jaunus kompozitorius ir suteikti jiems galimyb\u0119 b\u016bti i\u0161girstiems, o dar svarbiau \u2013 patiems i\u0161girsti, kaip j\u0173 k\u016briniai skamba atliekami profesionalaus choro\u201c, \u2013 sako Maestro.<\/p>\n\n\n\n<p class=\"has-text-align-center\"><strong>Atstovaus Vilniui kaip 2025 m. Europos \u017ealiajai kult\u016bros sostinei<\/strong><\/p>\n\n\n\n<p>Dalyvaudamas renginyje Taline, kuris buvo Europos \u017eali\u0105ja sostine 2023 m., choras \u201eJauna muzika\u201c taip pat atstovaus Vilniui \u2013 2025 m. Europos \u017ealiajai kult\u016bros sostinei. Choras akcentuoja tvarumo id\u0117jas: visi k\u016briniai atliekami naudojant plan\u0161etinius kompiuterius (popierini\u0173 nat\u0173 choras atsisak\u0117 2023 m.), o \u012f rengin\u012f pasirinkta ma\u017eiau patogi, bet tikrai ma\u017eiau tar\u0161i kelion\u0117 \u2013 autobusu.<\/p>\n\n\n\n<p>\u201eVilniaus miesto savivaldyb\u0117s palaikymas vykstant \u012f \u0161\u012f rengin\u012f \u2013 investicija \u012f miesto kult\u016brin\u012f presti\u017e\u0105. Tai skatina menin\u0119 lyderyst\u0119 ir atveria duris tolimesniam tarptautiniam bendradarbiavimui\u201c, \u2013 teigia choro tarptautini\u0173 projekt\u0173 vadybinink\u0117 Asta Balnionyt\u0117-Grajevsk\u0117.<\/p>\n\n\n\n<p class=\"has-text-align-center\"><strong>Apie chor\u0105 \u201eJauna muzika\u201c<\/strong><\/p>\n\n\n\n<p>Vilniaus miesto savivaldyb\u0117s choras \u201eJauna muzika\u201c \u2013 vienas ry\u0161kiausi\u0173 ir paj\u0117giausi\u0173 vokalini\u0173 kolektyv\u0173 Lietuvoje. Choras \u012fkurtas 1989 m., o nuo 1992 m. yra vadovaujamas choro meno vadovo ir dirigento \u2013 kompozitoriaus Vaclovo Augustino. \u201eJauna muzika\u201c kasmet surengia per 30 koncert\u0173 savo \u0161alyje ir u\u017esienyje. Auk\u0161to profesinio meistri\u0161kumo d\u0117ka choras peln\u0117 plat\u0173 tarptautin\u012f pripa\u017einim\u0105, gastroliavo po Europ\u0105, Kinij\u0105, Izrael\u012f, Japonij\u0105. Choras nuolat dalyvauja tarptautiniuose festivaliuose, bendradarbiauja su grupe \u201eMerope\u201c, neoklasikos kompozitoriumi FUME, \u017eymiais batutos meistrais ir pasaulinio garso kolektyvais, inicijuoja \u012fvairius projektus, muzikos interpretavimo ir dirigavimo kursus, jaun\u0173j\u0173 kompozitori\u0173 k\u016brini\u0173 chorui konkurs\u0105 \u201eVox Juventutis\u201c.<\/p>\n\n\n\n<p>\u201eJauna muzika\u201c \u2013 aktyvus muzikinis kolektyvas, kurio misija yra profesionaliai atlikti ir pasi\u016blyti klausytojui be galo turting\u0105 ir verting\u0105 choro muzikos lobyn\u0105 bei reprezentuoti lietuvi\u0173 kompozitori\u0173 k\u016bryb\u0105 pasaulio scenose.<\/p>\n\n\n\n<p>Choro meno vadovas, dirigentas ir kompozitorius Vaclovas Augustinas \u2013 Lietuvos nacionalin\u0117s kult\u016bros ir meno premijos laureatas, peln\u0119s \u0161\u012f apdovanojim\u0105 u\u017e chorini\u0173 meno gali\u0173 pl\u0117tr\u0105 ir sakralin\u0117s muzikos \u0161iuolaiki\u0161kum\u0105. U\u017e nuopelnus muzikai 2025 m. Maestro \u012fteiktas Vilniaus \u0160v. Kristoforo apdovanojimas.<\/p>\n","protected":false},"excerpt":{"rendered":"<p>Vilniaus miesto savivaldyb\u0117s choras \u201eJauna muzika\u201c \u2013 vienintelis Lietuvos kolektyvas, pakviestas dalyvauti viename svarbiausi\u0173 Europos chorin\u0117s muzikos rengini\u0173 \u2013 tarptautiniame simpoziume \u201eLeading Voices\u201c. \u0160imtus chorin\u0117s kult\u016bros profesional\u0173 \u2013 dirigent\u0173, kompozitori\u0173,&hellip; <\/p>\n","protected":false},"author":2,"featured_media":4135,"comment_status":"open","ping_status":"open","sticky":false,"template":"","format":"standard","meta":{"footnotes":""},"categories":[3],"tags":[],"_links":{"self":[{"href":"https:\/\/choras.lt\/index.php\/wp-json\/wp\/v2\/posts\/6746"}],"collection":[{"href":"https:\/\/choras.lt\/index.php\/wp-json\/wp\/v2\/posts"}],"about":[{"href":"https:\/\/choras.lt\/index.php\/wp-json\/wp\/v2\/types\/post"}],"author":[{"embeddable":true,"href":"https:\/\/choras.lt\/index.php\/wp-json\/wp\/v2\/users\/2"}],"replies":[{"embeddable":true,"href":"https:\/\/choras.lt\/index.php\/wp-json\/wp\/v2\/comments?post=6746"}],"version-history":[{"count":1,"href":"https:\/\/choras.lt\/index.php\/wp-json\/wp\/v2\/posts\/6746\/revisions"}],"predecessor-version":[{"id":6747,"href":"https:\/\/choras.lt\/index.php\/wp-json\/wp\/v2\/posts\/6746\/revisions\/6747"}],"wp:featuredmedia":[{"embeddable":true,"href":"https:\/\/choras.lt\/index.php\/wp-json\/wp\/v2\/media\/4135"}],"wp:attachment":[{"href":"https:\/\/choras.lt\/index.php\/wp-json\/wp\/v2\/media?parent=6746"}],"wp:term":[{"taxonomy":"category","embeddable":true,"href":"https:\/\/choras.lt\/index.php\/wp-json\/wp\/v2\/categories?post=6746"},{"taxonomy":"post_tag","embeddable":true,"href":"https:\/\/choras.lt\/index.php\/wp-json\/wp\/v2\/tags?post=6746"}],"curies":[{"name":"wp","href":"https:\/\/api.w.org\/{rel}","templated":true}]}}