{"id":6761,"date":"2025-07-08T17:41:23","date_gmt":"2025-07-08T17:41:23","guid":{"rendered":"https:\/\/choras.lt\/?p=6761"},"modified":"2025-07-11T08:50:35","modified_gmt":"2025-07-11T08:50:35","slug":"apie-erasmus-kelione-i-ispanija-oviedo-miesta-ir-pazinti-su-vietos-chorine-kultura","status":"publish","type":"post","link":"https:\/\/choras.lt\/index.php\/2025\/07\/08\/apie-erasmus-kelione-i-ispanija-oviedo-miesta-ir-pazinti-su-vietos-chorine-kultura\/","title":{"rendered":"Apie \u201eErasmus+\u201c kelion\u0119 \u012f Ispanij\u0105, Oviedo miest\u0105 ir pa\u017eint\u012f su vietos chorine kult\u016bra"},"content":{"rendered":"\n<p>Kai Lietuvos chor\u0173 s\u0105jungos (LCHS) prezident\u0117 Rasa Gelgotien\u0117 kreip\u0117si \u012f LCHS taryb\u0105 ir prane\u0161\u0117 apie nauj\u0105 projekt\u0105 bei galimyb\u0119 Lietuvos chorved\u017eiams dalyvauti \u201eErasmus+\u201d programoje, pamaniau, kad tai labai pozityvus projektas. Nuvykti svetur, susipa\u017einti su \u012fvairi\u0173 \u0161ali\u0173 chorine kult\u016bra, j\u0173 chorais, pabendrauti su j\u0173 vadovais, steb\u0117ti j\u0173 repeticijas, susipa\u017einti su kit\u0173 \u0161ali\u0173 chorvedybinio darbo metodais, patirtimi, u\u017emegzti bendradarbiavimo ry\u0161ius &#8211; puiki iniciatyva, perspektyvus projektas. Daugeliui m\u016bs\u0173 chor\u0173 vadov\u0173 tai reali galimyb\u0117 tobul\u0117ti bei pl\u0117sti savo akirat\u012f. Juk per \u0161\u012f projekt\u0105 atsiveria \u201elangas\u201d \u012f daugelio pasaulio \u0161ali\u0173 chorvedybin\u012f lauk\u0105, apie kur\u012f gal\u0117jome tik pasvajoti. Anks\u010diau tam trukd\u0117 rimti stabd\u017eiai, nes LCHS \u0161iam tikslui tiesiog netur\u0117jo l\u0117\u0161\u0173, o ir finansavimo galimybi\u0173 tam nebuvo, tod\u0117l ir s\u0105lyg\u0173 tokiai tradicijai susiformuoti neatsirado. Taigi, buvome labai \u201eu\u017edari\u201d. Tai neigiamai veik\u0117 m\u016bs\u0173 chorved\u017ei\u0173 bendruomen\u0119, prie ko jau lyg ir buvome priprat\u0119. Da\u017enai u\u017esis\u0117d\u0117davome savo namuose, &#8220;vir\u0117me savo sultyse\u201d, kaip dirbama kitur da\u017eniausiai su\u017einodavome i\u0161 kit\u0173 pasakojim\u0173 ar atitinkamos literat\u016bros\u2026 \u0160is projektas, tikiu, i\u0161judins pad\u0117t\u012f \u0161ioje erdv\u0117je ar bent kiek suteiks nauj\u0173 vil\u010di\u0173, sukels nauj\u0173 v\u0117j\u0173. Ir tai jau bus realus \u017eingsnis ne tik chorved\u017ei\u0173 savi\u0161vietai, o ir realiam bendradarbiavimui su u\u017esienio kolegomis, atvers chorams naujas galimybes, ypa\u010d ma\u017eesniuose miesteliuose, taip vadinamojoje \u201eperiferijoje\u201d. O, ir kas yra ypatingai svarbu, \u2013 sukurs pozityvi\u0105 pretenzij\u0105, gal net tradicij\u0105 jau kitokiems, naujiems chor\u0173 bendradarbiavimo b\u016bdams su u\u017esienio chorais, i\u0161pl\u0117s savi\u0161vietos, u\u017esienio kalb\u0173 studijavimo poreik\u012f, pagyvins bei pa\u012fvairins chor\u0173 vadov\u0173 repeticij\u0173, darbo metodikos, repertuaro bei koncertin\u0117s veiklos reikalus. Pasakysiu dar daugiau, ir tai labai aktualu mums visiems, kad finansavimas ateina ne i\u0161 Lietuvos fond\u0173, kurie visada buvo labai kukl\u016bs, ypa\u010d chorinei kult\u016brai, o i\u0161 Europos S\u0105jungos \u201eErasmus+\u201d projekt\u0173 programos. Tai ir nauja m\u016bs\u0173 chorved\u017ei\u0173 praktikoje, ir labai prasminga, ir labai perspektyvu! Ypa\u010d m\u016bs\u0173 chor\u0173 vadov\u0173 bendruomenei, kuri visada yra nepritekliuje tiek finansine, tiek muzikine, o ir dvasine bei ne ma\u017eiau kukliame vald\u017eios bei visuomen\u0117s palaikymo prasme. Gal ir tod\u0117l mes esame kiek labiau irzl\u016bs ir link\u0119 daugiau aimanuoti, nepatikliai \u017ei\u016brime \u012f savo administracijas bei valdininkus, ar net \u012ftariai \u017evairuojame \u012f savo kolegas, kuriems labiau sekasi. Gal ir tod\u0117l nedr\u0105siai ar net abejingai \u017evelgiame \u012f naujoves, ar net su nepasitik\u0117jimu patys imam\u0117s iniciatyvos naujoms id\u0117joms \u012fgyvendinti. Gal ir tod\u0117l nedr\u012fstame eksperimentuoti, ie\u0161koti kit\u0173 b\u016bd\u0173, kit\u0173 metodik\u0173, kitaip, naujai darbuotis, ypa\u010d su savo kolektyvais! O dabar atsiveria visai kitos realios praktin\u0117s patirties perspektyvos!<\/p>\n\n\n\n<p>Tad prad\u017eioje trumpai apie tai, kas yra ta ES \u201eErasmus+\u201d programa. \u201eErasmus+\u201d \u2013 tai Europos S\u0105jungos \u0161vietimo, mokymo, jaunimo ir sporto programa, kuri finansuoja \u012fvairias tarptautines main\u0173 galimybes. Ji leid\u017eia studentams, d\u0117stytojams, mokytojams, jaunuoliams ir organizacijoms mokytis, sta\u017euotis ar dalyvauti projektuose kitose \u0161alyse. Tai dosniai finansuojama programa, suteikianti finansin\u0119 param\u0105 kelion\u0117ms ir gyvenimo i\u0161laidoms, skatina kult\u016br\u0173 pa\u017einim\u0105, kalb\u0173 mokym\u0105si, profesin\u012f augim\u0105, remia mokyklas, universitetus, kult\u016bros ir jaunimo organizacijas, norin\u010dias bendradarbiauti. Tokioje perspektyvoje mes matome ir m\u016bs\u0173 LCHS veikl\u0105. Taigi \u201eErasmus+\u201d padeda kurti atviresn\u0119, k\u016brybi\u0161kesn\u0119 ir europieti\u0161k\u0105 visuomen\u0119 per \u0161vietim\u0105 ir mainus, o tuo pa\u010diu telkia ir mus visus &#8211; chorved\u017ei\u0173 bendruomen\u0119!<\/p>\n\n\n\n<p>Jau esame apie tai skait\u0119 svetain\u0117s \u201echoras.lt\u201d puslapiuose, o ir gal daugiau susipa\u017ein\u0119 su Europos S\u0105jungos programa \u201eErasmus\u201c, kuri veikia nuo 1987&nbsp;met\u0173. &nbsp;Ja siekta paskatinti glaudesn\u012f universitet\u0173 ir auk\u0161tojo mokslo \u012fstaig\u0173 bendradarbiavim\u0105, student\u0173 ir pedagog\u0173 mainus visoje Europoje. Su tuo tikrai yra susid\u016br\u0119 auk\u0161t\u0173j\u0173 mokykl\u0173 chor\u0173 vadovai, ypa\u010d tada, kai choristai semestrui ir daugiau i\u0161vykdavo studijuoti \u012f kitas ES auk\u0161t\u0105sias mokyklas. Tekdavo su tuo susitaikyti, juk studentas i\u0161vyksta mokytis svetur, nors ir susidarydavo tam tikri laikini trukd\u017eiai chorui bei jo veiklai. Ta\u010diau \u012f chorus ateidavo studentai i\u0161 kit\u0173 ES \u0161ali\u0173, o tai jau buvo ka\u017ekas naujo ir k\u0117l\u0117 naujus chorui i\u0161\u0161\u016bkius! \u201eErasmus\u201c programa pasiteisino. Atsi\u017evelgus \u012f programos \u201eErasmus\u201c s\u0117km\u0119 bei jos populiarum\u0105 2014 metais nuspr\u0119sta suteikti \u0161iai programai papildomus finansus ir galimybes. \u010cia atsirad\u0119s simbolis \u201e+\u201c skirtas prat\u0119sti, priminti apie esamos programos tikslus, i\u0161pl\u0117sti programos lauk\u0105 bei galimybes. Dabar pagal program\u0105 jau remiamas ne tik auk\u0161tasis mokslas, bet ir daugiau sektori\u0173, tuo pa\u010diu ir m\u016bs\u0173 &#8211; chorved\u017ei\u0173- bendruomen\u0117 \u010dia randa atvert\u0105 ni\u0161\u0105. \u201eErasmus+\u201c \u0161vietimo ir mokymo bei sporto sritis Lietuvoje administruoja \u0160vietimo main\u0173 paramos fondas, su kuriuo s\u0117kmingai bendradarbiauja LCHS.<br><br>Ta\u010diau nei sapne net neb\u016b\u010diau susapnav\u0119s, kad ir mane ji \u012fsiurbs \u012f save, ir dar taip greitai&#8230; Netik\u0117tai sulaukiau savo kolegos ir gero bi\u010diulio profesoriaus Kasty\u010dio Bariso skambu\u010dio. Ties\u0105 pasakius, tuo metu buvau visas panir\u0119s \u012f VII Lietuvos vaik\u0173 ir jaunimo chor\u0173 festivalio-konkurso \u201eMes \u2013 Lietuvos vaikai\u201c reikalus, o profesorius mane kalbino prisijungti prie komandos, pagal \u201eErasmus+\u201c program\u0105 vykstan\u010dios \u012f Ispanij\u0105. Pagalvojau, kad dar man tik to ir betr\u016bksta prie vis\u0173 r\u016bpes\u010di\u0173\u2026 Tik tie, kas yra reng\u0119 tokio m\u0105sto renginius gali suprasti mane\u2026 Tod\u0117l i\u0161 karto atsakiau &#8220;ne&#8221;, ta\u010diau profesorius buvo atkaklus ir man\u0119s nepaleido\u2026 Laimei, m\u016bs\u0173 pokalb\u012f gird\u0117jo \u0161vent\u0117s re\u017eisier\u0117 Kristina ir vis\u0173 renginio reikal\u0173 administracijos \u017einov\u0117 ir mano asistent\u0117 Ieva. Dabar tikrai joms esu d\u0117kingas u\u017e tai, kad jos \u012ftikino mane va\u017eiuoti. Taip ir padariau \u2013 sutikau! Tai tokia trumpa preliudija \u012f tai, kaip a\u0161 atsiradau projekte \u201eErasmus+\u201c.<\/p>\n\n\n\n<p>Po vis\u0173 skryd\u017ei\u0173, pers\u0117dim\u0173, oro uost\u0173 bei kelion\u0117s automobiliu, vakarop atvykome \u012f Oviedo miest\u0105. Mums labai pasisek\u0117, nes Modestas Jank\u016bnas (Vilniaus universiteto kamerinio orkestro vadovas ir dirigentas, tre\u010diasis m\u016bs\u0173 kelion\u0117s komandos narys) r\u016bpinosi mumis nuo kelion\u0117s prad\u017eios iki pabaigos. Jis pasir\u016bpino l\u0117ktuvo bilietais ir kitais kelion\u0117s reikalais, buvo visos kelion\u0117s vert\u0117jas. Vie\u0161but\u0117lis, kuriame apsistojome, buvo pa\u010diame miesto centre. Tad, tik atvyk\u0119 bei susid\u0117j\u0119 daiktus, leidom\u0117s ap\u017ei\u016br\u0117ti Oviedo miest\u0105, apipint\u0105 legendomis, Ispanijos religin\u012f piligrim\u0173 centr\u0105, su i\u0161kilia istorija bei nuostabia architekt\u016bra. Netik\u0117tai papuol\u0117me \u012f chorin\u0117s muzikos koncert\u0105 Oviedo \u0160v. Jono bazilikoje. Koncertavo du chorai: \u201eCoro de Ferreros\u201c (vadov\u0117 Rebeca Velasco Rogriguez), meniniu lygiu gana kuklus, vyresnio am\u017eiaus penki\u0173 vyr\u0173 ir penkiolikos moter\u0173 mi\u0161rus choras, nuo\u0161ird\u017eiai giedoj\u0119s tradicines ba\u017enytines giesmes, ir padar\u0119s \u012fsp\u016bd\u012f &#8220;Orfeon Principado Icomast\u201c- per 20 vyr\u0173 ir vir\u0161 30 moter\u0173 &#8211; giedojo vientis\u0105 muzikin\u0119 ir poetin\u0119 kompozicij\u0105 i\u0161 \u012fvairi\u0173 giesmi\u0173. Pastarasis choras skamb\u0117jo sodriau, spalvingiau, i\u0161siskyr\u0117 atskiros choro bals\u0173 grup\u0117s, ypa\u010d spalvingi tenorai bei sodr\u016bs alt\u0173 balsai. Choras try\u0161ko emocijomis  ir temperamentu. Susirinkusi publika plojo abiem kolektyvams net atsistoj\u0119, i\u0161lyd\u0117jo dainininkus \u0161\u016bksniais \u201eBravo!\u201c, ir tai k\u016br\u0117 jaudinan\u010di\u0105 atmosfer\u0105. Tokia pagarba kolektyvams, geranori\u0161kumu ir palaikymu pasi\u017eym\u0117jo ne tik \u0161is koncertas, o ir visi Oviede m\u016bs\u0173 lankyti koncertai.<\/p>\n\n\n\n<p>Pirmadien\u012f, bir\u017eelio 16 dien\u0105, m\u016bs\u0173 lauk\u0117 susitikimas su choro dirigentu Carlos Esteban ir pa\u017eintis su Oviedo \u201eLa Corredoria\u201c ma\u017euoju mi\u0161riu choru bei \u201eLa Regenta\u201c moter\u0173 choru.<\/p>\n\n\n\n<p>\u201eLa Corredoria\u201c yra m\u0117g\u0117j\u0173 choras ir  savo veikl\u0105 vysto Oviedo rajone. Choras prad\u0117jo formuotis apie 2010 m. senjor\u0173 asociacijos iniciatyva, oficialiai \u012fregistruotas 2011 m. Chore dainuoja apie 19\u201320 daininink\u0173, daugiausia moter\u0173 ir keli vyrai. Dainuoja daugiausiai tribalsius k\u016brinius. Carlos Esteban dirba su \u0161iuo choru nuo jo \u012fsik\u016brimo. Jis taip pat dirba Oviedo Operos chore bei dalyvauja senosios muzikos ansamblyje, yra keli\u0173 kit\u0173 kolektyv\u0173 vadovas. Choro repeticijos vyksta du kartus per savait\u0119 \u2013 pirmadieniais ir penktadieniais po piet\u0173 vietos socialiniame centre. Choras nelink\u0119s da\u017enai keliauti ir koncertuoti, rengia sezoninius koncertus, Kal\u0117d\u0173 metu gieda vietin\u0117se ba\u017eny\u010diose bei socialiniuose centruose. &#8220;Choristai \u010dia randa ramyb\u0119 ir \u0161eim\u0105\u201c, \u2013 teigia choro prezident\u0117 Dori Afonso. Chor\u0105 lanko tiek jaunesni, tiek vyresni, yra net atvyk\u0117li\u0173 i\u0161 Argentinos. Choro repertuaras \u012ftraukia skirtingas patirtis turin\u010dius dainininkus. Nei vadovas, nei choro dainininkai nekelia didesni\u0173 muzikinio lygio ar meninio i\u0161pildymo u\u017eduo\u010di\u0173. Vadovo pastabos telkia choristus buvimui kartu, bendravimui, b\u016bti kartu su muzika. Repeticijos metu vadovas nestabdo choro daininink\u0173, net jei jie netiksliai dainuoja vien\u0105 ar kit\u0105 muzikin\u0119 fraz\u0119. Daug pasakoja apie k\u016brin\u012f, bendrauja su dainininkais. Man labai patiko choro vadovo vokalinis darbas su dainininkais. Jis pats, tur\u0117damas puikius vokalinius davinius ir b\u016bdamas geras vokalo \u017einovas, balsu demonstruodavo muzikin\u0119 viet\u0105, fraz\u0119, ir choras steng\u0117si tiesiog atkartoti vadov\u0105. Darbas vyko be jokio spaudimo dainuoti labai gerai ar tiksliai intonuoti, tik buvo pra\u0161oma atkartoti jau vadovo padainuot\u0105 fraz\u0119. Mes tai vadiname \u201epauk\u0161\u010dio metodu\u201c, ir jis \u010dia labai pasiteisino. Mane \u017eav\u0117jo ir tai, kad jis savo balsu demonstravo muzikin\u0119 viet\u0105 atskiro choro balso registre. Jai sopranams fraz\u0117 \u2013 jis demonstravo j\u0105 soprano tesit\u016broje, jei vyr\u0173 bals\u0105 &#8211; tada vyr\u0173 tesit\u016broje, ir taip pat \u2013 alt\u0173. T\u0105 dar\u0117 be joki\u0173 perd\u0117t\u0173 pastang\u0173, labai nat\u016braliai. \u0160\u012f metod\u0105 jis taik\u0117 dirbdamas ir su kitais chorais, matyt, dainininkai j\u012f geriau suprasdavo, gal tod\u0117l jis ma\u017eai naudodavo repeticijose muzikos instrument\u0105. Taip pratino dainininkus dainuoti a cappella.<\/p>\n\n\n\n<p>Po \u0161ios repeticijos va\u017eiavome \u012f Oviedo centr\u0105 steb\u0117ti moter\u0173 choro \u201eLa Regenta\u201c repeticijos.  Choras (per 25-30 moter\u0173) da\u017enai dalyvauja ba\u017enytiniuose koncertuose, festivaliuose bei kartu padeda didesniems operos spektakliams, dalyvauja didesniuose projektuose Oviedo mieste. Choro repertuare yra \u017eenkliai sud\u0117tingesn\u0117s Ispani\u0161kos liaudies dain\u0173 i\u0161dailos ar originalios kompozitori\u0173 Javi Busto, Jes\u00fas Gavito, Jose Herrero, Josu Elberdin, Junkal Guerrero, Guillermo Mart\u00ednez, Raimon Roman\u00ed ir kit\u0173 autori\u0173 kompozicijos. I\u0161 esm\u0117s darbo metodai labai nedaug skyr\u0117si nuo prie\u0161 tai matyto choro. Darbas ir \u010dia vyko be jokio spaudimo dainuoti be priekai\u0161t\u0173, tik vadovas buvo reiklesnis choro melodijai bei tiksliai intonacijai. \u010cia re\u010diau buvo naudojamas \u201epauk\u0161\u010dio metodas\u201c, nors ir jo nebuvo vengiama. Vadovas neveng\u0117 kartu dainuoti ir derinti balsus atskirai su sopranais ar altais, dainuodamas kit\u0105 choro balso partij\u0105. Kartodavo, kol daininink\u0117s \u012fsiklausydavo \u012f skambes\u012f ir j\u012f suder\u0117davo. Tai dar\u0117 ne \u012fkyriai, be jokio spaudimo, leido chorist\u0117ms pa\u010dioms i\u0161girsti darn\u0173 dainavim\u0105, visada jas paskatindamas. <br><br>Kitos dienos taip pat buvo pripildytos repeticij\u0173 steb\u0117jimo, bendravimo su choro vadovu bei choristais, pilnos pa\u010di\u0173 geriausi\u0173 \u012fsp\u016bd\u017ei\u0173 bei patir\u010di\u0173. Netoli Oviedo, kalnuose, steb\u0117jome kaimi\u0161koje gyvenviet\u0117je \u012fsik\u016brus\u012f mi\u0161r\u0173 chor\u0105 \u201eLas Regueras\u201c, kuriam v\u0117lgi vadovauja Carlos Esteban. \u012edomu ir tai, kad chor\u0105 \u012fk\u016br\u0117 patys choristai\u2026 Kaip pasakojo Karlosas, susirink\u0119 kaimo gyventojai nutar\u0117 praturtinti savo kasdien\u012f bendravim\u0105 ir kartu dainuoti chore, nes didesn\u0117 gyventoj\u0173 dalis yra vyresnio am\u017eiaus ir jiems norisi praturtinti savo kasdienyb\u0119. O situacija kaimuose pana\u0161i \u012f Lietuvos: jaunimas i\u0161va\u017eiuoja studijuoti, geresnio darbo susirasti. Ta\u010diau \u010dia, Ispanijoje, kaimai nei\u0161tu\u0161t\u0117ja, netgi pasipildo: \u017emon\u0117s, sulauk\u0119 55-60 met\u0173 sugr\u012f\u017eta \u012f gimtuosius namus, \u012f kaim\u0105. Leid\u0119 vaikyst\u0117s dienas kaime, dabar jie v\u0117l susitinka, bendrauja, leid\u017eia savo laisvalaik\u012f. Tokia kaimo \u017emoni\u0173 bendruomen\u0117 2013 metais \u012fk\u016br\u0117 chor\u0105 ir pakviet\u0117 Karl\u0105 vadovauti jiems. Choras veikia kaip bendruomeninis projektas, susib\u016br\u0119s \u012f ne pelno siekian\u010di\u0105 asociacij\u0105, jungian\u010di\u0105 vietos gyventojus. Paprastai chore dainuoja iki 30 daininink\u0173. Choras organizuoja kasmetinius chor\u0173 vakarus Las\u202fRegueras parapijos ba\u017eny\u010dioje (Santullano) ir jau nuo 2014 m.  dalyvauja regioniniuose renginiuose, chor\u0173 bei folklorin\u0117s muzikos festivaliuose. Dabartiniu laikotarpiu choro repertuare vyrauja folkloras. M\u016bs\u0173 steb\u0117toje repeticijoje choras kartojo folkloro dainas b\u016bsimam koncertui. Ta\u010diau j\u0173 repertuare yra ir liturgin\u0117 muzika, ast\u016bri\u0161kas folkloras, zarzuela, boleros, villancicos, ir net tango, taip pat originalios kompozicijos.<\/p>\n\n\n\n<p>Ne ma\u017eiau \u017eav\u0117jom\u0117s Karloso darbu su m\u0117g\u0117j\u0173 chorais \u201eAzabache\u201c, \u201eLa Fresneda\u201c, vyr\u0173 choru \u201eOchote Asturias\u201c. I\u0161 esm\u0117s mat\u0117me pana\u0161\u0173 darb\u0105. Apibendrinant galima b\u016bt\u0173 pasid\u017eiaugti, kad vadovas labai atid\u017eiai rinkosi repertuar\u0105, atitinkant\u012f  chorist\u0173 muzikin\u012f  paj\u0117gum\u0105, vokalines galimybes, gana da\u017enai dainas transponuodavo \u012f patogi\u0105 choro dainininkams tonacij\u0105. Gal kiek nusileisdamas siekiui i\u0161laikyti auk\u0161t\u0105 muzikin\u012f bei menin\u012f lyg\u012f, siek\u0117 paprasta, patogia bei pagavia daina burti, telkti dainuojan\u010di\u0105 bendruomen\u0119. Manau, tai labai pasiteisina, nes choristai noriai, motyvuotai lanko repeticijas, yra d\u0117mesingi ir aktyv\u016bs. Carlos Esteban, dirbdamas su \u201eCoral Azabache\u201c ir \u201eCoral Las Regueras\u201c kolektyvais, atid\u017eiai rinko k\u016brinius, kurie skatint\u0173 chorist\u0173 tobul\u0117jim\u0105 ir kartu b\u016bt\u0173 \u012fveikiami. Jis sugeb\u0117jo sukurti \u012fkvepian\u010di\u0105 ir motyvuojan\u010di\u0105 repeticij\u0173 atmosfer\u0105. Skyr\u0117si tik repertuaras, na, ir \u017emon\u0117s: kiekviename chore buvo labai \u012fdomu steb\u0117ti j\u0173 tarpusavio bendravim\u0105, pagarb\u0105 vienas kitam bei nor\u0105 b\u016bti kartu. \u012edomu, kad \u0161iuose choruose dominuoja vyrai-tenorai ir moterys-altai. Sopran\u0173 ir bos\u0173 yra ma\u017eiau, ir jie n\u0117ra tokie ry\u0161k\u016bs bei spalvingi.<\/p>\n\n\n\n<p>M\u016bs\u0173 vie\u0161nag\u0117s \u201eperlas\u201c buvo nenumatyta repeticija su Oviedo universiteto simfoniniu orkestru &#8211; buvome ja su\u017eav\u0117ti. Pirmasis orkestro koncertas \u012fvyko 1979\u202fm. vasario\u202f14 d., vadovaujant orkestro \u012fk\u016br\u0117jui Alfonso Ordieres \u2013 buvusiam Ast\u016brijos simfoninio orkestro koncertmeisteriui. Simfoninio orkestro atsiradimas Oviedo universitet\u0105 labai i\u0161garsino, nes tai buvo pirmoji auk\u0161toji mokykla Ispanijoje, turinti nuolatin\u012f simfonin\u012f orkestr\u0105. Orkestras reng\u0117 solinius koncertus, TVI \u012fra\u0161us ir netgi sureng\u0117 special\u0173 koncert\u0105 Princes\u0117s de Asturias fondo \u012fsteigimo proga 1980 m.  2017 m. Ovjedo universiteto simfoninio orkestro vyriausiu dirigentu ir vadovu tapo Pedro Luis Ordieres Su\u00e1rez &#8211; profesionalus smuikininkas, studijav\u0119s Londone (Royal College of Music), dirb\u0119s Ast\u016brijos Kunigaik\u0161tyst\u0117s simfoninio orkestro (OSPA) smuikininku ir orkestro koncertmeisteriu. Orkestro sud\u0117tis i\u0161augo net iki 100 nari\u0173, jame grojo universiteto studentai, alumnai ir d\u0117stytojai. Did\u017ei\u0105j\u0105 repertuaro dal\u012f sudaro klasikin\u0117 muzika, ta\u010diau Pedro dirigavo daugybei \u0161iuolaikini\u0173 \u0161edevr\u0173 tiek savo pagrindiniame orkestre, tiek kaip kviestinis dirigentas su tokiais orkestrais kaip Iberijos simfoninis orkestru ir OSPA, eidamas ir dirigento, ir koncertmeisterio pareigas. Dirigentas nuosekliai propagavo ir pristat\u0117 daugyb\u0119 apdovanojimus pelniusi\u0173 \u0161iuolaikini\u0173 kompozitori\u0173, toki\u0173 kaip Pablo Moras, Jos\u00e9 Nieto, Rub\u00e9n D\u00edez, Jose Mar\u00eda Laborda, Raquel Rodr\u00edguez, Gabriel Ord\u00e1s, Fern\u00e1ndez Languasco simfonini\u0173 k\u016brini\u0173. Taip pat naujai prik\u0117l\u0117 gyvenimui kit\u0173 Ispanijos simfoninio \u017eanro autori\u0173 k\u016brinius, tai tokie kompozitoriai, kaip Benjam\u00edn Orb\u00f3n ir Manuel del Fresno. Pats Pedro man pasirod\u0117 labai kuklus ir draugi\u0161kas \u017emogus. Repeticija pranoko visus m\u016bs\u0173 l\u016bkes\u010dius: truko beveik tris valandas, ta\u010diau laikas prab\u0117go akimirksniu. Gal\u0117jai tik \u017eav\u0117tis dirigento darbu, jo metodika ir repeticijos produktyvumu: dirigento judesys pasi\u017eym\u0117jo judesio taupumu bei informatyvumu, tikslumu, ai\u0161kia muzikos frazuote, dinamika ir muzikos t\u0117kme, muzikiniu jautrumu ir, \u017einoma, emocij\u0173 gausa. \u017dav\u0117jausi profesionaliomis pastabomis, konkre\u010di\u0173 \u0161trich\u0173, ritmo valdymu, reikliu darbo tempu ir tuo, kad  repeticija vyko be \u012ftampos, su \u0161velniu humoru ir labai pagarbiai orkestrantams ir muzikai, kuri\u0105 grojo, su dideliu  noru pad\u0117ti jauniems muzikantams. Neabejotinai, pa\u017eintis su dirigentu Pedro Luis Ordieres Su\u00e1rez praturtino m\u016bs\u0173 kelion\u0119. Apsikeit\u0117me kontaktais, o Modestas aptar\u0117  konkre\u010dius bendradarbiavimo planus tarp Oviedo ir Vilniaus universiteto orkestro main\u0173 programos galimybi\u0173.<\/p>\n\n\n\n<p>Teko susipa\u017einti ir u\u017emegzti glaudesnius ry\u0161ius su Oviedo universiteto choro vadovu Joaquin Valdeon bei klausytis j\u0173 choro sezono pabaigos koncerto. Koncertas vyko pilnoje Oviedo San Isidoro el Real ba\u017eny\u010dioje. Skamb\u0117jo Vivald\u017eio, Hendelio, Victorijos, Mocarto, Whitacere k\u016briniai. Chorui pritar\u0117 miesto kamerinis orkestras. Choras, nors ir nebuvo didelis, ta\u010diau lankstus, jautrus dirigento mostams, o dirigentas pasi\u017eym\u0117jo originalia interpretacija bei emocionalumu. Koncerto atmosfera buvo labai jauki ir \u0161ilta.<\/p>\n\n\n\n<p>\u0160i\u0105 kelion\u0119 praturtino ir pa\u017eintis su Ast\u016brijos kra\u0161to muzikin\u0117mis tradicijomis, muzikos specialist\u0173 rengimo sistema, ypa\u010d mus domino choro dirigent\u0173 bei muzikos mokytoj\u0173 rengimo sistema Ispanijoje bei \u0161iame kra\u0161te bei Oviedo konservatorijoje. <\/p>\n\n\n\n<p>B\u016b\u010diau prastas pasakotojas, jei nutyl\u0117\u010diau, k\u0105 dar, be intensyvaus repeticij\u0173, koncert\u0173 ir pa\u017eintinio bendradarbiavimo su chorais bei j\u0173 vadovais, pamat\u0117me, aplank\u0117me, patyr\u0117me. Tai Ovjedo senamiestis, palik\u0119s nei\u0161dildom\u0105 \u012fsp\u016bd\u012f: nepaprasto gro\u017eio ir \u012fsp\u016bdingos architekt\u016bros Santa Mar\u00eda La Real de La Corte katedra, joje \u012frengtas ba\u017enytinio paveldo muziejus, did\u017eiul\u0117 paveiksl\u0173 galerija. Teko aplankyti ir kitus Oviedo muziejus \u2013 architekt\u016bros, dail\u0117s ir \u0161iuolaikinio meno muziejus, ba\u017eny\u010dias, universitet\u0105, konservatorij\u0105. Aplank\u0117me VII am\u017eiaus vienuolyn\u0105, nuo kurio datuojama Oviedo miesto atsiradimo istorija. Apsilank\u0117me garsiame Oviedo tradiciniame turguje, susipa\u017einome su Ovjedo kulinarijos paveldu (2024 metais miestas buvo paskelbtas  Ispanijos kulinarijos paveldo sostine!). Apsilank\u0117me tradicin\u0117se kavinuk\u0117se, ragavome gars\u0117jan\u010dio sidro g\u0117rimo, kuriuo gars\u0117ja visas Ast\u016brijos kra\u0161tas.  Carlos Esteban d\u0117ka gro\u017e\u0117jom\u0117s Picos de Europa kalnais, ankstyvojo iki romaninio stiliaus Ast\u016brijos pastatais, ankstyvosios gotikos \u0161edevrais \u2013  ba\u017eny\u010diomis, pastatytomis  dar VII-tame m\u016bs\u0173 eros am\u017eiuje. Pabuvojome labai \u012fsp\u016bdinga architekt\u016bra gars\u0117jan\u010diame Giljono mieste. Giljono universiteto pastatas yra vienas did\u017eiausi\u0173 pastat\u0173 visoje Europoje, jame \u012fsik\u016brusios ne tik universiteto patalpos, bet ir did\u017eiul\u0117 biblioteka, laboratorijos, archyvai, muziejai, o pastato vidiniame &#8211; did\u017eiul\u0117 ba\u017eny\u010dia. Pasigro\u017e\u0117jome labai tipi\u0161ku, vienu gra\u017eiausi\u0173 Ast\u016brijos \u017evej\u0173 miesteliu &#8211; Lastres. Karlosas nusive\u017e\u0117 mus net \u012f savo t\u0117v\u0173 namus  netoli Lastres miestelio. Pamat\u0117me tikr\u0105j\u0105, autenti\u0161k\u0105 Ispanijos kaimelio architekt\u016br\u0105, buit\u012f. Joje Karlosas praleido savo vaikyst\u0119, \u010dia kas vasar\u0105 atvyksta su savo \u0161eima pails\u0117ti. <\/p>\n\n\n\n<p>Taigi m\u016bs\u0173 pa\u017eintis su Oviedo miesto chorais, chorine kult\u016bra bei bendradarbiavimas su choro vadovais at\u0117jo \u012f pabaig\u0105. Tiek profesorius Kastytis Barisas, tiek Modestas Jank\u016bnas, tiek a\u0161, \u012fgav\u0119 naujos patirties, kupini nauj\u0173 bendradarbiavimo plan\u0173, palikome nuostab\u0173 Oviedo miest\u0105 bei Ast\u016brijos kra\u0161t\u0105, Ispanij\u0105. \u0160ios kelios dienos Ispanijos Oviedo mieste ir pa\u017eintis su Ast\u016brijos kra\u0161tu paliko mums visiems nei\u0161dildom\u0173 \u012fsp\u016bd\u017ei\u0173 bei pa\u010di\u0173 gra\u017eiausi\u0173 prisiminim\u0173.<\/p>\n\n\n\n<p class=\"has-text-align-center\"><br><strong>Prof. Algirdas \u0160umskis<\/strong><\/p>\n","protected":false},"excerpt":{"rendered":"<p>Kai Lietuvos chor\u0173 s\u0105jungos (LCHS) prezident\u0117 Rasa Gelgotien\u0117 kreip\u0117si \u012f LCHS taryb\u0105 ir prane\u0161\u0117 apie nauj\u0105 projekt\u0105 bei galimyb\u0119 Lietuvos chorved\u017eiams dalyvauti \u201eErasmus+\u201d programoje, pamaniau, kad tai labai pozityvus projektas.&hellip; <\/p>\n","protected":false},"author":2,"featured_media":6762,"comment_status":"open","ping_status":"open","sticky":false,"template":"","format":"standard","meta":{"footnotes":""},"categories":[5],"tags":[],"_links":{"self":[{"href":"https:\/\/choras.lt\/index.php\/wp-json\/wp\/v2\/posts\/6761"}],"collection":[{"href":"https:\/\/choras.lt\/index.php\/wp-json\/wp\/v2\/posts"}],"about":[{"href":"https:\/\/choras.lt\/index.php\/wp-json\/wp\/v2\/types\/post"}],"author":[{"embeddable":true,"href":"https:\/\/choras.lt\/index.php\/wp-json\/wp\/v2\/users\/2"}],"replies":[{"embeddable":true,"href":"https:\/\/choras.lt\/index.php\/wp-json\/wp\/v2\/comments?post=6761"}],"version-history":[{"count":28,"href":"https:\/\/choras.lt\/index.php\/wp-json\/wp\/v2\/posts\/6761\/revisions"}],"predecessor-version":[{"id":6822,"href":"https:\/\/choras.lt\/index.php\/wp-json\/wp\/v2\/posts\/6761\/revisions\/6822"}],"wp:featuredmedia":[{"embeddable":true,"href":"https:\/\/choras.lt\/index.php\/wp-json\/wp\/v2\/media\/6762"}],"wp:attachment":[{"href":"https:\/\/choras.lt\/index.php\/wp-json\/wp\/v2\/media?parent=6761"}],"wp:term":[{"taxonomy":"category","embeddable":true,"href":"https:\/\/choras.lt\/index.php\/wp-json\/wp\/v2\/categories?post=6761"},{"taxonomy":"post_tag","embeddable":true,"href":"https:\/\/choras.lt\/index.php\/wp-json\/wp\/v2\/tags?post=6761"}],"curies":[{"name":"wp","href":"https:\/\/api.w.org\/{rel}","templated":true}]}}