{"id":683,"date":"2021-03-11T10:48:13","date_gmt":"2021-03-11T10:48:13","guid":{"rendered":"https:\/\/choras.lt\/?p=683"},"modified":"2021-03-11T10:48:14","modified_gmt":"2021-03-11T10:48:14","slug":"lnobt-dainininku-choras-sveikina-lietuva","status":"publish","type":"post","link":"https:\/\/choras.lt\/index.php\/2021\/03\/11\/lnobt-dainininku-choras-sveikina-lietuva\/","title":{"rendered":"LNOBT daininink\u0173 choras sveikina Lietuv\u0105"},"content":{"rendered":"\n<figure class=\"wp-block-embed is-type-rich is-provider-iterpiniu-valdiklis wp-block-embed-iterpiniu-valdiklis wp-embed-aspect-16-9 wp-has-aspect-ratio\"><div class=\"wp-block-embed__wrapper\">\n<iframe loading=\"lazy\" title=\"LIETUVA BRANGI | Lietuvos nacionalinis operos ir baleto teatras\" width=\"1110\" height=\"624\" src=\"https:\/\/www.youtube.com\/embed\/qN_FBjdtfkQ?feature=oembed\" frameborder=\"0\" allow=\"accelerometer; autoplay; clipboard-write; encrypted-media; gyroscope; picture-in-picture\" allowfullscreen><\/iframe>\n<\/div><\/figure>\n\n\n\n<p>Klausydamiesi giesm\u0117s \u201eLietuva brangi\u201c, tikriausiai manote, kad jos atlikimui \u012f teatro Did\u017ei\u0105j\u0105 sal\u0119 sukviet\u0117me ma\u017eiausiai \u0161imt\u0105 daininink\u0173. Ta\u010diau \u012fsi\u017ei\u016br\u0117kite \u012f vaizdo \u012fra\u0161\u0105 atid\u017eiau ir pasteb\u0117site, kad vis\u0173 dainuojan\u010di\u0173j\u0173 veidai sal\u0117je kartojasi ne vien\u0105 kart\u0105\u2026 Karantino taisykl\u0117ms draud\u017eiant sal\u0117se repetuoti chorams, re\u017eisierius Gediminas \u0160eduikis surado b\u016bd\u0105, kaip teatro dainininkai gal\u0117t\u0173 bendra giesme pasveikinti tautie\u010dius Kovo 11-osios proga joki\u0173 taisykli\u0173 nepa\u017eeisdami. \u201eId\u0117ja gim\u0117 i\u0161 b\u016btinyb\u0117s: nor\u0117josi ka\u017ek\u0105 jautraus ir didingo Lietuvos \u017emon\u0117ms padovanoti. Kompozitoriaus Juozo Naujalio \u201eLietuva brangi\u201c, para\u0161yta Maironio \u017eod\u017eiais, ne veltui vadinama neoficiali\u0105ja tauti\u0161ka giesme: jai reikia daug bals\u0173. Ma\u017eo ansamblio atliekamas, \u0161is gilus, kiekvienam lietuviui nuo ma\u017eum\u0117s \u017einomas k\u016brinys nei\u0161skleist\u0173 visos savo sakralios didyb\u0117s. O daininink\u0173 sal\u0117n sukviesti nevalia\u2026 Taigi neliko nieko kita, kaip surinkti m\u016bs\u0173 teatro \u201etaut\u0105\u201c pasitelkus technologijas\u201c, \u2013 pasakoja ne\u012fprasto muzikinio vaizdo \u012fra\u0161o id\u0117jos autorius ir re\u017eisierius Gediminas \u0160eduikis.<\/p>\n\n\n\n<p><br>I\u0161 ties\u0173 34 projekte dalyvav\u0119 LNOBT solistai, operos sta\u017euotojai ir choristai buvo kvie\u010diami \u012f Did\u017ei\u0105j\u0105 sal\u0119 ma\u017eomis grupel\u0117mis ir filmuojami skirtinguose sal\u0117s sektoriuose. Tad atid\u017eiau paie\u0161koj\u0119, kiekvien\u0105 i\u0161 j\u0173 \u0161iame vaizdo \u012fra\u0161e gal\u0117tum\u0117te atrasti net keturiose skirtingose sal\u0117s vietose. \u201eVirtualiame chore\u201c veikiausiai atpa\u017einsite teatro operos solistus Joan\u0105 Gedmintait\u0119, Laim\u0105 Jonutyt\u0119, Viktorij\u0105 Mi\u0161k\u016bnait\u0119, Regin\u0105 \u0160ilinskait\u0119, Egidij\u0173 Dauskurd\u012f, Rafail\u0105 Karp\u012f, Liud\u0105 Mikalausk\u0105, Liud\u0105 Norvai\u0161\u0105, Tom\u0105 Pavilion\u012f, Stepon\u0105 Zon\u012f ir kt. Muzikin\u0117s vienyb\u0117s dainininkams pasiekti pad\u0117jo \u201evirtualus dirigentas\u201c: LNOBT vyriausiasis dirigentas Ri\u010dardas \u0160umila savo rank\u0173 mostus prie\u0161ais kamer\u0105 nufilmavo namuose, v\u0117liau kiekviena atlik\u0117j\u0173 grupel\u0117 a cappella giedojo \u201eLietuva brangi\u201c steb\u0117dama t\u0105 pat\u012f dirigento vaizdo \u012fra\u0161\u0105. Galiausiai, pasitelkus kompiuterines programas, teko visus turimus \u012fra\u0161us sinchroni\u0161kai \u201esutalpinti\u201c bendroje sal\u0117s erdv\u0117je: \u0161\u012f subtil\u0173 darb\u0105 atliko Martynas Aleksa.<\/p>\n\n\n\n<p><br>Sveikindami savo \u017ei\u016brovus su Kovo 11-\u0105ja \u2013 Lietuvos nepriklausomyb\u0117s atgavimo diena, \u0161iuo vaizdo \u012fra\u0161u norime priminti, kad t\u0117vyn\u0117 i\u0161lieka brangi nepriklausomai nuo pandemijos diktuojam\u0173 s\u0105lyg\u0173 ir taisykli\u0173: tiesiog savo patrioti\u0161kiems jausmams i\u0161reik\u0161ti turime pasitelkti dar daugiau sumanumo ir fantazijos.<\/p>\n","protected":false},"excerpt":{"rendered":"<p>Klausydamiesi giesm\u0117s \u201eLietuva brangi\u201c, tikriausiai manote, kad jos atlikimui \u012f teatro Did\u017ei\u0105j\u0105 sal\u0119 sukviet\u0117me ma\u017eiausiai \u0161imt\u0105 daininink\u0173. Ta\u010diau \u012fsi\u017ei\u016br\u0117kite \u012f vaizdo \u012fra\u0161\u0105 atid\u017eiau ir pasteb\u0117site, kad vis\u0173 dainuojan\u010di\u0173j\u0173 veidai sal\u0117je&hellip; <\/p>\n","protected":false},"author":2,"featured_media":686,"comment_status":"open","ping_status":"open","sticky":false,"template":"","format":"standard","meta":{"footnotes":""},"categories":[5],"tags":[],"_links":{"self":[{"href":"https:\/\/choras.lt\/index.php\/wp-json\/wp\/v2\/posts\/683"}],"collection":[{"href":"https:\/\/choras.lt\/index.php\/wp-json\/wp\/v2\/posts"}],"about":[{"href":"https:\/\/choras.lt\/index.php\/wp-json\/wp\/v2\/types\/post"}],"author":[{"embeddable":true,"href":"https:\/\/choras.lt\/index.php\/wp-json\/wp\/v2\/users\/2"}],"replies":[{"embeddable":true,"href":"https:\/\/choras.lt\/index.php\/wp-json\/wp\/v2\/comments?post=683"}],"version-history":[{"count":1,"href":"https:\/\/choras.lt\/index.php\/wp-json\/wp\/v2\/posts\/683\/revisions"}],"predecessor-version":[{"id":685,"href":"https:\/\/choras.lt\/index.php\/wp-json\/wp\/v2\/posts\/683\/revisions\/685"}],"wp:featuredmedia":[{"embeddable":true,"href":"https:\/\/choras.lt\/index.php\/wp-json\/wp\/v2\/media\/686"}],"wp:attachment":[{"href":"https:\/\/choras.lt\/index.php\/wp-json\/wp\/v2\/media?parent=683"}],"wp:term":[{"taxonomy":"category","embeddable":true,"href":"https:\/\/choras.lt\/index.php\/wp-json\/wp\/v2\/categories?post=683"},{"taxonomy":"post_tag","embeddable":true,"href":"https:\/\/choras.lt\/index.php\/wp-json\/wp\/v2\/tags?post=683"}],"curies":[{"name":"wp","href":"https:\/\/api.w.org\/{rel}","templated":true}]}}