{"id":6832,"date":"2025-07-26T19:34:10","date_gmt":"2025-07-26T19:34:10","guid":{"rendered":"https:\/\/choras.lt\/?p=6832"},"modified":"2025-07-26T19:34:27","modified_gmt":"2025-07-26T19:34:27","slug":"tarptautinio-choru-festivalio-granadoje-skambesys-vis-dar-ataidi-zmoniu-sirdyse","status":"publish","type":"post","link":"https:\/\/choras.lt\/index.php\/2025\/07\/26\/tarptautinio-choru-festivalio-granadoje-skambesys-vis-dar-ataidi-zmoniu-sirdyse\/","title":{"rendered":"Tarptautinio chor\u0173 festivalio Granadoje skambesys vis dar ataidi \u017emoni\u0173 \u0161irdyse"},"content":{"rendered":"\n<p>Tarptautinis chorin\u0117s muzikos festivalis Granadoje (meno vadovas ir vyriausias dirigentas profesorius Algis Zaboras) jau tampa gra\u017eia tradicija, prasid\u0117jusia prie\u0161 ger\u0105 de\u0161imtmet\u012f. Festivalio pavadinimas kito, bet labiausiai d\u017eiugina tai, kad jame dalyvauja auk\u0161to meninio lygio atlik\u0117jai ir gausus b\u016brys klausytoj\u0173.<\/p>\n\n\n\n<p>2025 m. gegu\u017e\u0119 \u012fvyk\u0119s jau ketvirtasis tarptautinis chorin\u0117s muzikos festivalis Millencuentros sub\u016br\u0117 Ispanijos ir Lietuvos chorus, solistus, muzikantus ir chorin\u0117s muzikos myl\u0117tojus \u012f Granados \u0160v. Jeronimo vienuolyno ba\u017eny\u010di\u0105 (Monasterio De San Jeronimo). \u0160ios \u012fsp\u016bdingos ba\u017eny\u010dios istorija prasid\u0117jo 1513 m. ir festivalio organizatori\u0173 pasirinkta kaip pati tinkamiausia erdv\u0117 austr\u0173 kompozitoriaus Anton Bruckner (1824-1896) ir lietuvi\u0173 kompozitoriaus Mikalojaus Konstantino \u010ciurlionio (1875-1911) sakralinei muzikai suskamb\u0117ti. \u012esp\u016bdingos ir renesanso dvasia u\u017eburian\u010dios ba\u017eny\u010dios skliautuose suskambo kompozitoriaus Anton Bruckner Requem D-moll (dirigavo Algis Zaboras), preliudas, giesm\u0117s &#8220;Ave Maria&#8221;, &#8220;Locus Iste&#8221; (dirigavo Pablo Guerrero) bei &#8220;O Du Liebes Jesu Kind&#8221;, arija i\u0161 Kantatos &#8220;Judok Stulz&#8221;. Prasmingai ir gra\u017eiai pasklido Mikalojaus Konstantino \u010ciurlionio Kyrie, Sanctus, De Profundis (diriguojami dirigen\u010di\u0173 i\u0161 Lietuvos Juditos Kiaulakyt\u0117s, Vilmos Masien\u0117s ir Rasos Andersen).<\/p>\n\n\n\n<p>K\u016brinius savo balsais \u012fprasmino Kauno Juozo Gruod\u017eio konservatorijos mi\u0161rus choras (vadov\u0117 V. Masien\u0117), Klaip\u0117dos savivaldyb\u0117s kult\u016bros centro \u017dvej\u0173 r\u016bm\u0173 moter\u0173 choras \u201eDang\u0117\u201c (vadov\u0117 J. Kiaulakyt\u0117), Skuodo rajono kult\u016bros centro moter\u0173 choras \u201eApuol\u0117\u201c\u00a0(vadov\u0117 R. Andersen), trys Ispanijos chorai, vadovaujami Pablo Guerrero, tai Granados katedros chorinio dainavimo mokyklos, Granados Advokat\u0173 kolegijos bei Ispanijos Almunecar miesto choras. Program\u0105 kartu su chorais atliko solistai: Maria Jesus Garcia (sopranas), Susana Ferrero Blanco (mecosopranas), Raul Jimenez Medina (tenoras), Enrique Monteoliva (baritonas), vargonavo Steven Paul Williamson, grojo festivalio simfoninis orkestras. Harmonija su vienuolyno ba\u017eny\u010dios erdve ir publikos rimtimi leido muzikai atsiskleisti pa\u010diu gra\u017eiausiu skambesiu, jautriai paliet\u0117 tiek atlik\u0117j\u0173, tiek ir klausytoj\u0173 \u0161irdis.<\/p>\n\n\n\n<p>Klaip\u0117dos ir Skuodo moter\u0173 chorai sureng\u0117 ir solin\u012f lietuvi\u0161kos muzikos ir emocijos koncert\u0105 \u0160v. Jono i\u0161 Dievo Bazilikoje (Bas\u00edlica San Juan de Dios). Jame skamb\u0117jo Mikalojaus Konstantino \u010ciurlionio harmonizuotos lietuvi\u0173 liaudies dainos. Tad pa\u017eintis tikrai tapo gili, prasminga, o aidai ir \u012fsp\u016bd\u017eiai tiesiog apsigyveno festivalio dalyvi\u0173 \u0161irdyse.<\/p>\n\n\n\n<p>Festivalio organizatoriai, meno vadovai ir choristai vieningai sutaria \u2012 tokie festivaliai ir koncertai labai reikalingi. Atlik\u0117jams jie suteikia galimybes \u012fprasminti sakralin\u0117s muzikos perlus, atveria duris \u012f naujas erdves ir pa\u017eintis. Klausytojams tai did\u017eiul\u0117 muzikin\u0117 dovana ir pa\u017eintin\u0117 kelion\u0117 per pasaul\u012f. Ankstesniuose festivaliuose skamb\u0117jo daug stambi\u0173 vokalini\u0173 instrumentini\u0173 k\u016brini\u0173, kaip antai pernai jungtinis festivalio choras \u2013 200 chorist\u0173 i\u0161 Ispanijos ir Lietuvos &#8211; kartu su solistais ir simfoniniu orkestru atliko Giacomo Puccini \u201eMessa di Gloria\u201c, o Lietuvos chorai pristat\u0117 gra\u017eiausius lietuvi\u0161kos muzikos k\u016brinius i\u0161 Dain\u0173 \u0161vent\u0117s repertuaro. \u0160iemet klausytojai buvo apkabinti kompozitori\u0173 Anton Bruckner ir Mikalojaus Konstantino \u010ciurlionio k\u016bryba.<\/p>\n\n\n\n<p>Festivalio meno vadovas ir dirigentas Algis Zaboras d\u017eiaugiasi atvykstan\u010diais chorais i\u0161 Lietuvos ir Ispanijos, solistais ir orkestro muzikantais. Bendros pastangos duoda vaisius \u2012 iniciatyva nuo id\u0117jos i\u0161augo \u012f kasmet vykstant\u012f rengin\u012f, kuri pritraukia ir augina muzikos myl\u0117toj\u0173 b\u016br\u012f. Gera matyti entuziazm\u0105 ir susikaupim\u0105 atlik\u0117j\u0173 akyse, publikos susidom\u0117jim\u0105 ir palaikym\u0105. I\u0161gyventa bendryst\u0117 repetuojant ir atliekant k\u016brinius, spindintys \u017emoni\u0173 veidai po koncert\u0173 \u012fprasmina \u012fd\u0117tas pastangas ir po festivalio visi i\u0161siskiriame jau kitokie \u2012 profesionalesni, prapl\u0117t\u0119 kult\u016brin\u012f ir muzikin\u012f akirat\u012f, susibi\u010diuliav\u0119, atsisveikint jau tariame vienas kitam \u201eiki susitikimo kit\u0105 kart\u0105\u201c. O festivalio organizatoriai visuomet pasir\u016bpina, kad sukurta muzikin\u0117 emocija trukt\u0173 ilgiau nei koncertas, tad \u012fra\u0161us galima rasti YouTube platformoje.<\/p>\n\n\n\n<p class=\"has-text-align-center\"><strong>Straipsn\u012f pareng\u0117 Vitalija Fokien\u0117, u\u017e nuotrauk\u0105 d\u0117kojame Rasai Andersen<\/strong>.<\/p>\n","protected":false},"excerpt":{"rendered":"<p>Tarptautinis chorin\u0117s muzikos festivalis Granadoje (meno vadovas ir vyriausias dirigentas profesorius Algis Zaboras) jau tampa gra\u017eia tradicija, prasid\u0117jusia prie\u0161 ger\u0105 de\u0161imtmet\u012f. Festivalio pavadinimas kito, bet labiausiai d\u017eiugina tai, kad jame&hellip; <\/p>\n","protected":false},"author":2,"featured_media":6834,"comment_status":"open","ping_status":"open","sticky":false,"template":"","format":"standard","meta":{"footnotes":""},"categories":[2],"tags":[],"_links":{"self":[{"href":"https:\/\/choras.lt\/index.php\/wp-json\/wp\/v2\/posts\/6832"}],"collection":[{"href":"https:\/\/choras.lt\/index.php\/wp-json\/wp\/v2\/posts"}],"about":[{"href":"https:\/\/choras.lt\/index.php\/wp-json\/wp\/v2\/types\/post"}],"author":[{"embeddable":true,"href":"https:\/\/choras.lt\/index.php\/wp-json\/wp\/v2\/users\/2"}],"replies":[{"embeddable":true,"href":"https:\/\/choras.lt\/index.php\/wp-json\/wp\/v2\/comments?post=6832"}],"version-history":[{"count":1,"href":"https:\/\/choras.lt\/index.php\/wp-json\/wp\/v2\/posts\/6832\/revisions"}],"predecessor-version":[{"id":6833,"href":"https:\/\/choras.lt\/index.php\/wp-json\/wp\/v2\/posts\/6832\/revisions\/6833"}],"wp:featuredmedia":[{"embeddable":true,"href":"https:\/\/choras.lt\/index.php\/wp-json\/wp\/v2\/media\/6834"}],"wp:attachment":[{"href":"https:\/\/choras.lt\/index.php\/wp-json\/wp\/v2\/media?parent=6832"}],"wp:term":[{"taxonomy":"category","embeddable":true,"href":"https:\/\/choras.lt\/index.php\/wp-json\/wp\/v2\/categories?post=6832"},{"taxonomy":"post_tag","embeddable":true,"href":"https:\/\/choras.lt\/index.php\/wp-json\/wp\/v2\/tags?post=6832"}],"curies":[{"name":"wp","href":"https:\/\/api.w.org\/{rel}","templated":true}]}}