{"id":6859,"date":"2025-08-25T16:25:27","date_gmt":"2025-08-25T16:25:27","guid":{"rendered":"https:\/\/choras.lt\/?p=6859"},"modified":"2025-08-25T16:25:29","modified_gmt":"2025-08-25T16:25:29","slug":"valdas-adamkus-apie-artejancia-lietuviupremjera-si-opera-tai-istorinis-liudijimas","status":"publish","type":"post","link":"https:\/\/choras.lt\/index.php\/2025\/08\/25\/valdas-adamkus-apie-artejancia-lietuviupremjera-si-opera-tai-istorinis-liudijimas\/","title":{"rendered":"Valdas Adamkus apie art\u0117jan\u010di\u0105 \u201eLietuvi\u0173\u201cpremjer\u0105: \u201e\u0160i opera \u2013 tai istorinis liudijimas\u201c"},"content":{"rendered":"\n<p>Paskutin\u0117s vasaros dienos netruks prab\u0117gti, o kartu su jomis \u2013 ir laikas, skiriantis mus nuo Amilcare\u2018s Ponchielli operos \u201eLietuviai\u201c premjeros. \u012esp\u016bding\u0105 pastatym\u0105 Lietuvos nacionalinio operos ir baleto teatro scenoje bus galima steb\u0117ti nuo rugs\u0117jo 5 dienos. Prie \u0161io didingo kult\u016bros \u012fvykio prisideda Vilniaus klubas.<\/p>\n\n\n\n<p> \u201eAmilcare\u2018s Ponchielli opera \u201eLietuviai\u201c \u2013 tai XIX am\u017eiaus ital\u0173 muzikin\u0117s kult\u016bros dovana m\u016bs\u0173 tautai. Ne tik d\u0117l operos pavadinimo, bet ir tod\u0117l, kad joje \u012fam\u017einta lietuvi\u0173 tautos kova u\u017e laisv\u0119, tapatyb\u0119 ir nacionalin\u012f orum\u0105. K\u016brinys, kurio libretas paremtas Adomo Mickevi\u010diaus poema, savaip rezonuoja su tikr\u0105ja Lietuvos istorija \u2013 jos skausmais, viltimis ir pasiaukojimu\u201c, \u2013 teigia Vilniaus klubo Garb\u0117s narys, kadencij\u0105 baig\u0119s Lietuvos prezidentas Valdas Adamkus.<\/p>\n\n\n\n<p>Pasaulin\u0117 operos \u201eLietuviai\u201c premjera dar 1874 m. \u012fvyko garsiajame Milano teatre \u201eLa Scala\u201c. V\u0117liau m\u016bs\u0173 tautos kovas u\u017e laisv\u0119 garsinantis ital\u0173 k\u016brinys prad\u0117jo savo keliones po pasaul\u012f. Lietuvos operoje \u201eLietuvius\u201c ketinta statyti dar 1939 m. \u2013 Italijos spaudos ir propagandos ministerija Lietuvos operai tuomet buvo padovanojusi teis\u0119 statyti \u0161\u012f k\u016brin\u012f. Deja, soviet\u0173 okupacija ir Antrasis pasaulinis karas sutrukd\u0117 operos premjerai.<\/p>\n\n\n\n<p class=\"has-text-align-center\"><strong>\u201eLietuviai\u201c \u010cikagos lietuvi\u0173 operoje<\/strong><\/p>\n\n\n\n<p>\u201eSoviet\u0173 okupacijos metais, kai Lietuvoje opera \u201eLietuviai\u201c d\u0117l cenz\u016bros negal\u0117jo b\u016bti statoma, jai keli\u0105 \u012f tautos \u0161irdis atv\u0117r\u0117 \u010cikagos lietuvi\u0173 opera, ir toliau puosel\u0117jusi gyv\u0105 laisvosios Lietuvos kult\u016brin\u0119 dvasi\u0105. Lituanistin\u0117s temos k\u016briniai \u010cikagos lietuvi\u0173 operos repertuare visuomet u\u017e\u0117m\u0117 ypating\u0105 viet\u0105 \u2013 tai buvo erdv\u0117, kur gal\u0117jai nevar\u017eomai kalb\u0117ti apie tautin\u0119 tapatyb\u0119, istorij\u0105, tremt\u012f, pasiprie\u0161inim\u0105\u201c, \u2013 pasakoja V. Adamkus.<\/p>\n\n\n\n<p>Pirmoji \u201eLietuvi\u0173\u201c premjera \u010cikagos lietuvi\u0173 operoje \u012fvyko 1981 m. Joje buvo dainuojama lietuvi\u0161kai \u2013 Antonio Ghislanzoni para\u0161yt\u0105 operos libret\u0105 \u012f lietuvi\u0173 kalb\u0105 meistri\u0161kai i\u0161vert\u0117 poetas Stasys Santvaras. Pagrindin\u0119 Aldonos partij\u0105 tuomet \u010cikagoje atliko dabartin\u0117 Vilniaus klubo nar\u0117 Nerija Linkevi\u010di\u016bt\u0117-Kasparien\u0117.<\/p>\n\n\n\n<p>Ypatingu \u012fvykiu \u201eLietuvi\u0173\u201c istorijoje tapo 1991 m. pastatymas \u010cikagos lietuvi\u0173 operoje, kuriame pirm\u0105 kart\u0105 k\u016brybines galias simboli\u0161kai suvienijo abipus Atlanto gyvenantys lietuviai. J\u012f suk\u016br\u0117 dirigentas Vytautas Vir\u017eonis, re\u017eisierius Eligijus Domarkas, dailinink\u0117 Janina Malinauskait\u0117, o pagrindines Aldonos ir Valterio partijas atliko LNOBT solistai Irena Milkevi\u010di\u016bt\u0117 ir Virgilijus Noreika. Tais pa\u010diais metais \u0161is reik\u0161mingas pastatymas buvo pristatytas ir Vilniuje.<\/p>\n\n\n\n<p class=\"has-text-align-center\"><strong>Operos pastatymai Lietuvoje<\/strong><\/p>\n\n\n\n<p>Lietuvos vardo t\u016bkstantme\u010diui dedikuota \u201eLietuvi\u0173\u201c premjera 2009 m. \u012fvyko istorin\u0117je Trak\u0173 pilyje. \u0160\u012f pastatym\u0105 pareng\u0117 re\u017eisierius Jonas Jura\u0161as, dirigentas Robertas \u0160ervenikas, dailininkai Mindaugas Navakas ir Aleksandra Jacovskyt\u0117.<\/p>\n\n\n\n<p>Ir \u0161tai art\u0117ja rugs\u0117jo 5-oji \u2013 diena, kai i\u0161vysime pirm\u0105j\u012f \u201eLietuvi\u0173\u201c pastatym\u0105, specialiai kuriam\u0105 did\u017eiajai LNOBT scenai. Premjeros re\u017eisierius, o taip pat jos dekoracij\u0173 ir kostium\u0173 dailininkas \u2013 Hugo de Ana. Muzikos vadovas ir dirigentas \u2013 Gianluca Marcian\u00f3. Operos, garsinan\u010dios Lietuvos vard\u0105, pastatymo mecenatas \u2013 Vilniaus klubas.<\/p>\n\n\n\n<p>\u201eMan atrodo svarbu, kad opera \u201eLietuviai\u201c pagaliau bus pastatyta Lietuvos nacionaliniame operos ir baleto teatre. \u0160i opera \u2013 tai istorinis liudijimas, kad m\u016bs\u0173 tauta u\u017esienie\u010di\u0173 akimis buvo vertinama kaip stipri, didinga ir verta \u012fam\u017einimo. \u201eLietuvi\u0173&#8221; premjera Vilniuje primins mums, kas esame, ir \u012fkv\u0117ps naujas kartas puosel\u0117ti tai, k\u0105 turime brangiausio \u2013 savo laisv\u0119, kult\u016br\u0105 ir istorij\u0105\u201c, \u2013 d\u017eiaugiasi art\u0117jan\u010dios premjeros laukiantis V. Adamkus.<\/p>\n","protected":false},"excerpt":{"rendered":"<p>Paskutin\u0117s vasaros dienos netruks prab\u0117gti, o kartu su jomis \u2013 ir laikas, skiriantis mus nuo Amilcare\u2018s Ponchielli operos \u201eLietuviai\u201c premjeros. \u012esp\u016bding\u0105 pastatym\u0105 Lietuvos nacionalinio operos ir baleto teatro scenoje bus&hellip; <\/p>\n","protected":false},"author":2,"featured_media":6861,"comment_status":"open","ping_status":"open","sticky":false,"template":"","format":"standard","meta":{"footnotes":""},"categories":[6],"tags":[],"_links":{"self":[{"href":"https:\/\/choras.lt\/index.php\/wp-json\/wp\/v2\/posts\/6859"}],"collection":[{"href":"https:\/\/choras.lt\/index.php\/wp-json\/wp\/v2\/posts"}],"about":[{"href":"https:\/\/choras.lt\/index.php\/wp-json\/wp\/v2\/types\/post"}],"author":[{"embeddable":true,"href":"https:\/\/choras.lt\/index.php\/wp-json\/wp\/v2\/users\/2"}],"replies":[{"embeddable":true,"href":"https:\/\/choras.lt\/index.php\/wp-json\/wp\/v2\/comments?post=6859"}],"version-history":[{"count":4,"href":"https:\/\/choras.lt\/index.php\/wp-json\/wp\/v2\/posts\/6859\/revisions"}],"predecessor-version":[{"id":6864,"href":"https:\/\/choras.lt\/index.php\/wp-json\/wp\/v2\/posts\/6859\/revisions\/6864"}],"wp:featuredmedia":[{"embeddable":true,"href":"https:\/\/choras.lt\/index.php\/wp-json\/wp\/v2\/media\/6861"}],"wp:attachment":[{"href":"https:\/\/choras.lt\/index.php\/wp-json\/wp\/v2\/media?parent=6859"}],"wp:term":[{"taxonomy":"category","embeddable":true,"href":"https:\/\/choras.lt\/index.php\/wp-json\/wp\/v2\/categories?post=6859"},{"taxonomy":"post_tag","embeddable":true,"href":"https:\/\/choras.lt\/index.php\/wp-json\/wp\/v2\/tags?post=6859"}],"curies":[{"name":"wp","href":"https:\/\/api.w.org\/{rel}","templated":true}]}}