{"id":6960,"date":"2025-09-23T13:32:31","date_gmt":"2025-09-23T13:32:31","guid":{"rendered":"https:\/\/choras.lt\/?p=6960"},"modified":"2025-09-23T13:32:33","modified_gmt":"2025-09-23T13:32:33","slug":"baltu-vienybes-diena-klaipedoje-ir-ventspilyje-istorija-kuri-skamba-choru-muzika","status":"publish","type":"post","link":"https:\/\/choras.lt\/index.php\/2025\/09\/23\/baltu-vienybes-diena-klaipedoje-ir-ventspilyje-istorija-kuri-skamba-choru-muzika\/","title":{"rendered":"Balt\u0173 vienyb\u0117s diena Klaip\u0117doje ir Ventspilyje: istorija, kuri skamba chor\u0173 muzika"},"content":{"rendered":"\n<p>Balt\u0173 vienyb\u0117s diena \u2013 ne vien data kalendoriuje. Ji gimsta i\u0161 konkretaus \u012fvykio ir \u0161iuolaikin\u0117s praktikos. 1236 m. rugs\u0117jo 22 d. Saul\u0117s m\u016b\u0161yje, \u017eemai\u010diai kartu su \u017eiemgaliais sustabd\u0117 Kalavijuo\u010di\u0173 ordin\u0105 \u2013 jungtin\u0117 balt\u0173 j\u0117ga nul\u0117m\u0117 l\u016b\u017e\u012f regione. Nuo 2000 m. Lietuvos ir Latvijos parlamentai \u0161i\u0105 dat\u0105 oficialiai paskelb\u0117 Balt\u0173 vienyb\u0117s diena. \u0160iandien j\u0105 atpa\u017e\u012fstame i\u0161 piliakalni\u0173 lau\u017e\u0173 ir i\u0161 chor\u0173, kasmet jungian\u010di\u0173 dvi tradicijas \u012f vien\u0105 program\u0105. \u0160iemet, rugs\u0117jo 14 dien\u0105, Balt\u0173 vienyb\u0117s dienos min\u0117jimo \u0161vent\u0117 vyko dviejuose uostuose \u2013\u00a0Ventspilio koncert\u0173 sal\u0117je \u201eLatvija\u201c ir Klaip\u0117dos kult\u016bros centro \u017dvej\u0173 r\u016bmuose.<\/p>\n\n\n\n<p>\u201eVisuomet ie\u0161kome programos, kuri atspind\u0117t\u0173 bendrum\u0105 ir kartu leist\u0173 parodyti savitum\u0105,\u201c \u2013 pabr\u0117\u017eia\u00a0Rasa Gelgotien\u0117, Vilniaus universiteto akademinio mi\u0161raus choro \u201eGaudeamus\u201c vadov\u0117 ir Lietuvos chor\u0173 s\u0105jungos prezident\u0117. Lietuvos chor\u0173 a\u0161imi tapo\u00a0M. K. \u010ciurlionio\u00a0muzika, ypa\u010d reik\u0161minga jo 150-\u0173j\u0173 gimimo metini\u0173 kontekste:\u00a0Kyrie, Gloria, Sanctus, Beau\u0161tanti au\u0161rel\u0117, Oi giria giria, Anoj pus\u0117j Nemuno, Nemune upeli, Lak\u0161tang\u0117l\u0117. \u201eSezono prad\u017eioje tai \u2013 didelis i\u0161\u0161\u016bkis, ta\u010diau chorai susitelk\u0117 ir padar\u0117 darb\u0105,\u201c \u2013 sako R. Gelgotien\u0117.<\/p>\n\n\n\n<p>\u0160\u012fkart Latvij\u0105 atstovavo\u00a0Rygos technikos universiteto Liepojos akademijos mergin\u0173 choras \u201eAtbalss\u201c (vad. Ilze Valce),\u00a0Liepojos liaudies meno ir kult\u016bros centro mi\u0161rus choras \u201eIntis\u201c (vad. Ilze Valce),\u00a0Ventspilio kult\u016bros centro mi\u0161r\u016bs chorai \u201eL\u012bvzeme\u201c (vad. Astra Plostniece) ir \u201eKaiva\u201c (vad. Ginta R\u016bse),\u00a0Ventspilio teatro nam\u0173 \u201eJ\u016bras V\u0101rti\u201c mi\u0161rus choras \u201eVentspils\u201c (vad. Aigars Meri). I\u0161 Lietuvos dainavo\u00a0Vilniaus universiteto akademinis mi\u0161rus choras \u201eGaudeamus\u201c (vad. Rasa Gelgotien\u0117),\u00a0Vilniaus kult\u016bros centro LRT jaunimo choras (vad. Regina Maleckait\u0117),\u00a0\u0160ilal\u0117s kult\u016bros centro mi\u0161rus choras \u201eMedv\u0117galis\u201c ir jaunimo choras \u201eCantando\u201c (vad. Sandra Rimkut\u0117-Jnkuvien\u0117),\u00a0Klaip\u0117dos kult\u016bros centro moter\u0173 choras \u201eDang\u0117\u201c (vad. Judita Kiaulakyt\u0117). Program\u0105 papild\u0117\u00a0Andrejo Jurj\u0101nso, J\u0101nio Strazdo, Raimondo Tigulio, Juozo Gudavi\u010diaus k\u016briniai, o bendros dainos \u2013\u00a0\u201eP\u016bt, v\u0113ji\u0146i\/V\u0117jali, p\u016bsk\u201c\u00a0ir\u00a0\u201eKur giria \u017ealiuoja\u201c\u00a0\u2013 tapo nat\u016braliu tiltu tarp kalb\u0173 ir tradicij\u0173.<\/p>\n\n\n\n<p>Pirmasis koncertas vyko Ventspilio koncert\u0173 sal\u0117je \u201eLatvija\u201c, kur architekt\u016bra ir akustika leido i\u0161skleisti jungtini\u0173 numeri\u0173 sumanym\u0105. Kulminacija tapo\u00a0J\u0113kabo Jan\u010devskio\u00a0oratorijos\u00a0\u201eNo Letu Zemes\u201c\u00a0finalas su jungtiniu lietuvi\u0173 ir latvi\u0173 choru bei orkestru. \u201eKai choras i\u0161sid\u0117sto scenoje ir balkonuose, garsas apjuosia sal\u0119. Choristai lanks\u010diai reagavo \u012f dirigento interpretacijas \u2013 nuo tempo iki dinamini\u0173 niuans\u0173,\u201c \u2013 pasakoja\u00a0\u201eMedv\u0117galio\u201c\u00a0ir\u00a0\u201eCantando\u201c\u00a0vadov\u0117 Sandra Rimkut\u0117 &#8211; Jankuvien\u0117. Pasak jos, interpretacini\u0173 sprendim\u0173 \u0161erdis: \u201eteksto prasm\u0117, bals\u0173 linij\u0173 logika, charakterui parinkti tempai ir dinamika\u201c. Taip pat prid\u016br\u0117, kad: \u201eM\u016bs\u0173 chore \u2013 labai patrioti\u0161ki \u017emon\u0117s, jau vien i\u0161 pavadinimo tai galima matyti \u2013 Medv\u0117galis (taip pavadintas vienas did\u017eiausi\u0173 piliakalni\u0173 \u0160ilal\u0117s rajone). Choristams svarbi kra\u0161to, \u0161alies istorija, jos saugojimas, puosel\u0117jimas. Tod\u0117l ir Balt\u0173 vienyb\u0117s diena yra vienas reik\u0161mingiausi\u0173 \u012fvyki\u0173. Ji \u0161ven\u010diama ant ne vieno m\u016bs\u0173 apskrities piliakalnio. Patirtis \u0161ia proga koncertuoti LCHS tarptautiniame projekte suteik\u0117 ne\u012fkainojamos dvasin\u0117s stipryb\u0117s, vienyb\u0117s jausm\u0105.\u201c Tuosyk, Klaip\u0117doje vykusiame koncerte, d\u0117l sal\u0117s remonto teko rinktis netradicin\u012f sprendim\u0105 \u2013 scena tapo ir atlik\u0117j\u0173, ir \u017ei\u016brov\u0173 erdve. \u201eSprendimas ne\u012fprastas, bet veik\u0117. Artumas su publika tik padidino \u012fsitraukim\u0105,\u201c \u2013 sako\u00a0Judita Kiaulakyt\u0117, moter\u0173 choro\u00a0\u201eDang\u0117\u201c vadov\u0117.<\/p>\n\n\n\n<p>Prie projekto kiek v\u0117liau prisijungusio\u00a0LRT jaunimo choro vadov\u0117 Regina Maleckait\u0117 pabr\u0117\u017e\u0117, kad did\u017eiausia u\u017eduotis buvo grafikas: \u201eDu koncertai per dien\u0105 ir perva\u017eiavimai reikalauja disciplinos \u2013 svarbiausia buvo pasaugoti jaunus balsus.\u201c Taip pat teig\u0117, jog tai: \u201epuikus projektas. Nor\u0117\u010diau, kad gyvuot\u0173 ilgai.\u201c<\/p>\n\n\n\n<p>Istorinis karkasas \u010dia akivaizdus. Balt\u0173 vienyb\u0117s dien\u0105 simbolizuojantys\u00a0lau\u017eai ant piliakalni\u0173, kalv\u0173 ir pakran\u010di\u0173\u00a0\u2013 senovin\u0117s ugnies, laikytos gyvyb\u0117s ir atsinaujinimo \u017eenklu, t\u0105sa. Koncert\u0173 strukt\u016bra t\u0105 pa\u010di\u0105 id\u0117j\u0105 paver\u010dia garsu: kartu atliekamos dainos ir jungtiniai numeriai i\u0161 esm\u0117s veikia kaip muzikiniai \u201elau\u017eai\u201c, aplink kuriuos telkiasi publika. \u201eKai penki Lietuvos chorai atsine\u0161a \u010ciurlion\u012f, o su latviais susijungiame bendruose numeriuose \u2013 vienyb\u0117 nustoja b\u016bti deklaracija,\u201c \u2013 reziumuoja R. Gelgotien\u0117.<\/p>\n\n\n\n<p class=\"has-text-align-center\"><strong>Pareng\u0117 Lukrecija Stonkut\u0117<\/strong><br>Projekt\u0105 finansuoja Lietuvos kult\u016bros taryba<br><\/p>\n","protected":false},"excerpt":{"rendered":"<p>Balt\u0173 vienyb\u0117s diena \u2013 ne vien data kalendoriuje. Ji gimsta i\u0161 konkretaus \u012fvykio ir \u0161iuolaikin\u0117s praktikos. 1236 m. rugs\u0117jo 22 d. Saul\u0117s m\u016b\u0161yje, \u017eemai\u010diai kartu su \u017eiemgaliais sustabd\u0117 Kalavijuo\u010di\u0173 ordin\u0105&hellip; <\/p>\n","protected":false},"author":2,"featured_media":6962,"comment_status":"open","ping_status":"open","sticky":false,"template":"","format":"standard","meta":{"footnotes":""},"categories":[3],"tags":[],"_links":{"self":[{"href":"https:\/\/choras.lt\/index.php\/wp-json\/wp\/v2\/posts\/6960"}],"collection":[{"href":"https:\/\/choras.lt\/index.php\/wp-json\/wp\/v2\/posts"}],"about":[{"href":"https:\/\/choras.lt\/index.php\/wp-json\/wp\/v2\/types\/post"}],"author":[{"embeddable":true,"href":"https:\/\/choras.lt\/index.php\/wp-json\/wp\/v2\/users\/2"}],"replies":[{"embeddable":true,"href":"https:\/\/choras.lt\/index.php\/wp-json\/wp\/v2\/comments?post=6960"}],"version-history":[{"count":3,"href":"https:\/\/choras.lt\/index.php\/wp-json\/wp\/v2\/posts\/6960\/revisions"}],"predecessor-version":[{"id":6964,"href":"https:\/\/choras.lt\/index.php\/wp-json\/wp\/v2\/posts\/6960\/revisions\/6964"}],"wp:featuredmedia":[{"embeddable":true,"href":"https:\/\/choras.lt\/index.php\/wp-json\/wp\/v2\/media\/6962"}],"wp:attachment":[{"href":"https:\/\/choras.lt\/index.php\/wp-json\/wp\/v2\/media?parent=6960"}],"wp:term":[{"taxonomy":"category","embeddable":true,"href":"https:\/\/choras.lt\/index.php\/wp-json\/wp\/v2\/categories?post=6960"},{"taxonomy":"post_tag","embeddable":true,"href":"https:\/\/choras.lt\/index.php\/wp-json\/wp\/v2\/tags?post=6960"}],"curies":[{"name":"wp","href":"https:\/\/api.w.org\/{rel}","templated":true}]}}