{"id":6984,"date":"2025-09-29T20:17:10","date_gmt":"2025-09-29T20:17:10","guid":{"rendered":"https:\/\/choras.lt\/?p=6984"},"modified":"2025-09-29T20:17:12","modified_gmt":"2025-09-29T20:17:12","slug":"uzdeganti-kelione-i-viena-triju-lietuvos-choru-vadoviu-patirtys-erasmus-projekte","status":"publish","type":"post","link":"https:\/\/choras.lt\/index.php\/2025\/09\/29\/uzdeganti-kelione-i-viena-triju-lietuvos-choru-vadoviu-patirtys-erasmus-projekte\/","title":{"rendered":"\u201eU\u017edeganti\u201c kelion\u0117 \u012f Vien\u0105: trij\u0173 Lietuvos chor\u0173 vadovi\u0173 patirtys \u201eErasmus+\u201c projekte"},"content":{"rendered":"\n<p>\u201eErasmus+\u201c projektas t\u0119siasi \u2013 \u0161\u012fkart \u012f Austrij\u0105 vyko trys Lietuvos chor\u0173 vadov\u0117s: Vievio kult\u016bros centro mi\u0161raus kamerinio choro \u201eCon moto\u201c vadov\u0117 ir Vievio kult\u016bros centro direktor\u0117 Audron\u0117 Stepankevi\u010di\u016bt\u0117, Vilniaus Karolini\u0161ki\u0173 seni\u016bnijos mi\u0161raus choro \u201eLibro\u201c vadov\u0117 Lilijana Zarankien\u0117 ir Vilniaus miesto savivaldyb\u0117s choro \u201eJauna muzika\u201c chormeister\u0117 August\u0117 Andrijauskait\u0117. Savait\u0117 Vienoje joms tapo intensyvia meistri\u0161kumo pamoka, \u012f kuri\u0105 tilpo repeticij\u0173 steb\u0117jimai, nauj\u0173 metodik\u0173 i\u0161bandymai ir kult\u016bros atradimai.<\/p>\n\n\n\n<p>\u201eErasmus+\u201c tapo dar didesne motyvacija tobul\u0117ti. Patirtis \u201egyvai\u201c stebint chor\u0173 repeticijas yra be galo vertinga. Ji skatina ie\u0161koti nauj\u0173, patrauklesni\u0173 metod\u0173 ir daro mano, kaip chorved\u0117s, darb\u0105 efektyvesn\u012f\u201c, \u2013 sako Audron\u0117 Stepankevi\u010di\u016bt\u0117. August\u0117 Andrijauskait\u0117 priduria, kad \u0161i patirtis leido pa\u017evelgti \u012f dirigento veikl\u0105 platesniame kontekste, ai\u0161kiau pamatyti stiprybes ir augimo kryptis, o u\u017emegzti ry\u0161iai su Vienoje dirban\u010diais kolegomis ateityje gali virsti bendrais projektais. \u201e\u0160i kelion\u0117 tiesiog sujudino \u2013 atgaivino nor\u0105 reikliau dirbti, ie\u0161koti \u012fdomesni\u0173 interpretacij\u0173 ir skatinti choristus patiems dom\u0117tis atliekamais k\u016briniais\u201c, \u2013 teigia Lilijana Zarankien\u0117.<\/p>\n\n\n\n<p>Vadov\u0117s steb\u0117jo trij\u0173 kolektyv\u0173 darb\u0105: \u201eWiener Singverein\u201c (Vienos dainavimo draugijos chor\u0105, vad. Johannes Prinz), \u201eWiener Singakademie\u201c (Vienos dainavimo akademijos chor\u0105, vad. Heinz Ferlesch) ir \u0161ved\u0173 bendruomen\u0117s chor\u0105 Vienoje (vad. Tatjana Wrumnig). Daugiausia \u012fsp\u016bd\u017ei\u0173 suk\u0117l\u0117 monumental\u016bs Vienos chorai ir j\u0173 brandi darbo kult\u016bra, ta\u010diau vertinga buvo ir pa\u017eintis su \u0161ved\u0173 bendruomene \u2013 Audron\u0117 Stepankevi\u010di\u016bt\u0117 j\u0105 pakviet\u0117 kit\u0105met dalyvauti tradiciniame chor\u0173 festivalyje\u2013konkurse \u201eM\u016bs\u0173 dainose\u201c Vievyje.<\/p>\n\n\n\n<p>Stipriausia Vienoje patirta pamoka \u2013 \u012fsidainavimo sampratos i\u0161pl\u0117timas. Daugelyje steb\u0117t\u0173 repeticij\u0173 kiekvienas vokalinis pratimas buvo susietas su judesiu: rank\u0173 kryptys, k\u016bno pad\u0117tys, gars\u0105 vizualizuojan\u010dios trajektorijos pad\u0117jo choristams akimirksniu atrasti tinkam\u0105 vokalin\u0119 pozicij\u0105, o kartu \u2013 tikslesn\u0119 intonacij\u0105. \u012esidainavimai da\u017eniausiai vyko be instrumento: pradin\u012f gars\u0105 dirigentas \u201epaduodavo\u201c tarsi atsitiktinai, skatindamas choristus pasitik\u0117ti klausa ir gird\u0117ti derm\u0117s gravitacij\u0105. Tokia praktika ugd\u0117 interval\u0173 poj\u016bt\u012f, ritmin\u012f tikslum\u0105 ir kolektyvin\u012f klausym\u0105si. A. Stepankevi\u010di\u016bt\u0117 prisipa\u017e\u012fsta \u0161iuos metodus pritaikiusi jau kit\u0105 dien\u0105 po gr\u012f\u017eimo.<\/p>\n\n\n\n<p>Nat\u0173 skaitymo disciplina \u2013 dar viena Austrijos chorams b\u016bdinga stipryb\u0117. Choristai precizi\u0161kai laikosi natose nurodyt\u0173 dinamini\u0173, \u0161tricho ir kit\u0173 \u017eym\u0117jim\u0173, tod\u0117l dirigentas gali koncentruotis \u012f interpretacijos \u201e\u0161lifavim\u0105\u201c, o ne \u012f elementari\u0173 nuorod\u0173 priminim\u0105. \u201e\u017dav\u0117jo nepriekai\u0161tinga dikcija \u2013 net dainuojant pranc\u016bzi\u0161kai tartis skamb\u0117jo ai\u0161kiai, skleid\u0117 prasm\u0119 ir frazuot\u0119. Tai sritis, kurioje daugeliui Lietuvos saviveiklini\u0173 chor\u0173 dar yra kur augti\u201c, \u2013 pastebi L. Zarankien\u0117.<\/p>\n\n\n\n<p>Ne ma\u017eiau \u012fkvepiantys pasirod\u0117 ir organizaciniai sprendimai. Steb\u0117tose repeticijose nuolat dalyvavo koncertmeisteris. Jo atsakomyb\u0117 buvo ton\u0173 padavimas ir harmoninis planas, tod\u0117l dirigentas gal\u0117jo vis\u0105 laik\u0105 likti prie pulto ir dirbti su skambesio id\u0117ja. \u201eWiener Singverein\u201c veikia projektiniu principu: chore dainuoja apie 300 nari\u0173, ta\u010diau kiekvienam k\u016briniui suburiama tiek atlik\u0117j\u0173, kiek reikia pagal programos apimt\u012f ir skambesio vizij\u0105. Tokia strukt\u016bra leid\u017eia tiksliau planuoti repeticij\u0173 laik\u0105, o kartais repeticijos skaidomos \u012f atskiras moter\u0173 ir vyr\u0173 grupes \u2013 taip darbas tampa produktyvesnis.<\/p>\n\n\n\n<p>Triuk\u0161mo nebuvimas, d\u0117mesio koncentracija ir pagarbos kult\u016bra \u2013 tai kasdien\u0117s Vienos chor\u0173 vertyb\u0117s. Repeticijose neteko matyti telefonus vartan\u010di\u0173 ar tarpusavyje \u0161nab\u017edan\u010di\u0173 chorist\u0173; pav\u0117lavusieji prisijungdavo tyliai, sal\u0117s gale, savo viet\u0105 u\u017eimdami tik pasibaigus epizodui. Kartu atmosfera nebuvo \u012ftempta \u2013 akivaizdus buvo pozityvus gr\u012f\u017etamasis ry\u0161ys, dirigent\u0173 geb\u0117jimas sustabdyti akimirk\u0105 po pavykusio epizodo ir leisti kolektyvui pasiger\u0117ti skambesiu. Tai, pasak pa\u0161nekovi\u0173, ne tik motyvuoja, bet ir formuoja bendr\u0105 muzikin\u0117s atsakomyb\u0117s jausm\u0105.<\/p>\n\n\n\n<p>Muzikini\u0173 \u012fsp\u016bd\u017ei\u0173 vir\u0161\u016bne tapo Franzo Schmidto oratorija \u201eDas Buch mit sieben Siegeln\u201c. \u201eTai buvo bene paskutin\u0117s repeticijos prie\u0161 koncert\u0105 \u2013 jutome k\u016brinio energij\u0105 ir dramatizm\u0105, nors dirbta su atskirais choriniais epizodais\u201c, \u2013 prisimena A. Stepankevi\u010di\u016bt\u0117. A. Andrijauskait\u0117 oratorij\u0105 apib\u016bdina kaip monumental\u0173, techni\u0161kai reikl\u0173 ir emoci\u0161kai prikaustant\u012f k\u016brin\u012f.<\/p>\n\n\n\n<p>\u0160i savait\u0117 Vienoje neapsiribojo vien repeticij\u0173 sal\u0117mis. Lietuvos chor\u0173 vadov\u0117s lank\u0117si Belvederio r\u016bm\u0173 galerijoje (kurioje \u2013 ir Gustavo Klimto \u201eBu\u010dinys\u201c), Meno istorijos muziejuje su Rafaelio, D\u017eord\u017eon\u0117s, Karavad\u017eo, Vermeerio, Ticiano darbais, Sisi muziejuje ir interaktyviame Johanno \u0160trauso muziejuje. Taip pat jos klaus\u0117si W. A. Mozarto programos Auksin\u0117je Vienos filharmonijos sal\u0117je, A. Vivald\u017eio \u201eMet\u0173 laik\u0173\u201c, \u0160v. Stepono katedroje, \u017eav\u0117josi G. Verdi \u201eOtelu\u201c, Vienos valstybin\u0117je operoje ir J. \u0160trauso \u201e\u0160ik\u0161nosparniu\u201c Volksoper scenoje. \u201eViena \u2013 karali\u0161kas svajoni\u0173 miestas\u201c, \u2013 sako L. Zarankien\u0117. \u0160ie kult\u016briniai patyrimai, lyd\u0117j\u0119 profesines \u012f\u017evalgas, dar labiau sutvirtino suvokim\u0105, kad muzika yra kasdienyb\u0117s audinys.<\/p>\n\n\n\n<p>K\u0105 \u0161is \u201eErasmus+\u201c etapas rei\u0161kia Lietuvai? Vis\u0173 pirma \u2013 ap\u010diuopiamus poky\u010dius repeticijose: \u012fsidainavimo modeliai su judesiu ir be instrumento, didesnis d\u0117mesys artikuliacijai ir dikcijai, pozityvaus gr\u012f\u017etamojo ry\u0161io praktikos. Antra \u2013 platesnes jungtis: planuojamas \u0161ved\u0173 bendruomen\u0117s choro vizitas \u012f Viev\u012f, ry\u0161iai su Vienos dirigentais ir chorais, kurie gali virsti main\u0173 projektais. Tre\u010dia \u2013 repertuaro horizont\u0173 pl\u0117tim\u0105, atsigr\u0119\u017eiant \u012f austr\u0173 muzikos lobyn\u0105 ir ie\u0161kant k\u016brini\u0173, kurie praturtint\u0173 Lietuvos chorin\u012f peiza\u017e\u0105.<\/p>\n\n\n\n<p>\u201eParsive\u017e\u0117me daug naujovi\u0173 ir noro jas pritaikyti \u2013 nuo balso formavimo iki chorist\u0173 motyvacijos\u201c, \u2013 reziumuoja A. Stepankevi\u010di\u016bt\u0117. L. Zarankien\u0117 planuoja dar labiau \u012ftraukti choristus \u012f k\u016brini\u0173 pa\u017einim\u0105, o A. Andrijauskait\u0117 \u2013 ie\u0161koti b\u016bd\u0173 kaip tobulinti choro daininink\u0173 intonacij\u0105 ir bendr\u0105 kolektyvo skambes\u012f. Vis\u0173 trij\u0173 vadovi\u0173 balsai sutampa: \u0161i patirtis \u2013 motyvuojanti, \u012fkv\u0117pianti ir atverianti.<\/p>\n\n\n\n<p class=\"has-text-align-center\"><strong>Pareng\u0117 Lukrecija Stonkut\u0117<\/strong><\/p>\n","protected":false},"excerpt":{"rendered":"<p>\u201eErasmus+\u201c projektas t\u0119siasi \u2013 \u0161\u012fkart \u012f Austrij\u0105 vyko trys Lietuvos chor\u0173 vadov\u0117s: Vievio kult\u016bros centro mi\u0161raus kamerinio choro \u201eCon moto\u201c vadov\u0117 ir Vievio kult\u016bros centro direktor\u0117 Audron\u0117 Stepankevi\u010di\u016bt\u0117, Vilniaus Karolini\u0161ki\u0173&hellip; <\/p>\n","protected":false},"author":2,"featured_media":6987,"comment_status":"open","ping_status":"open","sticky":false,"template":"","format":"standard","meta":{"footnotes":""},"categories":[5],"tags":[],"_links":{"self":[{"href":"https:\/\/choras.lt\/index.php\/wp-json\/wp\/v2\/posts\/6984"}],"collection":[{"href":"https:\/\/choras.lt\/index.php\/wp-json\/wp\/v2\/posts"}],"about":[{"href":"https:\/\/choras.lt\/index.php\/wp-json\/wp\/v2\/types\/post"}],"author":[{"embeddable":true,"href":"https:\/\/choras.lt\/index.php\/wp-json\/wp\/v2\/users\/2"}],"replies":[{"embeddable":true,"href":"https:\/\/choras.lt\/index.php\/wp-json\/wp\/v2\/comments?post=6984"}],"version-history":[{"count":1,"href":"https:\/\/choras.lt\/index.php\/wp-json\/wp\/v2\/posts\/6984\/revisions"}],"predecessor-version":[{"id":6985,"href":"https:\/\/choras.lt\/index.php\/wp-json\/wp\/v2\/posts\/6984\/revisions\/6985"}],"wp:featuredmedia":[{"embeddable":true,"href":"https:\/\/choras.lt\/index.php\/wp-json\/wp\/v2\/media\/6987"}],"wp:attachment":[{"href":"https:\/\/choras.lt\/index.php\/wp-json\/wp\/v2\/media?parent=6984"}],"wp:term":[{"taxonomy":"category","embeddable":true,"href":"https:\/\/choras.lt\/index.php\/wp-json\/wp\/v2\/categories?post=6984"},{"taxonomy":"post_tag","embeddable":true,"href":"https:\/\/choras.lt\/index.php\/wp-json\/wp\/v2\/tags?post=6984"}],"curies":[{"name":"wp","href":"https:\/\/api.w.org\/{rel}","templated":true}]}}