{"id":7041,"date":"2025-10-13T07:41:05","date_gmt":"2025-10-13T07:41:05","guid":{"rendered":"https:\/\/choras.lt\/?p=7041"},"modified":"2025-10-20T08:32:33","modified_gmt":"2025-10-20T08:32:33","slug":"nacionalinio-jaunimo-choro-koncerte-senoji-polifonija-atgims-siuolaikinese-interpretacijose","status":"publish","type":"post","link":"https:\/\/choras.lt\/index.php\/2025\/10\/13\/nacionalinio-jaunimo-choro-koncerte-senoji-polifonija-atgims-siuolaikinese-interpretacijose\/","title":{"rendered":"Nacionalinio jaunimo choro koncerte senoji polifonija atgim\u0117 \u0161iuolaikin\u0117se interpretacijose"},"content":{"rendered":"\n<p>Jau tre\u010dius metus Lietuvos nacionalinio kult\u016bros centro rengiamos k\u016brybin\u0117s laboratorijos \u201eLietuvos nacionalinis jaunimo choras\u201c rudenin\u0119 sesij\u0105 vainikavo koncertai Vilniuje ir Kaune. \u0160i\u0173met\u0117s programos tema \u2013 \u201eAtspind\u017eiai\u201c.<\/p>\n\n\n\n<p>Programoje skamb\u0117jo \u0161iuolaiki\u0161kai interpretuojam\u0173 senosios polifonijos meistr\u0173 Giovanni Pierluigi da Palestrinos, Williamo Byrdo, Johano Sebastiano Bacho bei lietuvi\u0173 autori\u0173 Vaclovo Augustino, Romualdo Gra\u017einio, Vidmanto Bartulio k\u016briniai, kuriuose skleid\u0117si Mikalojaus Konstantino \u010ciurlionio vizijos, liaudies melodij\u0173 atgarsiai bei improvizacijos.<\/p>\n\n\n\n<p>Nacionalinis jaunimo choras suteik\u0117 galimyb\u0119 i\u0161girsti, kaip senoji muzika tampa \u0161iuolaikin\u0117s k\u016brybos \u012fkv\u0117pimu \u2013 praeit\u012f ir dabart\u012f jungian\u010diu tiltu. Ji atgyja naujose interpretacijose ir leid\u017eia pa\u017evelgti \u012f kult\u016br\u0105 kaip \u012f gyv\u0105, nuolat kintant\u012f organizm\u0105.<\/p>\n\n\n\n<p>Koncertai vyko spalio 18 d.  Vilniaus \u0160v. Kotrynos ba\u017eny\u010dioje ir spalio 19 d. Kauno arkivyskupijos konferencij\u0173 sal\u0117je. Lietuvos nacionaliniam jaunimo chorui vadovauja dirigentai Povilas Van\u017eodis, Jurgita \u010cesonyt\u0117, chormeisteris Gabrielius Gaidamavi\u010dius, kankliuoja Egl\u0117 Ra\u010dinskien\u0117.<\/p>\n\n\n\n<p>K\u016brybin\u0117s laboratorijos \u201eLietuvos nacionalinis jaunimo choras\u201c tikslas \u2013 sudaryti galimybes jauniems chorved\u017eiams, dainininkams ir pedagogams tobul\u0117ti, dalytis patirtimi ir \u012fgyti nauj\u0173 k\u016brybini\u0173 \u012fg\u016bd\u017ei\u0173, puosel\u0117ti Lietuvos chorin\u0119 kult\u016br\u0105, palaikyti jos gyvybingum\u0105 ir atvirum\u0105 \u0161iuolaikin\u0117ms id\u0117joms. Projektas rengiamas vykdant 2021\u20132030 m. Lietuvos Respublikos kult\u016bros ministerijos kult\u016bros ir k\u016brybingumo pl\u0117tros programos pa\u017eangos priemon\u0117s \u201eAuk\u0161tos menin\u0117s vert\u0117s, \u012fvairaus ir \u012ftraukaus kult\u016bros turinio prieinamumo didinimas\u201c veiklos \u201eKult\u016bros sektoriaus darbuotoj\u0173 kvalifikacijos tobulinimas\u201c Lietuvos nacionalinio kult\u016bros centro projekto \u201eKult\u016bros centr\u0173 darbuotoj\u0173 kvalifikacijos tobulinimas\u201c veikl\u0105 \u2013 \u201eK\u016brybin\u0117 laboratorija \u201eNacionalinis jaunimo choras\u201c (\u201eChanging Horizons\u201c).<\/p>\n","protected":false},"excerpt":{"rendered":"<p>Jau tre\u010dius metus Lietuvos nacionalinio kult\u016bros centro rengiamos k\u016brybin\u0117s laboratorijos \u201eLietuvos nacionalinis jaunimo choras\u201c rudenin\u0119 sesij\u0105 vainikavo koncertai Vilniuje ir Kaune. \u0160i\u0173met\u0117s programos tema \u2013 \u201eAtspind\u017eiai\u201c. Programoje skamb\u0117jo \u0161iuolaiki\u0161kai interpretuojam\u0173&hellip; <\/p>\n","protected":false},"author":2,"featured_media":6892,"comment_status":"open","ping_status":"open","sticky":false,"template":"","format":"standard","meta":{"footnotes":""},"categories":[3],"tags":[],"_links":{"self":[{"href":"https:\/\/choras.lt\/index.php\/wp-json\/wp\/v2\/posts\/7041"}],"collection":[{"href":"https:\/\/choras.lt\/index.php\/wp-json\/wp\/v2\/posts"}],"about":[{"href":"https:\/\/choras.lt\/index.php\/wp-json\/wp\/v2\/types\/post"}],"author":[{"embeddable":true,"href":"https:\/\/choras.lt\/index.php\/wp-json\/wp\/v2\/users\/2"}],"replies":[{"embeddable":true,"href":"https:\/\/choras.lt\/index.php\/wp-json\/wp\/v2\/comments?post=7041"}],"version-history":[{"count":3,"href":"https:\/\/choras.lt\/index.php\/wp-json\/wp\/v2\/posts\/7041\/revisions"}],"predecessor-version":[{"id":7081,"href":"https:\/\/choras.lt\/index.php\/wp-json\/wp\/v2\/posts\/7041\/revisions\/7081"}],"wp:featuredmedia":[{"embeddable":true,"href":"https:\/\/choras.lt\/index.php\/wp-json\/wp\/v2\/media\/6892"}],"wp:attachment":[{"href":"https:\/\/choras.lt\/index.php\/wp-json\/wp\/v2\/media?parent=7041"}],"wp:term":[{"taxonomy":"category","embeddable":true,"href":"https:\/\/choras.lt\/index.php\/wp-json\/wp\/v2\/categories?post=7041"},{"taxonomy":"post_tag","embeddable":true,"href":"https:\/\/choras.lt\/index.php\/wp-json\/wp\/v2\/tags?post=7041"}],"curies":[{"name":"wp","href":"https:\/\/api.w.org\/{rel}","templated":true}]}}