{"id":7048,"date":"2025-10-14T18:47:22","date_gmt":"2025-10-14T18:47:22","guid":{"rendered":"https:\/\/choras.lt\/?p=7048"},"modified":"2025-10-27T09:03:13","modified_gmt":"2025-10-27T09:03:13","slug":"lnobt-kviecia-i-treciaji-balso-simpoziuma-diskutuos-apie-balso-ilgaamziskuma","status":"publish","type":"post","link":"https:\/\/choras.lt\/index.php\/2025\/10\/14\/lnobt-kviecia-i-treciaji-balso-simpoziuma-diskutuos-apie-balso-ilgaamziskuma\/","title":{"rendered":"LNOBT &#8211; tre\u010diasis balso simpoziumas apie balso ilgaam\u017ei\u0161kum\u0105"},"content":{"rendered":"\n<p>Spalio 24 dien\u0105 Lietuvos nacionaliniame operos ir baleto teatre jau tre\u010di\u0105 kart\u0105 vyko tarpdisciplininis balso simpoziumas \u201e\u017dmogus kuria bals\u0105\u201d. Mokslinis renginys, vyk\u0119s Pasaulin\u0117s operos dienos i\u0161vakar\u0117se, buvo atviras visiems, besidomintiems balso sveikata ir norintiems susipa\u017einti su \u0161ios srities naujov\u0117mis.<\/p>\n\n\n\n<p>Pagrindin\u0117 \u0161i\u0173 met\u0173 tema \u2013 balso ilgaam\u017ei\u0161kumas: kaip i\u0161laikyti bals\u0105 ne tik sveik\u0105, bet ir gyvybing\u0105 vis\u0105 profesin\u012f gyvenim\u0105. Simpoziumas ap\u0117m\u0117 plat\u0173 spektr\u0105 tem\u0173 \u2013 nuo medicinos ir psichologijos iki scenos meno, balso pedagogikos ir neuroedukacijos.<\/p>\n\n\n\n<p>Simpoziumo \u201e\u017dmogus kuria bals\u0105\u201c id\u0117jos autor\u0117, gydytoja otorinolaringolog\u0117 Aust\u0117ja Pe\u010deli\u016bnien\u0117, dirbdama su balso profesionalais, pastebi, kad balso sveikata neapsiriboja vien sveikomis balso klost\u0117mis. \u201eDa\u017enas nustemba, kad balso klost\u0117s ap\u017ei\u016bros metu atrodo idealiai, o balsas vis tiek neveikia. Kod\u0117l nepraeina dirglumo jausmas gerkl\u0117je ar balso trakte, kai objektyv\u016bs pa\u017eeidimai balso klost\u0117se nenustatomi? Kalb\u0117siu apie tai, kaip pad\u0117ti sau ir kitiems, patiriantiems reaktyvioms gerkloms b\u016bdingus simptomus, o ypa\u010d \u2013 balso profesionalams\u201d, \u2013 sak\u0117 A. Pe\u010deli\u016bnien\u0117.<\/p>\n\n\n\n<p class=\"has-text-align-center\"><strong>Paveikus \u012frankis scenoje ir gyvenime<\/strong><\/p>\n\n\n\n<p>Dr. Wendy LeBorgne \u2013 tarptautiniu mastu pripa\u017einta logoterapeut\u0117, komunikacijos kou\u010der\u0117, bestselerio \u201eVocal athlete\u201d autor\u0117 ir TEDx prane\u0161\u0117ja. Balso simpoziume Wendy kalb\u0117jo apie sveikim\u0105 po patirtos balso traumos. \u201eKai balsas tampa pagrindiniu darbo \u012frankiu, jo sutrikimai \u012fgauna ne tik medicinin\u012f, bet ir profesin\u012f bei ekonomin\u012f svor\u012f. M\u0117nesio trukm\u0117s tyla ar perteklinis vandens vartojimas \u2013 tai tik keli pavyzd\u017eiai gaj\u0173, ta\u010diau moksliniais tyrimais neparemt\u0173 rekomendacij\u0173, kurios ne tik kad nepadeda, bet ir kenkia\u201d, \u2013 pabr\u0117\u017eia gydytoja.<\/p>\n\n\n\n<p>Dr. W. LeBorgne savo prane\u0161ime pristat\u0117 efektyvi\u0105, mokslu pagr\u012fst\u0105 traum\u0173 prevencijos ir balso reabilitacijos program\u0105, sukurt\u0105 profesionaliems balso naudotojams \u2013\u201ebalso atletams\u201c. Dalyviai susipa\u017eino su da\u017eniausiomis balso traumomis, j\u0173 atsiradimo mechanizmais, prevencijos galimyb\u0117mis, sveikimo strategijomis ir ilgalaikio balso i\u0161laikymo principais \u012f pagalb\u0105 pasitelkiant \u017eaizd\u0173 gijimo modelius.<\/p>\n\n\n\n<p class=\"has-text-align-center\"><strong>Dainavimo ilgaam\u017ei\u0161kumas \u2013 ne utopija<\/strong><\/p>\n\n\n\n<p>\u012e tre\u010di\u0105j\u012f balso simpozium\u0105 sugr\u012f\u017eo ir sertifikuotas kv\u0117pavimo technik\u0173 treneris Josephas Batesas i\u0161 JAV, turintis daugiau nei 30 met\u0173 vokalo pedagogo patirt\u012f. \u201e\u0160iandien \u017emon\u0117s bendrauja ne tik gyvai, bet ir per vaizdo skambu\u010dius, tinklalaides, socialinius tinklus ar transliacijas. Ai\u0161kus, stiprus ir malonus balsas tampa svarbiu asmenin\u0117s ir profesin\u0117s tapatyb\u0117s elementu. Balsas yra vienas i\u0161 svarbiausi\u0173 emocin\u0117s rai\u0161kos \u012franki\u0173. Jis padeda kurti ry\u0161\u012f, i\u0161reik\u0161ti save, parodyti pasitik\u0117jim\u0105 savimi\u201c, \u2013 teig\u0117 vokalo pedagogas.<\/p>\n\n\n\n<p>J. Batesas \u0161iemet pad\u0117jo dalyviams i\u0161 naujo perm\u0105styti balso ilgaam\u017ei\u0161kumo samprat\u0105 XXI am\u017eiuje ir paband\u0117 \u012frodyti, kad ilgaam\u017ei\u0161kumas dainavime \u2013 ne utopija, o vis realesn\u0117 profesin\u0117 vizija. Kaip kei\u010diasi profesionalaus balso karjera, ilg\u0117jant gyvenimo trukmei, tobul\u0117jant medicinai, technologijoms bei kintant auditorijos l\u016bkes\u010diams?<\/p>\n\n\n\n<p class=\"has-text-align-center\"><strong>Balsas kaip autenti\u0161kumo paie\u0161kos<\/strong><\/p>\n\n\n\n<p>Visiems gerai pa\u017e\u012fstama Jurga \u0160eduikyt\u0117 \u2013 daininink\u0117, kompozitor\u0117, aktor\u0117, \u017eurnalist\u0117 ir ra\u0161ytoja, visuomen\u0117s veik\u0117ja. Jos k\u016brybin\u0117je \u201es\u0105skaitoje\u201d \u2013 10 apdovanot\u0173 autorin\u0117s muzikos album\u0173, trys knygos ir \u201eSidabrin\u0117 gerv\u0117\u201c u\u017e geriausi\u0105 animacin\u012f film\u0105. Balso simpoziume J. \u0160eduikyt\u0117 kalb\u0117jo apie tai, kaip svarbu i\u0161girsti save tiek gyvenime, tiek ant scenos.<\/p>\n\n\n\n<p>\u201eKartais pragyvename ne savo gyvenim\u0105, \u012fgyvendindami ne savo svajones ir kalb\u0117dami ne savo balsu. Taip gali atsitikti ir k\u016brybiniame kelyje, kai, nepriklausomai nuo profesin\u0117s s\u0117km\u0117s ir pasiekim\u0173, nustoji gird\u0117ti save. Jau\u010diu poreik\u012f ne tik pati kalb\u0117ti savo tikruoju balsu, bet ir kitiems pad\u0117ti i\u0161girsti ir atrasti tikr\u0105j\u012f pa\u0161aukim\u0105. Kaip? Asmeninio patyrimo, muzikos ir k\u016brybos pagalba\u201c, \u2013 sak\u0117 J. \u0160eduikyt\u0117.<\/p>\n\n\n\n<p class=\"has-text-align-center\"><strong>Dr\u0105sa b\u016bti netobulam<\/strong><\/p>\n\n\n\n<p>Prof. Eugenijus Laurinaitis \u2013 gydytojas psichiatras, psichoterapeutas, vienas \u017eymiausi\u0173 \u0161ios srities autoritet\u0173 Lietuvoje. Jis \u2013 ir d\u0117stytojas, lektorius, knyg\u0173 autorius, savo darbais jau daugel\u012f met\u0173 \u012fkvepiantis \u017emones giliau pa\u017einti save ir kurti s\u0105moningesn\u012f gyvenim\u0105.<\/p>\n\n\n\n<p>\u201eLabai da\u017enai \u017emon\u0117s klaid\u0105 supranta kaip kalt\u0119. Tada jie pradeda atgailauti, juos grau\u017eia j\u0173 pa\u010di\u0173 savivert\u0117s tr\u016bkumas. O reik\u0117t\u0173 pabandyti suvokti, kad a\u0161 turiu teis\u0119 klysti ir kad nesu tobulas. Scenos \u017emon\u0117s \u2013 dainininkai, aktoriai, atlik\u0117jai \u2013 kasdien susiduria su vertinimais, l\u016bkes\u010diais ir kritika. Tokiame fone da\u017enas ima abejoti savo sugeb\u0117jimais, kompetencijomis, o pasiekimai nustoja d\u017eiuginti\u201c, \u2013 konstatavo profesorius.<\/p>\n\n\n\n<p>Savo prane\u0161ime E. Laurinaitis kalb\u0117jo apie tai, kas kuria sveik\u0105 savivert\u0119, kod\u0117l dr\u0105sa b\u016bti netobulam yra stipryb\u0117 ir kaip atsispirti i\u0161orinei kritikai.<\/p>\n\n\n\n<p class=\"has-text-align-center\"><strong>Scenos \u012f\u017eymyb\u0117s \u2013 apie vie\u0161umo kain\u0105<\/strong><\/p>\n\n\n\n<p>Simpozium\u0105 u\u017ebaigusios tradicin\u0117s \u017eurnalisto Ram\u016bno Zilnio moderuojamos sesijos metu patyr\u0119 pop ir klasikin\u0117s muzikos atlik\u0117jai dalinosi savo patirtimi apie tai, kaip \u012fveikti tiek teigiam\u0105, tiek neigiam\u0105 d\u0117mes\u012f, nesugniu\u017edyti kritikos ir i\u0161laikyti tvirt\u0105 tik\u0117jim\u0105 savimi bei k\u016brybine vizija. Tema skirta \u012fkv\u0117pti ir suteikti verting\u0173 patarim\u0173 ateities scenos profesionalams.<\/p>\n\n\n\n<p>Pokalbyje dalyvavo operos solistas Mer\u016bnas Vitulskis, o taip pat atlik\u0117jai Monika Liu, Vaida Genyt\u0117, Migloko ir Leon Somov.<\/p>\n\n\n\n<p><\/p>\n","protected":false},"excerpt":{"rendered":"<p>Spalio 24 dien\u0105 Lietuvos nacionaliniame operos ir baleto teatre jau tre\u010di\u0105 kart\u0105 vyko tarpdisciplininis balso simpoziumas \u201e\u017dmogus kuria bals\u0105\u201d. Mokslinis renginys, vyk\u0119s Pasaulin\u0117s operos dienos i\u0161vakar\u0117se, buvo atviras visiems, besidomintiems&hellip; <\/p>\n","protected":false},"author":2,"featured_media":7050,"comment_status":"open","ping_status":"open","sticky":false,"template":"","format":"standard","meta":{"footnotes":""},"categories":[5],"tags":[],"_links":{"self":[{"href":"https:\/\/choras.lt\/index.php\/wp-json\/wp\/v2\/posts\/7048"}],"collection":[{"href":"https:\/\/choras.lt\/index.php\/wp-json\/wp\/v2\/posts"}],"about":[{"href":"https:\/\/choras.lt\/index.php\/wp-json\/wp\/v2\/types\/post"}],"author":[{"embeddable":true,"href":"https:\/\/choras.lt\/index.php\/wp-json\/wp\/v2\/users\/2"}],"replies":[{"embeddable":true,"href":"https:\/\/choras.lt\/index.php\/wp-json\/wp\/v2\/comments?post=7048"}],"version-history":[{"count":8,"href":"https:\/\/choras.lt\/index.php\/wp-json\/wp\/v2\/posts\/7048\/revisions"}],"predecessor-version":[{"id":7126,"href":"https:\/\/choras.lt\/index.php\/wp-json\/wp\/v2\/posts\/7048\/revisions\/7126"}],"wp:featuredmedia":[{"embeddable":true,"href":"https:\/\/choras.lt\/index.php\/wp-json\/wp\/v2\/media\/7050"}],"wp:attachment":[{"href":"https:\/\/choras.lt\/index.php\/wp-json\/wp\/v2\/media?parent=7048"}],"wp:term":[{"taxonomy":"category","embeddable":true,"href":"https:\/\/choras.lt\/index.php\/wp-json\/wp\/v2\/categories?post=7048"},{"taxonomy":"post_tag","embeddable":true,"href":"https:\/\/choras.lt\/index.php\/wp-json\/wp\/v2\/tags?post=7048"}],"curies":[{"name":"wp","href":"https:\/\/api.w.org\/{rel}","templated":true}]}}