{"id":7242,"date":"2025-11-27T08:04:11","date_gmt":"2025-11-27T08:04:11","guid":{"rendered":"https:\/\/choras.lt\/?p=7242"},"modified":"2025-11-27T08:04:13","modified_gmt":"2025-11-27T08:04:13","slug":"seimo-kulturos-komitetas-ivertino-nacionalines-koncertu-sales-statybu-progresa","status":"publish","type":"post","link":"https:\/\/choras.lt\/index.php\/2025\/11\/27\/seimo-kulturos-komitetas-ivertino-nacionalines-koncertu-sales-statybu-progresa\/","title":{"rendered":"Seimo Kult\u016bros komitetas \u012fvertino Nacionalin\u0117s koncert\u0173 sal\u0117s statyb\u0173 progres\u0105"},"content":{"rendered":"\n<p>Lygiai prie\u0161 metus ant sostin\u0117s Tauro kalno prad\u0117tos Nacionalin\u0117s koncert\u0173 sal\u0117s statybos \u0161iandien \u017eengia \u012f reik\u0161ming\u0105 etap\u0105. Seimo Kult\u016bros komitetas \u0161ios dienos i\u0161va\u017eiuojamajame pos\u0117dyje, apsilank\u0119s statybviet\u0117je, \u012fvertino projekto eig\u0105 ir atliktus darbus.<\/p>\n\n\n\n<p>Per pra\u0117jusius metus buvo suformuoti visi keturi vieno svarbiausi\u0173 Lietuvos kult\u016bros projekt\u0173 \u2013 Nacionalin\u0117s koncert\u0173 sal\u0117s \u2013 sali\u0173 pamatai. Ant dalies j\u0173 jau i\u0161kilo pastato konstrukcijos, ai\u0161kiai ry\u0161k\u0117ja b\u016bsimo kult\u016bros centro t\u016briai. Komiteto nariai taip pat ap\u017ei\u016br\u0117jo teritorij\u0105, kurioje matomi pagrindinio \u012f\u0117jimo kont\u016brai bei i\u0161ry\u0161k\u0117jusios did\u017eiosios ir ma\u017eosios scen\u0173 vietos.<\/p>\n\n\n\n<p>Pos\u0117d\u017eio metu Vilniaus miesto meras V. Benkunskas pristat\u0117 projekto \u012fgyvendinimo grafik\u0105 \u2013 suplanuota, kad Nacionalin\u0117 koncert\u0173 sal\u0117 duris visuomenei atvers 2028 m. IV ketvirt\u012f. Pabr\u0117\u017eta, kad kokybine prasme tokios koncert\u0173 sal\u0117s \u0161iame regione n\u0117ra, o projektas formuos nauj\u0105 kult\u016brin\u0117s infrastrukt\u016bros lyg\u012f visoje Lietuvoje.<\/p>\n\n\n\n<p>Komitetas akcentavo, kad Nacionalin\u0117 koncert\u0173 sal\u0117 tarnaus ne tik sostinei, bet ir visai valstybei. Projektui i\u0161laikomas nacionalinio objekto statusas \u2013 j\u012f u\u017etikrina Kult\u016bros ministerija, o Vilniaus miesto ind\u0117lis sudarys apie 20 proc. viso finansavimo. Miesto biud\u017eete 2026 m. \u0161iam tikslui jau numatyta 9 mln. eur\u0173.<\/p>\n\n\n\n<p>Komiteto pos\u0117d\u017eio metu akcentuoti du esminiai tikslai \u2013 finansini\u0173 \u012fsipareigojim\u0173 laikymasis ir sklandus statyb\u0173 grafiko vykdymas. Aptartas ir b\u016bsimos sal\u0117s operatoriaus klausimas, nuo kurio priklausys efektyvus u\u017eimtumas ir rengini\u0173 \u012fvairov\u0117. Siekiant u\u017etikrinti tinkam\u0105 teisin\u012f reguliavim\u0105, numatoma, kad gali reik\u0117ti Profesionalaus scenos meno \u012fstatymo pakeitim\u0173.<\/p>\n\n\n\n<p>Komitetas pabr\u0117\u017e\u0117, kad \u0161i koncert\u0173 sal\u0117 spr\u0119s ilgalaik\u0119 problem\u0105 \u2013 iki \u0161iol Lietuvos atlik\u0117jai da\u017enai netur\u0117jo tinkamiausi\u0173 akustini\u0173 ir technini\u0173 s\u0105lyg\u0173 savo pasirodymams. Naujoji sal\u0117 leis \u0161alies muzikams ir scenos menininkams dirbti aplinkoje, prilygstan\u010dioje moderniausioms Europos koncert\u0173 erdv\u0117ms.<\/p>\n\n\n\n<p>Pos\u0117d\u017eio metu Komiteto nariai i\u0161klaus\u0117 Vyriausiosios miesto architekt\u0117s Lauros Kairien\u0117s prezentacij\u0105 apie Vilniaus Sporto r\u016bmus ir Modernaus konferencij\u0173 centro vizij\u0105. Pristatymo metu buvo pateikta aktuali informacija, susijusi su projekt\u0173 planavimu ir tolesni galimi sprendimai.<\/p>\n","protected":false},"excerpt":{"rendered":"<p>Lygiai prie\u0161 metus ant sostin\u0117s Tauro kalno prad\u0117tos Nacionalin\u0117s koncert\u0173 sal\u0117s statybos \u0161iandien \u017eengia \u012f reik\u0161ming\u0105 etap\u0105. Seimo Kult\u016bros komitetas \u0161ios dienos i\u0161va\u017eiuojamajame pos\u0117dyje, apsilank\u0119s statybviet\u0117je, \u012fvertino projekto eig\u0105 ir&hellip; <\/p>\n","protected":false},"author":2,"featured_media":414,"comment_status":"open","ping_status":"open","sticky":false,"template":"","format":"standard","meta":{"footnotes":""},"categories":[7],"tags":[],"_links":{"self":[{"href":"https:\/\/choras.lt\/index.php\/wp-json\/wp\/v2\/posts\/7242"}],"collection":[{"href":"https:\/\/choras.lt\/index.php\/wp-json\/wp\/v2\/posts"}],"about":[{"href":"https:\/\/choras.lt\/index.php\/wp-json\/wp\/v2\/types\/post"}],"author":[{"embeddable":true,"href":"https:\/\/choras.lt\/index.php\/wp-json\/wp\/v2\/users\/2"}],"replies":[{"embeddable":true,"href":"https:\/\/choras.lt\/index.php\/wp-json\/wp\/v2\/comments?post=7242"}],"version-history":[{"count":1,"href":"https:\/\/choras.lt\/index.php\/wp-json\/wp\/v2\/posts\/7242\/revisions"}],"predecessor-version":[{"id":7243,"href":"https:\/\/choras.lt\/index.php\/wp-json\/wp\/v2\/posts\/7242\/revisions\/7243"}],"wp:featuredmedia":[{"embeddable":true,"href":"https:\/\/choras.lt\/index.php\/wp-json\/wp\/v2\/media\/414"}],"wp:attachment":[{"href":"https:\/\/choras.lt\/index.php\/wp-json\/wp\/v2\/media?parent=7242"}],"wp:term":[{"taxonomy":"category","embeddable":true,"href":"https:\/\/choras.lt\/index.php\/wp-json\/wp\/v2\/categories?post=7242"},{"taxonomy":"post_tag","embeddable":true,"href":"https:\/\/choras.lt\/index.php\/wp-json\/wp\/v2\/tags?post=7242"}],"curies":[{"name":"wp","href":"https:\/\/api.w.org\/{rel}","templated":true}]}}