{"id":7265,"date":"2025-12-01T13:11:54","date_gmt":"2025-12-01T13:11:54","guid":{"rendered":"https:\/\/choras.lt\/?p=7265"},"modified":"2025-12-01T13:11:57","modified_gmt":"2025-12-01T13:11:57","slug":"siauliu-atzalynas-sventiniam-vakarui-kvies-prisijungti-visus-norincius","status":"publish","type":"post","link":"https:\/\/choras.lt\/index.php\/2025\/12\/01\/siauliu-atzalynas-sventiniam-vakarui-kvies-prisijungti-visus-norincius\/","title":{"rendered":"\u0160iauli\u0173 &#8220;At\u017ealynas&#8221; \u0161ventiniam vakarui kvies prisijungti visus norin\u010dius!"},"content":{"rendered":"\n<p>2025 m. gruod\u017eio 6 d. \u0160iauliuose su\u017eibs pagrindin\u0117 miesto Kal\u0117d\u0173 egl\u0117. T\u0119siant jaukumo ir tikrumo tradicij\u0105, \u0161iemet Prisik\u0117limo aik\u0161t\u0119 papuo\u0161 33 metus miestie\u010di\u0173 auginta gyva \u017ealiaskar\u0117. Jos \u0161akas puo\u0161 \u0160iauli\u0173 tapatyb\u0119 ir istorij\u0105 \u012fprasminantys simboliai u\u017efiksuoti miesto heraldikoje bei naujasis \u017eenklas \u2013 saul\u0117, pabr\u0117\u017eiantis miesto dvasi\u0105 ir \u0161i\u0173 met\u0173 \u0161vent\u0117s \u0161\u016bk\u012f \u201eSaul\u0117tos Kal\u0117dos\u201c. <\/p>\n\n\n\n<p>Vis\u0105 m\u0117nes\u012f miestie\u010diai ir miesto sve\u010diai gal\u0117s m\u0117gautis koncertais, parodomis, edukacijomis ir kitais renginiais, kuriuos organizuoja \u0160iauli\u0173 miesto \u012fstaigos, organizacijos, \u012fmon\u0117s. Tikimasi, kad \u0161viesos kupina atmosfera, tradicin\u0117s ir naujos iniciatyvos bei \u0161venti\u0161kai atgijusi miesto erdv\u0117 dovanos magi\u0161k\u0105, jaukum\u0105 ir tikrum\u0105 skleid\u017eiant\u012f kal\u0117din\u012f sezon\u0105.<\/p>\n\n\n\n<p>Gruod\u017eio 19 d. 18.30 val. Prisik\u0117limo aik\u0161t\u0117je antrus metus i\u0161 eil\u0117s skamb\u0117s kal\u0117din\u0117s giesm\u0117s, suburian\u010dios \u0161iaulie\u010dius bendram \u0161ventiniam vakarui. \u0160i\u0105 tradicij\u0105 t\u0119sia \u0160iauli\u0173 kult\u016bros centro kamerinis choras \u201eAt\u017ealynas\u201c (meno vad. Mindaugas \u017dalalis), kuris atliks visiems gerai pa\u017e\u012fstamas ir \u0161ird\u017eiai artimas \u0161ventinio laikotarpio giesmes. <\/p>\n\n\n\n<p>Tikimasi, kad giedojimas po atviru dangumi taps bendryst\u0117s ir \u0161viesos simboliu, primins Kal\u0117d\u0173 prasm\u0119 \u2013 ramyb\u0119, vilt\u012f ir d\u017eiaugsm\u0105, o kartu pakvies sustabdyti skub\u0117jim\u0105 ir pasim\u0117gauti tyromis \u0161ventinio laukimo akimirkomis. Prie choro kvie\u010diami prisijungti visi miestie\u010diai \u2013 juk bendra giesm\u0117 suvienija labiau nei bet kuris \u017eiburys.<\/p>\n\n\n\n<p><\/p>\n\n\n\n<p class=\"has-text-align-center\"><strong>Liubov Jarmo\u0161enko nuotr.<\/strong><\/p>\n","protected":false},"excerpt":{"rendered":"<p>2025 m. gruod\u017eio 6 d. \u0160iauliuose su\u017eibs pagrindin\u0117 miesto Kal\u0117d\u0173 egl\u0117. T\u0119siant jaukumo ir tikrumo tradicij\u0105, \u0161iemet Prisik\u0117limo aik\u0161t\u0119 papuo\u0161 33 metus miestie\u010di\u0173 auginta gyva \u017ealiaskar\u0117. Jos \u0161akas puo\u0161 \u0160iauli\u0173&hellip; <\/p>\n","protected":false},"author":2,"featured_media":7267,"comment_status":"open","ping_status":"open","sticky":false,"template":"","format":"standard","meta":{"footnotes":""},"categories":[3],"tags":[],"_links":{"self":[{"href":"https:\/\/choras.lt\/index.php\/wp-json\/wp\/v2\/posts\/7265"}],"collection":[{"href":"https:\/\/choras.lt\/index.php\/wp-json\/wp\/v2\/posts"}],"about":[{"href":"https:\/\/choras.lt\/index.php\/wp-json\/wp\/v2\/types\/post"}],"author":[{"embeddable":true,"href":"https:\/\/choras.lt\/index.php\/wp-json\/wp\/v2\/users\/2"}],"replies":[{"embeddable":true,"href":"https:\/\/choras.lt\/index.php\/wp-json\/wp\/v2\/comments?post=7265"}],"version-history":[{"count":3,"href":"https:\/\/choras.lt\/index.php\/wp-json\/wp\/v2\/posts\/7265\/revisions"}],"predecessor-version":[{"id":7269,"href":"https:\/\/choras.lt\/index.php\/wp-json\/wp\/v2\/posts\/7265\/revisions\/7269"}],"wp:featuredmedia":[{"embeddable":true,"href":"https:\/\/choras.lt\/index.php\/wp-json\/wp\/v2\/media\/7267"}],"wp:attachment":[{"href":"https:\/\/choras.lt\/index.php\/wp-json\/wp\/v2\/media?parent=7265"}],"wp:term":[{"taxonomy":"category","embeddable":true,"href":"https:\/\/choras.lt\/index.php\/wp-json\/wp\/v2\/categories?post=7265"},{"taxonomy":"post_tag","embeddable":true,"href":"https:\/\/choras.lt\/index.php\/wp-json\/wp\/v2\/tags?post=7265"}],"curies":[{"name":"wp","href":"https:\/\/api.w.org\/{rel}","templated":true}]}}