{"id":7270,"date":"2025-12-01T13:28:06","date_gmt":"2025-12-01T13:28:06","guid":{"rendered":"https:\/\/choras.lt\/?p=7270"},"modified":"2025-12-01T13:28:08","modified_gmt":"2025-12-01T13:28:08","slug":"choro-dirigentui-petrui-puosiunui-iteikta-popieziaus-padekos-bule","status":"publish","type":"post","link":"https:\/\/choras.lt\/index.php\/2025\/12\/01\/choro-dirigentui-petrui-puosiunui-iteikta-popieziaus-padekos-bule\/","title":{"rendered":"Choro dirigentui Petrui Puo\u0161i\u016bnui \u012fteikta popie\u017eiaus Pad\u0117kos bul\u0117"},"content":{"rendered":"\n<p>2025 m. lapkri\u010dio  30 d. Vilniaus \u0160v. Juozapo ba\u017eny\u010dioje choro dirigentui, dabartiniam sostin\u0117s vyr\u0173 choro &#8220;Varpas&#8221; meno vadovui Petrui Puo\u0161i\u016bnui \u012fteikta popie\u017eiaus Pad\u0117kos bul\u0117. J\u0105 \u012fteik\u0119s ba\u017eny\u010dios klebonas, kunigas Ri\u010dardas Doveika sak\u0117:<\/p>\n\n\n\n<p>&#8220;Legendinis vyr\u0173 choras \u201eVarpas\u201c mini savo k\u016brybin\u0117s veiklos 70-ies met\u0173 jubiliej\u0173, pagerbdamas Anapilin i\u0161\u0117jusius choro vadovus ir dainininkus. Per \u0161\u012f laikotarp\u012f chorui vadovavo 10 meno vadov\u0173 ir dirigent\u0173, o ilgiausiai i\u0161 j\u0173 \u2013 maestro PETRAS PUO\u0160I\u016aNAS, kuris &#8211; net 40 met\u0173 su kolektyvu, jo nepaliko net ir sunkiausiu pereinamuoju laikotarpiu. Jam vadovaujant vyr\u0173 choras \u201eVarpas\u201c aktyviai dalyvavo \u012fvairiuose sakralin\u0117s muzikos festivaliuose, giedojo daugelyje Lietuvos ba\u017eny\u010di\u0173, o taip pat Austrijos, Latvijos, Lenkijos, Vengrijos, Vokietijos ir kit\u0173 \u0161ali\u0173 ba\u017eny\u010diose\u2026<\/p>\n\n\n\n<p>Net ir atostogaudamas Pal\u016b\u0161\u0117je, sub\u016br\u0117 dainos myl\u0117tojus, prie ba\u017eny\u010dios \u012fk\u016br\u0117 chorel\u012f ir su dideliu pakilimu giedojo Ryt\u0173 Auk\u0161taitijos ba\u017eny\u010diose \u012fvairi\u0173 autori\u0173 sakralin\u0117s muzikos k\u016brinius, o taip pat paties Petro Puo\u0161i\u016bno sukurtus ar aran\u017euotus k\u016brinius.<\/p>\n\n\n\n<p>U\u017e viso gyvenimo nuopelnus, puosel\u0117jant sakralin\u0119 chorin\u0119 muzik\u0105 maestro Petras Puo\u0161i\u016bnas pagerbtas \u0160vento T\u0116VO, POPIE\u017dIAUS LEONO XIV (tikrasis vardas Robertas Fransis Prevostas) PAD\u0116KA, \u012fteikiant jam POPIE\u017dIAUS PAD\u0116KOS BUL\u0118.<\/p>\n\n\n\n<p>Tai pirmas ir i\u0161skirtinis toks \u012fvertinimas Lietuvos chorin\u0117s muzikos istorijoje.  &#8220;<\/p>\n","protected":false},"excerpt":{"rendered":"<p>2025 m. lapkri\u010dio 30 d. Vilniaus \u0160v. Juozapo ba\u017eny\u010dioje choro dirigentui, dabartiniam sostin\u0117s vyr\u0173 choro &#8220;Varpas&#8221; meno vadovui Petrui Puo\u0161i\u016bnui \u012fteikta popie\u017eiaus Pad\u0117kos bul\u0117. J\u0105 \u012fteik\u0119s ba\u017eny\u010dios klebonas, kunigas Ri\u010dardas&hellip; <\/p>\n","protected":false},"author":2,"featured_media":7272,"comment_status":"open","ping_status":"open","sticky":false,"template":"","format":"standard","meta":{"footnotes":""},"categories":[3],"tags":[],"_links":{"self":[{"href":"https:\/\/choras.lt\/index.php\/wp-json\/wp\/v2\/posts\/7270"}],"collection":[{"href":"https:\/\/choras.lt\/index.php\/wp-json\/wp\/v2\/posts"}],"about":[{"href":"https:\/\/choras.lt\/index.php\/wp-json\/wp\/v2\/types\/post"}],"author":[{"embeddable":true,"href":"https:\/\/choras.lt\/index.php\/wp-json\/wp\/v2\/users\/2"}],"replies":[{"embeddable":true,"href":"https:\/\/choras.lt\/index.php\/wp-json\/wp\/v2\/comments?post=7270"}],"version-history":[{"count":3,"href":"https:\/\/choras.lt\/index.php\/wp-json\/wp\/v2\/posts\/7270\/revisions"}],"predecessor-version":[{"id":7274,"href":"https:\/\/choras.lt\/index.php\/wp-json\/wp\/v2\/posts\/7270\/revisions\/7274"}],"wp:featuredmedia":[{"embeddable":true,"href":"https:\/\/choras.lt\/index.php\/wp-json\/wp\/v2\/media\/7272"}],"wp:attachment":[{"href":"https:\/\/choras.lt\/index.php\/wp-json\/wp\/v2\/media?parent=7270"}],"wp:term":[{"taxonomy":"category","embeddable":true,"href":"https:\/\/choras.lt\/index.php\/wp-json\/wp\/v2\/categories?post=7270"},{"taxonomy":"post_tag","embeddable":true,"href":"https:\/\/choras.lt\/index.php\/wp-json\/wp\/v2\/tags?post=7270"}],"curies":[{"name":"wp","href":"https:\/\/api.w.org\/{rel}","templated":true}]}}