{"id":7290,"date":"2025-12-02T11:48:15","date_gmt":"2025-12-02T11:48:15","guid":{"rendered":"https:\/\/choras.lt\/?p=7290"},"modified":"2025-12-02T11:48:19","modified_gmt":"2025-12-02T11:48:19","slug":"trys-choru-vadovai-taline-kai-pripaisytos-natos-ir-150-choristu-requiem-tampa-pamoka-visam-sezonui","status":"publish","type":"post","link":"https:\/\/choras.lt\/index.php\/2025\/12\/02\/trys-choru-vadovai-taline-kai-pripaisytos-natos-ir-150-choristu-requiem-tampa-pamoka-visam-sezonui\/","title":{"rendered":"Trys chor\u0173 vadovai Taline: kai \u201epripai\u0161ytos\u201c natos ir 150 chorist\u0173 \u201eRequiem\u201c tampa pamoka visam sezonui"},"content":{"rendered":"\n<p><strong>Lukrecija Stonkut\u0117<\/strong><\/p>\n\n\n\n<p>Lapkri\u010dio prad\u017eioje, kai Talino senamies\u010dio gatv\u0117mis slinko r\u016bkas, o ba\u017eny\u010di\u0173 varpai primin\u0117 apie Visus \u0160ventuosius ir V\u0117lines, trys Lietuvos chor\u0173 vadovai kelioms dienoms persik\u0117l\u0117 \u012f Estijos sostin\u0119 Talin\u0105 \u2013 ne atostogauti, o steb\u0117ti, klausytis ir mokytis. Lapkri\u010dio 4\u20138 dienomis Akmen\u0117s rajono savivaldyb\u0117s mi\u0161raus choro \u201eCementininkas\u201c meno vadov\u0117 ir dirigent\u0117 \u017dydr\u016bn\u0117 Kazlauskait\u0117 (nuotr. de\u0161in\u0117je), \u0160ilal\u0117s rajono savivaldyb\u0117s Kult\u016bros centro mi\u0161raus choro chormeisteris \u017dilvinas Jankus (nuotr. centre) ir Kariuomen\u0117s ordinariato chorvedys Vilimas Nork\u016bnas (nuotr. kair\u0117je) dalyvavo \u201eErasmus+\u201c ir Lietuvos chor\u0173 s\u0105jungos inicijuotoje kelion\u0117je, tapusioje intensyviu profesiniu \u201epersikrovimu\u201c: jie steb\u0117jo Talino chorin\u012f gyvenim\u0105 i\u0161 labai arti, buvo repeticij\u0173 \u201eviduje\u201c, klaus\u0117si koncert\u0173 ir perm\u0105st\u0117 savo pa\u010di\u0173 chor\u0173 darbo principus. Tuo metu Talinas gyveno ypatingu ritmu, mat po Vis\u0173 \u0160vent\u0173j\u0173 ir V\u0117lini\u0173 mieste netr\u016bko koncert\u0173, skirt\u0173 am\u017einyb\u0117s, mirties ir \u017emogaus trapumo temomis.<\/p>\n\n\n\n<p>\u017dydr\u016bn\u0117 Kazlauskait\u0117 \u0161i\u0105 patirt\u012f apib\u016bdina kaip sugr\u012f\u017eim\u0105 \u012f studij\u0173 laikus: \u201eErasmus+\u201c, tai mokymosi ir gerosios profesin\u0117s patirties, pasitikrinimo ir \u017eini\u0173 atnaujinimo laikas. Tarsi studij\u0173 laikais. Tai buvo ne turistin\u0117 kelion\u0117, o labai ai\u0161kus profesinis sustojimas, leid\u0119s pa\u017evelgti \u012f savo kaip dirigent\u0117s, chormeister\u0117s ir choro vadov\u0117s darb\u0105 i\u0161 \u0161alies.\u201c \u017dilvinas Jankus akcentuoja kelion\u0117s poveikio mast\u0105: \u201eLabai did\u017eiulis! Pamatyti profesionaliai dirban\u010di\u0105 dirigent\u0119, kuri turi labai daug patirties muzikos k\u016brini\u0173 interpretacijose, vokalo ugdyme, dirigavimo technikoje, yra ne\u012fkainojama. Su\u017eav\u0117jo nuo\u0161irdus bendravimas tarp vadovo ir chorist\u0173, did\u017eiul\u0117 tarpusavio pagarba.\u201c Vilimas Nork\u016bnas priduria, kad b\u016btent kult\u016brin\u0117 patirtis \u2013 intensyvios repeticijos, koncertai, senosios muzikos ir vargon\u0173 pasaulis, Arvo P\u00e4rt k\u016brybos artumas suteikia nauj\u0173 j\u0117g\u0173 kibti \u012f visus muzikinius darbus: chorinius, senosios muzikos, vargonavimo.<\/p>\n\n\n\n<p>Vie\u0161nag\u0117s metu dirigentai lank\u0117si trij\u0173 kolektyv\u0173 repeticijose: Talino kamerinio choro ir Talino operos choro (vadov\u0117 Heli J\u00fcrgenson), Estijos kamerini\u0173 chor\u0173 s\u0105jungos jungtinio choro (projekto dirigentas Mihhail Gerts). \u017dydr\u016bnei ir \u017dilvinui did\u017eiausi\u0105 \u012fsp\u016bd\u012f paliko b\u016btent Talino kamerinis choras. \u017dydr\u016bn\u0117 sako, kad jis labiausiai atitiko jos, kaip su m\u0117g\u0117j\u0173 meno kolektyvu dirban\u010dios chorved\u0117s, l\u016bkes\u010dius. \u010cia pamatyta repeticij\u0173 kult\u016bra tapo savoti\u0161ku profesionalumo veidrod\u017eiu. Nors ir Lietuvoje netr\u016bksta auk\u0161to lygio dirigent\u0173, Taline ypa\u010d ry\u0161kiai pasijuto nuoseklumas ir pagarbus, ramus daininink\u0173 santykis su vadovu. Vilimui did\u017eiausi\u0105 \u012fsp\u016bd\u012f paliko Mozarto \u201eRequiem\u201c repeticija ir koncertas, kuriame dainavo pusantro \u0161imto daininink\u0173 i\u0161 \u012fvairiausi\u0173 Talino kamerini\u0173 chor\u0173 kolektyv\u0173, jautrus ir detalus dirigento vedamas garso balansas, eleganti\u0161ka interpretacija.<\/p>\n\n\n\n<p>Est\u0173 kamerinio choro repeticijos stebino keliais dalykais. Pirmiausia \u2013 ilgesn\u0117mis, bet gerai apgalvotomis repeticijomis su pertrauka, kai yra pakankamai laiko ne tik \u201epraeiti k\u016brin\u012f\u201c, bet ir nuosekliai taisyti intonavimo, ritmo, balso formavimo problemas. Antra \u2013 neforsuotu repertuaro pasirinkimu: pasirenkama tiek k\u016brini\u0173, kiek realiai \u012fmanoma kokybi\u0161kai parengti, o ne \u201ekiek tik tilps \u012f sezon\u0105\u201c. Tre\u010dia \u2013 daininink\u0173 laikysena: pagarbus d\u0117mesys dirigentui, be nereikaling\u0173 komentar\u0173 ar murmesio, atidus \u012fsiklausymas \u012f pastabas. Intonavimui repeticijose skiriama itin daug d\u0117mesio, ritmas kruop\u0161\u010diai atidirbamas, o artikuliacijos, \u017dydr\u016bn\u0117s akimis, gal kiek ma\u017eiau. Ta\u010diau tai gali b\u016bti siejama ir su est\u0173 kalbos specifika. Vis d\u0117lto, bendras \u012fsp\u016bdis vienareik\u0161mis: dirigentai labai kompetentingi, o j\u0173 reikalavimai pagr\u012fsti ir profesional\u016bs, kaip ir m\u016bs\u0173 profesionali\u0173 dirigent\u0173.<\/p>\n\n\n\n<p>\u017dilvin\u0105 Jank\u0173 labiausiai nustebino, atrodyt\u0173, ma\u017eyt\u0117 detal\u0117 \u2013 nat\u0173 vaizdas. Jis pasakoja, kad est\u0173 chorist\u0173 natos buvo gausiai prira\u0161ytos pastabomis. Visos dirigento pastab\u0117l\u0117s i\u0161 karto pasi\u017eymimos, idant neb\u016bt\u0173 kartojamos klaidos. Savo choristams yra sunku idiegti, kad tai reikalinga daryti, o estai neliepti i\u0161 karto visk\u0105 pasi\u017eymi. Tai rodo profesionalumo lyg\u012f\u201c, \u2013 sako jis. Anaiptol, tai n\u0117ra netvarka, prie\u0161ingai \u2013 labai ai\u0161ki darbo sistema. \u017dinoma, pastaba, kuri atsiduria natose, tampa paties dainininko atsakomybe. Greta to \u2013 ideali tyla repeticij\u0173 metu, susikaupimas, pastangos i\u0161taisyti tai, kas nurodyta vadovo. \u017dilvinas taip pat mini \u012fdomius, jam dar negird\u0117tus prasidainavimo pratimus, skirtus visapusi\u0161kam vokalo lavinimui.<\/p>\n\n\n\n<p>Ypating\u0105 atspalv\u012f \u0161iai kelionei suteik\u0117 laikas \u2013 po Vis\u0173 \u0160vent\u0173j\u0173 ir V\u0117lini\u0173 Taline gausu koncert\u0173, kuri\u0173 tematika sukasi apie am\u017einyb\u0119, mirt\u012f, trapum\u0105. Talino kamerinis choras repetavo Maurice Durufl\u00e9 \u201eRequiem\u201c, kurio jautri, subtili muzika paliko didel\u012f \u012fsp\u016bd\u012f \u017dydr\u016bnei: ji d\u017eiaugiasi dar kart\u0105 i\u0161girdusi \u0161\u012f k\u016brin\u012f ir patyrusi, kaip giliai jis palie\u010dia siel\u0105. T\u0105 pa\u010di\u0105 savait\u0119 dirigentai tur\u0117jo prog\u0105 apsilankyti Estijos filharmonijoje generalin\u0117je repeticijoje ir koncerte su Wolfgang Amadeus Mozart \u201eRequiem\u201c. K\u016brin\u012f atliko jungtinis chor\u0173 (Estijos kamerini\u0173 chor\u0173 s\u0105jungos nari\u0173) choras ir P\u00e4rnu Linna orkestras, diriguojamas Mihhail Gerts. Nepaisant ma\u017edaug 150 chorist\u0173 scenoje, pavyko i\u0161gauti jautr\u0173, spalving\u0105 atlikim\u0105. Vilimas Nork\u016bnas ypa\u010d pabr\u0117\u017eia Mihhail Gerts dirigavim\u0105: detali ir jautri interpretacija, jau\u010diamas tamprus ry\u0161ys ne tik su orkestru, bet ir su choru \u2013 tarsi choro dirigento, kas ne visada savaime suprantama orkestr\u0173 dirigentams. Chorui juk labai svarbu, kad dirigentas kv\u0117puot\u0173 tarsi dainininkas. Vietomis buvo galima matyti judan\u010dias dirigento l\u016bpas, nes jis choro tekst\u0105 mok\u0117jo atmintinai.<\/p>\n\n\n\n<p>Pasak Vilimo Nork\u016bno: \u201eMan asmeni\u0161kai svarbi patirtis ir kelion\u0117s gija \u2013 kompozitoriaus Arvo P\u00e4rt 90-me\u010dio tema. Dirigentai lank\u0117si Arvo P\u00e4rt centre, \u012fsik\u016brusiame pu\u0161yne, tarsi \u201evidury niekur\u201c, kur tvyro nuostabi ramyb\u0117 ir jo kuriamos muzikos aura. \u017dydr\u016bnei \u012fsimintinas buvo \u012fra\u0161as, kuriame skamb\u0117jo \u201eCecilia, vergine romana\u201c, o Vilimui be galo patiko dokumentinis filmas ir juntamas paties maestro ramyb\u0117s jausmas. Jis pastebi, kad ir pa\u010diame Taline, tarp koncert\u0173, parod\u0173, ekspozicij\u0173, vis i\u0161kildavo tintinnabuli skambesys. Aplankytos parodos \u201eSpiegel im Spiegel\u201c ir \u201eIn Principio\u201c temomis.\u201c Miestas gyveno P\u00e4rt muzika, o jie \u2013 kartu su ja.<\/p>\n\n\n\n<p>Nors pagrindinis kelion\u0117s tikslas buvo chorinis darbas, laisvalaikis Taline taip pat buvo turiningas. Tiek \u017dilvinas, tiek \u017dydr\u016bn\u0117 labai d\u017eiaug\u0117si, kad Vilimas pabuvo grup\u0117s \u201egidu\u201c ir sudar\u0117 visos savait\u0117s \u201ekult\u016brinimosi\u201c plan\u0105. Vilimui, kaip jis teigia, buvo svarbu patirti kult\u016bros visum\u0105, ne tik chorin\u0119 muzik\u0105 siaur\u0105ja to \u017eod\u017eio prasme, bet vis\u0105 vokalin\u0119 muzik\u0105 \u2013 nuo viduram\u017ei\u0173 dainavimo iki d\u017eiazo, susipa\u017einti su kompozitoriaus Arvo P\u00e4rto fenomenu \u2013 taigi ne tik jo partit\u016bromis, bet ir jam dedikuotomis parodomis, na ir, \u017einoma, kaip vargonininkas ir klavesininkas \u2013 b\u016btinai ver\u017e\u0117si i\u0161girsti ir vargon\u0173, senosios muzikos, hamerklavyro koncertus, aplankyti Estijos muzikos ir teatro akademij\u0105. \u017dydr\u016bnei labiausiai patiko patirties \u012fvairov\u0117: parodos Estijos nacionaliniame muziejuje ir Arvo P\u00e4rt centre, ekskursijos po Talino senamiest\u012f, pa\u017eintis su Operos ir baleto teatru, koncertai \u2013 Mozart \u201eRequiem\u201c, Ivi Rausi vokalinis koncertas esti\u0161kai d\u017eiazo klube, Senosios muzikos ansamblio \u201eHortus Musicus\u201c koncertas \u201eViduram\u017ei\u0173 muzika prie\u0161 vidur\u017eiemio depresij\u0105\u201c Talino rotu\u0161\u0117je. \u017dilvinui padar\u0117 \u012fsp\u016bd\u012f apsilankymas \u0161iuolaikinio meno muziejuje KUMU, vargon\u0173 koncerte Talino katedroje ir ekskursija po Operos ir baleto teatr\u0105. \u201eTai buvo savait\u0117, kai ryt\u0105 pradedi repeticijomis, dien\u0105 praleidi muziejuje ar ekspozicijoje, vakar\u0105 sutinki koncerte, o nakt\u012f mintyse dar kart\u0105 perb\u0117gi dirigento mostus ir chorist\u0173 darb\u0105.\u201c<\/p>\n\n\n\n<p>Ar \u0161i patirtis liks tik gra\u017eus epizodas biografijoje? Tikrai ne. \u012e klausim\u0105, ar kelion\u0117 paskatino perm\u0105styti choro darbo principus ar repertuaro pasirinkim\u0105, \u017dydr\u016bn\u0117 atsako ai\u0161kiai: \u201eTaip, esu motyvuota gerinti dainavimo, k\u016brinio suvokimo kokyb\u0119, siekti auk\u0161tesnio meninio lygio.\u201c Ji daug galvoja apie daininink\u0173 elges\u012f ir atsakomyb\u0119 u\u017e savo darb\u0105: kad choristai elgt\u0173si pagarbiai ir reikliai savo at\u017evilgiu, \u017eym\u0117t\u0173si pastabas natose, laikyt\u0173 atitinkam\u0105 k\u016bno pad\u0117t\u012f d\u0117l vokalini\u0173 rezultat\u0173. Kartu ji pabr\u0117\u017eia ir dirigento atsakomyb\u0119: jei i\u0161 daininink\u0173 reikalaujama profesionalumo, b\u016btina nuolat gilinti ir savo kompetencijas. \u017dilvinas prisipa\u017e\u012fsta, kad po kelion\u0117s pa\u017evelg\u0117 naujai ir \u012f savo chor\u0105 \u2013 ypa\u010d norisi perkelti \u012f darb\u0105 est\u0173 nat\u0173 \u017eym\u0117jimosi kult\u016br\u0105 ir repeticij\u0173 disciplin\u0105. Paklaustas, kokiais \u017eod\u017eiais apib\u016bdint\u0173 patirt\u012f, jis pasirenka tris: \u201e\u012edomu, naudinga, informatyvu.\u201c<\/p>\n\n\n\n<p>Vilimas labiausiai d\u017eiaugiasi galimybe pasisemti kult\u016bros, pa\u017einti Estijos muzikin\u0119 scen\u0105. D\u0117kingas Lietuvos chor\u0173 s\u0105jungai ir \u201eErasmus+\u201c u\u017e galimyb\u0119 savaitei i\u0161tr\u016bkti i\u0161 ypatingai intensyviu ritmu besisukan\u010dio darb\u0173 ir koncertinio maratono rato. Vilimas d\u0117koja Mozarto projekte u\u017e \u0161irding\u0105 glob\u0105 ir bilietus \u012f prabangias vietas parteryje par\u016bpinusiam Joosepui Loidap, u\u017e skirt\u0105 laik\u0105 aprodyti muzikos akademij\u0105 ir \u0161iosios klavesinus \u2013 Ene Nael ir, u\u017e vis\u0105 dovanot\u0105 laik\u0105 steb\u0117ti repeticijas, Talino kamerinio choro bei operos chorvedei \u2013 Heli J\u00fcrgenson. \u201eMane su\u017eav\u0117jo, kad su operos teatro choru ji dirbo angli\u0161kai \u2013 d\u0117l dalies daininink\u0173, kurie su kontraktais dainuoti \u012f chor\u0105 atvyk\u0119 i\u0161 skirtingiausi\u0173 \u0161ali\u0173. I\u0161 vis\u0173 repeticij\u0173 nepamir\u0161tamas esti\u0161kas aidas ausyse tai \u201e\u00fcks kaks kolm\u201c (\u201eviens du trys\u201c).\u201c<\/p>\n\n\n\n<p>Paklausta, kokiais trimis \u017eod\u017eiais apib\u016bdint\u0173 \u0161i\u0105 kelion\u0119, \u017dydr\u016bn\u0117 Kazlauskait\u0117 nusi\u0161ypso ir atsako taip, kaip turb\u016bt gal\u0117t\u0173 atsakyti daug chor\u0173 \u017emoni\u0173: \u201eMan patinka choras.\u201c Galb\u016bt b\u016btent tai ir yra svarbiausia \u0161ios kelion\u0117s i\u0161vada \u2013 ne tik nauji prasidainavimo pratimai ar ilgesn\u0117s repeticijos, bet atgaivintas, sustipr\u0117j\u0119s santykis su savo choru ir darbu jame. Su choru, kuriame dainininkai, tik\u0117tina, vis da\u017eniau \u017eym\u0117sis pastabas natose, atid\u017eiau klausysis dirigento ir kartu su juo sieks auk\u0161tesnio meninio lygio.<\/p>\n","protected":false},"excerpt":{"rendered":"<p>Lukrecija Stonkut\u0117 Lapkri\u010dio prad\u017eioje, kai Talino senamies\u010dio gatv\u0117mis slinko r\u016bkas, o ba\u017eny\u010di\u0173 varpai primin\u0117 apie Visus \u0160ventuosius ir V\u0117lines, trys Lietuvos chor\u0173 vadovai kelioms dienoms persik\u0117l\u0117 \u012f Estijos sostin\u0119 Talin\u0105&hellip; <\/p>\n","protected":false},"author":2,"featured_media":7292,"comment_status":"open","ping_status":"open","sticky":false,"template":"","format":"standard","meta":{"footnotes":""},"categories":[5],"tags":[],"_links":{"self":[{"href":"https:\/\/choras.lt\/index.php\/wp-json\/wp\/v2\/posts\/7290"}],"collection":[{"href":"https:\/\/choras.lt\/index.php\/wp-json\/wp\/v2\/posts"}],"about":[{"href":"https:\/\/choras.lt\/index.php\/wp-json\/wp\/v2\/types\/post"}],"author":[{"embeddable":true,"href":"https:\/\/choras.lt\/index.php\/wp-json\/wp\/v2\/users\/2"}],"replies":[{"embeddable":true,"href":"https:\/\/choras.lt\/index.php\/wp-json\/wp\/v2\/comments?post=7290"}],"version-history":[{"count":2,"href":"https:\/\/choras.lt\/index.php\/wp-json\/wp\/v2\/posts\/7290\/revisions"}],"predecessor-version":[{"id":7293,"href":"https:\/\/choras.lt\/index.php\/wp-json\/wp\/v2\/posts\/7290\/revisions\/7293"}],"wp:featuredmedia":[{"embeddable":true,"href":"https:\/\/choras.lt\/index.php\/wp-json\/wp\/v2\/media\/7292"}],"wp:attachment":[{"href":"https:\/\/choras.lt\/index.php\/wp-json\/wp\/v2\/media?parent=7290"}],"wp:term":[{"taxonomy":"category","embeddable":true,"href":"https:\/\/choras.lt\/index.php\/wp-json\/wp\/v2\/categories?post=7290"},{"taxonomy":"post_tag","embeddable":true,"href":"https:\/\/choras.lt\/index.php\/wp-json\/wp\/v2\/tags?post=7290"}],"curies":[{"name":"wp","href":"https:\/\/api.w.org\/{rel}","templated":true}]}}