{"id":7294,"date":"2025-12-02T12:00:32","date_gmt":"2025-12-02T12:00:32","guid":{"rendered":"https:\/\/choras.lt\/?p=7294"},"modified":"2025-12-04T08:19:43","modified_gmt":"2025-12-04T08:19:43","slug":"verdi-requiem-paryziuje-kelione-sustygavusi-sirdis-ir-profesines-ambicijas","status":"publish","type":"post","link":"https:\/\/choras.lt\/index.php\/2025\/12\/02\/verdi-requiem-paryziuje-kelione-sustygavusi-sirdis-ir-profesines-ambicijas\/","title":{"rendered":"Verdi \u201eRequiem\u201c Pary\u017eiuje: kelion\u0117, \u201esustygavusi\u201c \u0161irdis ir profesines ambicijas"},"content":{"rendered":"\n<p><strong>Lukrecija Stonkut\u0117<\/strong><\/p>\n\n\n\n<p>Kai lapkri\u010dio prad\u017eioje Kauno raj. Babt\u0173 kult\u016bros centro choro \u201eGynia\u201c vadov\u0117 Danut\u0117 \u0160akalien\u0117, Kauno raj. Samyl\u0173 kult\u016bros centro choro \u201e\u017daisa\u201c vadov\u0117 Laima Dzedaravi\u010dien\u0117 ir Valstybinio dain\u0173 ir \u0161okio ansamblio \u201eLietuva\u201c vyr. dirigentas dr. Egidijus Kaveckas i\u0161vyko \u012f Pary\u017ei\u0173, tai nebuvo tik turistinis vizitas. Savait\u0117 \u201eErasmus+\u201c programoje tapo intensyvia profesine sta\u017euote \u2013 su repeticijomis, steb\u0117jimu, analize, pokalbiais ir, \u017einoma, didingu Giuseppe Verdi \u201eRequiem\u201c skambesiu. Pary\u017eius dirigentus pasitiko ne vien kaip meno sostin\u0117, bet ir kaip gyva choro laboratorija, kurioje buvo galima i\u0161 arti matyti, kaip gimsta auk\u0161\u010diausio lygio muzikinis rezultatas.<\/p>\n\n\n\n<p class=\"has-text-align-center\"><strong>Verdi \u201eRequiem\u201c \u2013 gyvas susitikimas su didybe<\/strong><\/p>\n\n\n\n<p>Programos a\u0161imi tapo monumentalus XIX a. k\u016brinys \u2013 G. Verdi \u201eRequiem\u201c, reikalaujantis ne tik did\u017eiul\u0117s atlik\u0117j\u0173 sud\u0117ties, bet ir vidin\u0117s brandos. Koncerte dalyvavo Vilniaus universiteto choras \u201ePro Musica\u201c (vad. Rasa Gelgotien\u0117), Pary\u017eiaus choras (vad. Till Aly), simfoninis orkestras ir keturi solistai: Sabine Revault (sopranas), Yete Queiraz (mecosopranas), Artavazd Sargsyan (tenoras) ir Ihor Mastovoi (baritonas).<\/p>\n\n\n\n<p>\u201eTai unikali patirtis vienu metu steb\u0117ti ir gro\u017e\u0117tis labai gerais atlik\u0117jais ir nuostabia muzika\u201c, \u2013 \u012fsp\u016bd\u017eiais dalijasi D. \u0160akalien\u0117. Verdi muzika \u0161\u012fkart tapo ne tik klausymosi, bet ir nuolatinio profesinio steb\u0117jimo objektu: intonacija, dikcija, orkestro ir chor\u0173 balansas, solist\u0173 darbo detal\u0117s. \u0160is Verdi opusas \u2013 monumentalus, techni\u0161kai ir emoci\u0161kai prikaustantis. Pasis\u0117m\u0117me \u012fkv\u0117pimo, noro, motyvacijos savo darbui. Norime savo chorui perteikti bent emocijas i\u0161 repeticij\u0173 ir koncerto\u201c.<\/p>\n\n\n\n<p class=\"has-text-align-center\"><strong>Ramyb\u0117, pagarba ir drausm\u0117<\/strong><\/p>\n\n\n\n<p>Stebint Pary\u017eiaus chor\u0105 ir jo vadov\u0105 Till Aly, labiausiai \u012fsimena ne vien muzikiniai sprendimai, bet ir atmosfera. \u201eLabai smagu buvo matyti, kokia pagarba tvyro tarp chorist\u0173 ir vadovo. Atidus \u012fsiklausymas, sekimas, drausm\u0117. Vyravo ramyb\u0117, rimtis ir susikaupimas, nes k\u016brinys neeilinis\u201c, \u2013 pastebi D. \u0160akalien\u0117. Pasak jos, b\u016btent \u0161ios nematomos, bet labai svarbios grandys \u2013 pagarba ir pasitik\u0117jimas, sukuria darbin\u0119 atmosfer\u0105, leid\u017eian\u010di\u0105 chorui veikti kaip tikrai bendruomenei\u201c, \u2013 pabr\u0117\u017eia ji.<\/p>\n\n\n\n<p>Dirigentas Till Aly repeticijose pasteb\u0117davo kiekvien\u0105 smulkmen\u0105, nuo intonavimo iki dikcijos ir orkestro skambesio. Pastabos \u2013 subtilios, draugi\u0161kos, bet labai tikslios. Labai daug reikalaujama i\u0161 solist\u0173: taisomos frazuot\u0117s, kv\u0117pavimas, artikuliacija. Ta\u010diau tai daroma taip, kad visi dalyviai jaust\u0173si saugioje, k\u016brybi\u0161koje erdv\u0117je.<\/p>\n\n\n\n<p class=\"has-text-align-center\"><strong>Lietuvi\u0161kas ir pranc\u016bzi\u0161kas skambesys: daugiau bendrum\u0173 nei skirtum\u0173<\/strong><\/p>\n\n\n\n<p>Ar lengva atskirti lietuvi\u0161ko ir pranc\u016bzi\u0161ko choro skambes\u012f? L. Dzedaravi\u010dien\u0117 pripa\u017e\u012fsta, kad ne: \u201ePranc\u016bzijos choro skambesio skirtumus nuo lietuvi\u0161kojo pasteb\u0117ti buvo nelengva. Be abejon\u0117s, ne\u017eym\u016bs skirtumai buvo, bet nemanau, kad tai l\u0117m\u0117 nacionalinio muzikavimo ypatumai.\u201c Pasak jos, VU choras \u201ePro Musica\u201c darniai \u012fsiliejo \u012f bendr\u0105 muzikin\u012f audin\u012f ir papild\u0117 pranc\u016bz\u0173 choro bei orkestro skambes\u012f. Tai svarbus komplimentas Lietuvos chorinei kult\u016brai. \u201eManau, kad m\u016bs\u0173 chorin\u0117 kult\u016bra yra pakankamai stipri. Kolegoms i\u0161 kit\u0173 \u0161ali\u0173 da\u017enai \u012fsimena auk\u0161tas chor\u0173 meninis lygis ir vokalin\u0117 kult\u016bra\u201c, \u2013 sako dr. E. Kaveckas. Pary\u017eiaus maestro Till Aly taip pat pamin\u0117jo lietuvi\u0173 chor\u0173 darn\u0173, gra\u017e\u0173 skambes\u012f. Balso formavimo skirtum\u0173, anot dalyvi\u0173, beveik n\u0117ra \u2013 labiausiai skambes\u012f veikia skirtingos kalbos specifika. Ta\u010diau bendras rezultatas \u012ftikinantis ir abipusiai profesionalus.<\/p>\n\n\n\n<p class=\"has-text-align-center\"><strong>Repeticij\u0173 \u201evirtuv\u0117\u201c ir dirigento sprendim\u0173 magija<\/strong><\/p>\n\n\n\n<p>Anot L. Dzedaravi\u010dien\u0117s: \u201ePranc\u016bz\u0173 choro veikla organizuojama naudojantis tradicine metodika. Prad\u017eioje, pagal i\u0161 anksto paskelbt\u0105 tvarkara\u0161t\u012f repetuoja atskiri balsai, o v\u0117liau kolektyvas apjungiamas, siekiant i\u0161gauti skambes\u012f, kur\u012f kiekvienas dirigentas supranta ir interpretuoja individualiai. Pasiekus tinkam\u0105 suderinamum\u0105 ir skambes\u012f, kvie\u010diami solistai ir orkestras, o repeticij\u0173 vieta perkeliama \u012f numatyt\u0105 arba analogi\u0161k\u0105 b\u016bsimo koncerto viet\u0105.\u201c<\/p>\n\n\n\n<p>L. Dzedaravi\u010dienei labiausiai \u012fsimin\u0117 vienas originalus dirigento sprendimas: trimito solo partija buvo perkelta \u012f koncertin\u0117s erdv\u0117s auk\u0161tybes, \u0161alia vargon\u0173. I\u0161skaidytas erdvinis garsas suk\u016br\u0117 iliuzij\u0105, kad skambesys sklinda i\u0161 dangaus, it nematoma muzikin\u0117 skliauto \u0161viesa.<\/p>\n\n\n\n<p>Vis\u0105 proces\u0105 gaub\u0117 kolegialumas. \u201eSavitarpio supratimas buvo tikrai auk\u0161to lygio. Neabejotinas meno vadovo, dirigento, maestro Till Aly autoritetas ir profesionalumas suk\u016br\u0117 k\u016brybai palanki\u0105 terp\u0119, kurioje komforti\u0161kai jaut\u0117si choras, orkestras ir solistai\u201c, \u2013 pasakoja L. Dzedaravi\u010dien\u0117.<\/p>\n\n\n\n<p class=\"has-text-align-center\"><strong>Pranc\u016bzi\u0161kas repertuaras ir nauji atradimai nat\u0173 lentynoje<\/strong><\/p>\n\n\n\n<p>Kelion\u0117 \u012f Pary\u017ei\u0173 dr. E. Kaveckui buvo svarbi ir kaip repertuaro paie\u0161k\u0173 stotel\u0117. Jis pripa\u017e\u012fsta, kad pranc\u016bzi\u0161kas chorinis repertuaras Lietuvos kolektyvuose skamba re\u010diau, daugiausia d\u0117l kalbos barjero. Da\u017eniau girdime k\u016brinius angl\u0173, ital\u0173, vokie\u010di\u0173, lotyn\u0173 kalbomis. Iki kelion\u0117s, dirigento nat\u0173 lentynoje jau buvo gerai \u017einomi pranc\u016bz\u0173 autoriai: Hector Berlioz, Francis Poulenc, Gabriel Faur\u00e9, Leo Delibes, Charles Gounod, Maurice Ravel, Darius Milhaud, Olivier Messiaen. Ta\u010diau Pary\u017eius leido papildyti \u0161i\u0105 bibliotek\u0105 ir ma\u017eiau gird\u0117tais vardais. \u201eVaik\u0161tant autenti\u0161kai siauromis Pary\u017eiaus gatv\u0117mis netik\u0117tai u\u017eklydau \u012f muzikos instrument\u0173 aveniu. Pamat\u0119s nat\u0173 parduotuv\u0119, b\u016btinai j\u0105 aplankiau ir nusipirkau kelet\u0105 pranc\u016bz\u0173 kompozitori\u0173 partit\u016br\u0173 \u2013 Lili Boulanger, Cecile &amp; Olivier Rogg, Guy Lafarge ir kit\u0173. Tad biblioteka pasipild\u0117,<br>o partit\u016bros laukia savo eil\u0117s\u201c, \u2013 pasakoja dr. E. Kaveckas.<\/p>\n\n\n\n<p>\u0160ios naujos nat\u0173 knygos, lyg tiltas \u012f b\u016bsimus projektus, kurie gal\u0117t\u0173 praturtinti ir Lietuvos chor\u0173 programas.<\/p>\n\n\n\n<p class=\"has-text-align-center\"><strong>Profesinis \u201eatsi\u0161vie\u017einimas\u201c ir dirigento vidin\u0117 branda<\/strong><\/p>\n\n\n\n<p>Kelion\u0119 dr. E. Kaveckas vadina emociniu ir profesiniu \u201eatsi\u0161vie\u017einimu\u201c. Verdi \u201eRequiem\u201c jis iki \u0161iol daugiausia gird\u0117jo \u012fra\u0161uose ir diriguodamas atskiras i\u0161traukas. Gyvas did\u017eiulio k\u016brinio atlikimas, dalyvaujant dviem chorams, solistams ir orkestrui, paliko stipr\u0173 \u012fsp\u016bd\u012f. \u201eVisi steb\u0117jusieji maestro Till darb\u0105, pasteb\u0117jo jo ramyb\u0119, kad ir kas benutikt\u0173. Manau, tos ramyb\u0117s darbe jau esu kiek i\u0161mok\u0119s, ta\u010diau geras pavyzdys dar labiau skatina to siekti\u201c, \u2013 sako jis.<\/p>\n\n\n\n<p>Kalb\u0117damas apie b\u016bsimus tarptautinius dirigent\u0173 mainus, Egidijus pabr\u0117\u017eia kelias kryptis, kuriose verta augti: psichologinis darbas su kolektyvu\u00a0\u2013 saugios, motyvuojan\u010dios aplinkos k\u016brimas; stilistinis lankstumas\u00a0\u2013 geb\u0117jimas dr\u0105siai jud\u0117ti nuo senosios iki \u0161iuolaikin\u0117s muzikos, priimti skirtingas muzikavimo tradicijas; vidin\u0117 dirigento branda\u00a0\u2013 atvirumas, geb\u0117jimas mokytis i\u0161 kit\u0173, nuolatin\u0117 refleksija.<\/p>\n\n\n\n<p class=\"has-text-align-center\"><strong>Pary\u017eius \u2013 ne tik muzika, bet ir kult\u016brin\u0117s erdv\u0117s<\/strong><\/p>\n\n\n\n<p>Nors pagrindinis kelion\u0117s tikslas buvo muzikinis, dalyviai steng\u0117si pajusti ir pat\u012f miest\u0105. Luvras, Versalis, Ors\u0117 muziejus, Monmartro kalva, Eifelio bok\u0161tas \u2013 tik dalis aplankyt\u0173 viet\u0173. Gili\u0105 emocij\u0105 paliko ir didingos Pary\u017eiaus ba\u017eny\u010dios, Montmartre kapin\u0117s, kuriose dr. E. Kaveckas aplank\u0117 H. Berliozo kap\u0105. \u201eO Pary\u017eiaus operos puo\u0161numas ir gro\u017eis! Visas laikas tikrai \u012fsimenantis, \u012fkvepiantis, motyvuojantis\u201c, \u2013 sako jis.<\/p>\n\n\n\n<p class=\"has-text-align-center\"><strong>Kam reikalingi tokie mainai?<\/strong><\/p>\n\n\n\n<p>\u0160i \u201eErasmus\u201c kelion\u0117, tai puikus pavyzdys, kod\u0117l tarptautiniai dirigent\u0173 ir chor\u0173 mainai yra b\u016btini. Jie: \u012fkv\u0117pia\u00a0ir suteikia naujos motyvacijos kasdieniam darbui; praple\u010dia profesin\u012f akirat\u012f, nuo repertuaro iki darbo metodik\u0173; stiprina pasitik\u0117jim\u0105\u00a0savo \u0161alies chorine kult\u016bra; kuria ry\u0161ius, kurie ateityje gali virsti jungtiniais projektais ir gastrol\u0117mis; primena, kad muzika yra bendras kalbos barjerus \u012fveikiantis kodas.<\/p>\n\n\n\n<p>Visi trys dirigentai \u012f Lietuv\u0105 gr\u012f\u017eo ne tik su nuotraukomis i\u0161 Pary\u017eiaus, bet ir su nauja patirtimi, id\u0117jomis. Sykiu noru dalintis su kolektyvais, choristais ir visa Lietuvos chorine bendruomene. Ir galb\u016bt jau netrukus Verdi \u201eRequiem\u201c ar nauji pranc\u016bzi\u0161ki opusai suskamb\u0117s ir m\u016bs\u0173 sal\u0117se, papildyti Pary\u017eiuje parsive\u017eto \u012fkv\u0117pimo.<\/p>\n","protected":false},"excerpt":{"rendered":"<p>Lukrecija Stonkut\u0117 Kai lapkri\u010dio prad\u017eioje Kauno raj. Babt\u0173 kult\u016bros centro choro \u201eGynia\u201c vadov\u0117 Danut\u0117 \u0160akalien\u0117, Kauno raj. Samyl\u0173 kult\u016bros centro choro \u201e\u017daisa\u201c vadov\u0117 Laima Dzedaravi\u010dien\u0117 ir Valstybinio dain\u0173 ir \u0161okio&hellip; <\/p>\n","protected":false},"author":2,"featured_media":7296,"comment_status":"open","ping_status":"open","sticky":false,"template":"","format":"standard","meta":{"footnotes":""},"categories":[5],"tags":[],"_links":{"self":[{"href":"https:\/\/choras.lt\/index.php\/wp-json\/wp\/v2\/posts\/7294"}],"collection":[{"href":"https:\/\/choras.lt\/index.php\/wp-json\/wp\/v2\/posts"}],"about":[{"href":"https:\/\/choras.lt\/index.php\/wp-json\/wp\/v2\/types\/post"}],"author":[{"embeddable":true,"href":"https:\/\/choras.lt\/index.php\/wp-json\/wp\/v2\/users\/2"}],"replies":[{"embeddable":true,"href":"https:\/\/choras.lt\/index.php\/wp-json\/wp\/v2\/comments?post=7294"}],"version-history":[{"count":2,"href":"https:\/\/choras.lt\/index.php\/wp-json\/wp\/v2\/posts\/7294\/revisions"}],"predecessor-version":[{"id":7299,"href":"https:\/\/choras.lt\/index.php\/wp-json\/wp\/v2\/posts\/7294\/revisions\/7299"}],"wp:featuredmedia":[{"embeddable":true,"href":"https:\/\/choras.lt\/index.php\/wp-json\/wp\/v2\/media\/7296"}],"wp:attachment":[{"href":"https:\/\/choras.lt\/index.php\/wp-json\/wp\/v2\/media?parent=7294"}],"wp:term":[{"taxonomy":"category","embeddable":true,"href":"https:\/\/choras.lt\/index.php\/wp-json\/wp\/v2\/categories?post=7294"},{"taxonomy":"post_tag","embeddable":true,"href":"https:\/\/choras.lt\/index.php\/wp-json\/wp\/v2\/tags?post=7294"}],"curies":[{"name":"wp","href":"https:\/\/api.w.org\/{rel}","templated":true}]}}