{"id":7329,"date":"2025-12-14T15:02:34","date_gmt":"2025-12-14T15:02:34","guid":{"rendered":"https:\/\/choras.lt\/?p=7329"},"modified":"2025-12-14T15:02:37","modified_gmt":"2025-12-14T15:02:37","slug":"siauliu-sv-jurgio-baznycia-uzliejo-kalediniu-giesmiu-magija","status":"publish","type":"post","link":"https:\/\/choras.lt\/index.php\/2025\/12\/14\/siauliu-sv-jurgio-baznycia-uzliejo-kalediniu-giesmiu-magija\/","title":{"rendered":"\u0160iauli\u0173 \u0160v. Jurgio ba\u017eny\u010di\u0105 u\u017eliejo kal\u0117dini\u0173 giesmi\u0173 magija"},"content":{"rendered":"\n<p>2025 m. gruod\u017eio 14 d. \u0161v. Jurgio ba\u017eny\u010di\u0105 u\u017eliejo ypatinga jaukumo ir vidin\u0117s ramyb\u0117s atmosfera. \u0160iaulie\u010diai ir miesto sve\u010diai, susirink\u0119 \u012f koncert\u0105 \u201eKal\u0117d\u0173 laukimas\u201c, pasin\u0117r\u0117 \u012f \u0161ventin\u012f dvasinio susitelkimo skambes\u012f, kuriame harmoningai susitiko rimtis ir \u0161viesa.<br><br>Sekmadienio popiet\u0119 \u0160iauli\u0173 kult\u016bros centro kamerinis choras \u201eBi\u010diuliai\u201c (meno vadovas Mindaugas \u017dalalis, nuotr.), drauge su \u0160iauli\u0173 1-osios muzikos mokyklos solist\u0117mis Gabija ir Kamile Kumpyt\u0117mis (mokytoja Egl\u0117 \u017dalalien\u0117), pripild\u0117 ba\u017eny\u010dios erdv\u0119 jautriomis kal\u0117din\u0117mis giesm\u0117mis. J\u0173 atliekami k\u016briniai pasklido skliautais tarytum \u0161iltas adventinis kvietimas atsiverti gerumui. <\/p>\n\n\n\n<p>Koncerto metu suskambo Franco Ksavero Gruberio, Gedimino \u0160ukio, Leonido Abario, Grego Gilpino ir kit\u0173 autori\u0173 k\u016briniai, kurie primin\u0117 tikr\u0105j\u0105 \u0161ventinio laukimo prasm\u0119 \u2013 gr\u012f\u017eti \u012f tyl\u0105, susitikti su savimi ir leisti muzikai nuskaidrinti mintis.<\/p>\n\n\n\n<p>Rengin\u012f ved\u0117 Valstybinio \u0160iauli\u0173 dramos teatro aktorius Vladas Baranauskas, subtiliai \u012fpyn\u0119s \u017eod\u017eio ir muzikos derm\u0119.<\/p>\n\n\n\n<p>Organizatoriai &#8211; \u0160iauli\u0173 kult\u016bros centras &#8211; tikisi, kad renginys suteik\u0117 klausytojams \u0161ilumos ir dvasin\u0117s ramyb\u0117s, sustiprino bendruomeni\u0161kum\u0105 ir paskatins \u017emones trumpam sustoti advento \u0161urmulyje.<\/p>\n\n\n\n<p><\/p>\n\n\n\n<p class=\"has-text-align-center\"><strong>Au\u0161ra Brij\u016bnien\u0117<\/strong><\/p>\n\n\n\n<p><\/p>\n","protected":false},"excerpt":{"rendered":"<p>2025 m. gruod\u017eio 14 d. \u0161v. Jurgio ba\u017eny\u010di\u0105 u\u017eliejo ypatinga jaukumo ir vidin\u0117s ramyb\u0117s atmosfera. \u0160iaulie\u010diai ir miesto sve\u010diai, susirink\u0119 \u012f koncert\u0105 \u201eKal\u0117d\u0173 laukimas\u201c, pasin\u0117r\u0117 \u012f \u0161ventin\u012f dvasinio susitelkimo skambes\u012f,&hellip; <\/p>\n","protected":false},"author":2,"featured_media":7330,"comment_status":"open","ping_status":"open","sticky":false,"template":"","format":"standard","meta":{"footnotes":""},"categories":[3],"tags":[],"_links":{"self":[{"href":"https:\/\/choras.lt\/index.php\/wp-json\/wp\/v2\/posts\/7329"}],"collection":[{"href":"https:\/\/choras.lt\/index.php\/wp-json\/wp\/v2\/posts"}],"about":[{"href":"https:\/\/choras.lt\/index.php\/wp-json\/wp\/v2\/types\/post"}],"author":[{"embeddable":true,"href":"https:\/\/choras.lt\/index.php\/wp-json\/wp\/v2\/users\/2"}],"replies":[{"embeddable":true,"href":"https:\/\/choras.lt\/index.php\/wp-json\/wp\/v2\/comments?post=7329"}],"version-history":[{"count":3,"href":"https:\/\/choras.lt\/index.php\/wp-json\/wp\/v2\/posts\/7329\/revisions"}],"predecessor-version":[{"id":7333,"href":"https:\/\/choras.lt\/index.php\/wp-json\/wp\/v2\/posts\/7329\/revisions\/7333"}],"wp:featuredmedia":[{"embeddable":true,"href":"https:\/\/choras.lt\/index.php\/wp-json\/wp\/v2\/media\/7330"}],"wp:attachment":[{"href":"https:\/\/choras.lt\/index.php\/wp-json\/wp\/v2\/media?parent=7329"}],"wp:term":[{"taxonomy":"category","embeddable":true,"href":"https:\/\/choras.lt\/index.php\/wp-json\/wp\/v2\/categories?post=7329"},{"taxonomy":"post_tag","embeddable":true,"href":"https:\/\/choras.lt\/index.php\/wp-json\/wp\/v2\/tags?post=7329"}],"curies":[{"name":"wp","href":"https:\/\/api.w.org\/{rel}","templated":true}]}}