{"id":7345,"date":"2025-12-17T06:41:56","date_gmt":"2025-12-17T06:41:56","guid":{"rendered":"https:\/\/choras.lt\/?p=7345"},"modified":"2025-12-17T06:43:12","modified_gmt":"2025-12-17T06:43:12","slug":"pilenu-legenda-kurybinis-procesas-subures-megejus-ir-profesionalus","status":"publish","type":"post","link":"https:\/\/choras.lt\/index.php\/2025\/12\/17\/pilenu-legenda-kurybinis-procesas-subures-megejus-ir-profesionalus\/","title":{"rendered":"\u201ePil\u0117n\u0173 legenda\u201c: k\u016brybinis procesas, sub\u016br\u0119s m\u0117g\u0117jus ir profesionalus"},"content":{"rendered":"\n<p>Muzikin\u0117s dramos \u201ePil\u0117n\u0173 legenda\u201c premjeros i\u0161ties tapo met\u0173 pabaigos kult\u016briniu \u012fvykiu m\u016bs\u0173 savivaldyb\u0117je. Pilnut\u0117l\u0117s sal\u0117s \u012frod\u0117, kad projektas lauktas, \u017ei\u016brov\u0173 emocijos ir puik\u016bs atsiliepimai po kiekvieno spektaklio \u2013 visos didel\u0117s k\u016brybin\u0117s grup\u0117s darbo \u012fvertinimas.<\/p>\n\n\n\n<p>\u0160iemet minime \u201ePil\u0117n\u0173\u201c suk\u016brimo 70-met\u012f, kit\u0105met min\u0117sime \u0161ios operos autoriaus Vytauto Klovos 100-\u0105sias gimimo metines. \u0160i\u0173 prog\u0173 paskatinti \u012fgyvendinome Lietuvos kult\u016bros tarybos ir Elektr\u0117n\u0173 savivaldyb\u0117s finansuojam\u0105 projekt\u0105 \u201eOpera mano scenoje: Vytauto Klovos \u201ePil\u0117nams\u201c 70\u201c, kurio d\u0117ka ir gim\u0117 Nerijaus Petroko re\u017eisuota muzikin\u0117 drama \u201ePil\u0117n\u0173 legenda\u201c pagal Vytauto Klovos oper\u0105 \u201ePil\u0117nai\u201c. Tai jau \u0161e\u0161tas Vievio kult\u016bros centro inicijuotas muzikinio scenos veikalo pastatymas ir ketvirtasis pastatytas su \u0161i\u0173metine k\u016brybine grupe. <\/p>\n\n\n\n<p>Per pastaruosius ketverius metus Vievio kult\u016bros centro scenoje, Trak\u0173 Salos pilies Did\u017eiojoje men\u0117je ar U\u017eutrakio dvaro sodybos Europos sal\u0117je gal\u0117jome i\u0161vysti Meil\u0117s misterij\u0105 pagal D\u017e. Verdi oper\u0105 \u201eTraviata\u201c, muzikin\u0119 dram\u0105 \u201eSulau\u017eyto likimo labirintais\u201c pagal Balio Dvariono oper\u0105 \u201eDalia\u201c ir Balio Sruogos dram\u0105 Apyau\u0161rio dalia\u201c, o taip pat &#8211; Miko Petrausko oper\u0105 \u201eBirut\u0117\u201c.<\/p>\n\n\n\n<p>Per ketveri\u0173 met\u0173 laikotarp\u012f jau susiformavo komandos branduolys: Vievio kult\u016bros centras, kurio atstovas kamerinis choras \u201eCon moto\u201c (vadov\u0117 Audron\u0117 Stepankevi\u010di\u016bt\u0117), LMTA Muzikos fakulteto dainavimo katedros (ved\u0117ja prof. Asta Krik\u0161\u010di\u016bnait\u0117) studentai \u2013 solistai, pagrindini\u0173 vaidmen\u0173 atlik\u0117jai, ir, be abejo, re\u017eisierius Nerijus Petrokas, choro vokalo pedagogas bei dirigentas prof. Dainius Pui\u0161ys, koncertmeisteris \u2013 pianistas Aleksandras Vizbaras.<\/p>\n\n\n\n<p>Prie \u0161ios branduolio buriasi kiti m\u0117g\u0117j\u0173 kolektyvai. \u0160iemet \u012f muzikin\u0117s dramos \u201ePil\u0117n\u0173 legenda\u201c pastatym\u0105 pakviet\u0117me Judesio studij\u0105 \u201eBaletas Vievyje\u201c (vadov\u0117 Milda \u0160ervenina), Trak\u0173 Vytauto Did\u017eiojo gimnazijos jaunimo \u0161oki\u0173 kolektyv\u0105 (vadove Rimut\u0117 Blikertien\u0117). Turime ir nuolatini\u0173 partneri\u0173. Greta Lietuvos muzikos ir teatro akademijos m\u016bs\u0173 nuolatin\u0117 partner\u0117 &#8211; Vilniaus kolegijos Mados dizaino katedra (ved\u0117ja Gra\u017eina Skripkien\u0117); \u0161ios katedros komanda konsultavo kuriant scenin\u012f persona\u017e\u0173 \u012fvaizd\u012f.<\/p>\n\n\n\n<p>Taigi, profesionalaus ir m\u0117g\u0117j\u0173 meno bendradarbiavimas muzikin\u0117s dramos k\u016brimo \u201evirtuv\u0117je\u201c \u2013 vienas i\u0161 projekto tiksl\u0173. Kitas ne ma\u017eiau svarbus tikslas \u2013 bendruomen\u0117s \u012ftraukimas. Vievie\u010diai dalyvavo projekte ne tik kaip chorini\u0173 ar choreografini\u0173 scen\u0173 atlik\u0117jai, bet ir vykd\u0117 kitas b\u016btinas veiklas: k\u016br\u0117 ir gamino afi\u0161as, program\u0117les, siuvo sceninius kostiumus, pad\u0117jo techniniuose scenos darbuose. Ypa\u010d d\u017eiugu, kad \u012f \u0161\u012f k\u016brybin\u012f proces\u0105 \u012fsitrauk\u0117 jaunimas &#8211; Vievio gimnazistai. Prie bendruomen\u0117s sanglaudos k\u016brybiniame procese prisid\u0117jo i\u0161 Vievyje veikian\u010dios verslo \u012fmon\u0117s \u2013 \u0161\u012f projekt\u0105 remia UAB \u201eFin\u0117jas\u201c (generalinis direktorius Vaidotas Lenktys) ir UAB \u201eVievio pauk\u0161\u010diai\u201c (direktorius Algirdas Valan\u010dius).<\/p>\n\n\n\n<p>Kelet\u0105 m\u0117nesi\u0173 truk\u0119s k\u016brybinis procesas \u2013 darbas k\u016brybin\u0117se chorinio dainavimo, choreografijos, scenin\u0117s rai\u0161kos ir kt. grup\u0117se, bendros repeticijos &#8211; suartino projekto dalyvius. Iki v\u0117lyvo vakaro trukusios ar savaitgaliais vykusios repeticijos pareikalavo nema\u017eai energijos i\u0161 kiekvieno dalyvio. M\u0117g\u0117j\u0173 kolektyv\u0173 nariai \u017eav\u0117josi pagrindini\u0173 vaidmen\u0173 atlik\u0117j\u0173 &#8211; student\u0173 Kamil\u0117s Globyt\u0117s ir Dovil\u0117s Pavilionyt\u0117s (Egl\u0117), Godos Zakarauskait\u0117s ir Robertinos Matulyt\u0117s (Mirta), Pijaus Kondroto ir Kajaus Rud\u017eionio (\u016adrys), Luko Sandhu (Margiris), Igno \u0160\u010desnulevi\u010diaus (R\u016btenis) bei LMTA absolvento Alfredo Minioto (Ulrichas) &#8211; vokaliniais \u012fg\u016bd\u017eiais bei geb\u0117jimu \u012fsijausti \u012f \u012fk\u016bnijam\u0105 persona\u017e\u0105. O solistai, re\u017eisierius, dirigentas steb\u0117josi chorist\u0173 ir \u0161ok\u0117j\u0173 u\u017esidegimu, tobul\u0117jimo siekimu ir begaliniu entuziazmu. Ir \u0161i bendryst\u0117 dav\u0117 puik\u0173 rezultat\u0105! Premjeriniai \u201ePil\u0117n\u0173 legendos\u201c spektakliai, pristatyti Vievio kult\u016bros centre ir U\u017eutrakio dvaro sodybos Europos sal\u0117je \u2013 sulauk\u0117 puiki\u0173 gausios publikos \u012fvertinim\u0173.<\/p>\n\n\n\n<p>\u201eBene svarbiausia \u0161iame projekte \u2013 visas ilgas k\u016brybinis procesas, i\u0161 kurio pasis\u0117m\u0117me be galo daug: ir dainavimo \u012fg\u016bd\u017ei\u0173, ir scenin\u0117s rai\u0161kos patirties, ir geb\u0117jimo jausti scenos partner\u012f, ir kantryb\u0117s\u201c, \u2013 \u012fsp\u016bd\u017eiais dalinasi choro \u201eCon moto\u201c dalyvis Gintaras Karpi\u010dius.<\/p>\n\n\n\n<p>\u201eNuolat \u017eav\u0117jom\u0117s re\u017eisieriaus Nerijaus Petroko atsidavimu, pozityvumu ir geb\u0117jimu kiekvien\u0105 \u012ftraukti \u012f \u0161\u012f k\u016brybin\u012f verpet\u0105\u201c, \u2013 sako chorist\u0117 Audron\u0117 Jankauskien\u0117.<\/p>\n\n\n\n<p>\u201eProfesoriaus Dainiaus Pui\u0161io chorinio dainavimo k\u016brybin\u0117s grup\u0117s u\u017esi\u0117mimai buvo labai naudingi tobulinant m\u016bs\u0173 vokalinius \u012fg\u016bd\u017eius. Jo suteiktos \u017einios tikrai pravers tolesn\u0117je choro veikloje\u201c, \u2013 priduria Dalia Davidavi\u010dien\u0117.<\/p>\n\n\n\n<p>\u201eKaskart pasibaigus projektui, kurio darbas b\u016bna i\u0161ties intensyvus, lieka tarytum tu\u0161tuma. Tuomet belieka laukti kit\u0173 met\u0173 projekto\u201c, \u2013 \u0161ypsosi Ruslanas Suslavi\u010dius.<\/p>\n\n\n\n<p>D\u017eiugu, kad spektaklio premjeras steb\u0117jo itin laukti sve\u010diai \u2013 kompozitoriaus Vytauto Klovos dukra Vaiva Klovait\u0117 ir operos \u201ePil\u0117nai\u201c libreto autoriaus Jono Mackonio s\u016bnus Vigirdas Mackevi\u010dius su \u0161eima. J\u0173 i\u0161sakyti komplimentai \u2013 puikus visos k\u016brybin\u0117s grup\u0117s darbo \u012fvertinimas.<\/p>\n\n\n\n<p>Mes &#8211; projekto organizatoriai ir visa projekto k\u016brybin\u0117 grup\u0117 \u2013 d\u0117kojame projekto finansuotojams, r\u0117m\u0117jams, partneriams, Vievio bendruomenei, gausiai publikai u\u017e d\u0117mes\u012f ir m\u016bs\u0173 darbo \u012fvertinim\u0105. Tikim\u0117s v\u0117l susitikti kit\u0173 met\u0173 premjeroje!<\/p>\n\n\n\n<p class=\"has-text-align-center\"><strong>Audron\u0117 Stepankevi\u010di\u016bt\u0117,<br>Projekto \u201eOpera mano scenoje: Vytauto Klovos \u201ePil\u0117nams\u201c 70\u201c vadov\u0117<\/strong><\/p>\n","protected":false},"excerpt":{"rendered":"<p>Muzikin\u0117s dramos \u201ePil\u0117n\u0173 legenda\u201c premjeros i\u0161ties tapo met\u0173 pabaigos kult\u016briniu \u012fvykiu m\u016bs\u0173 savivaldyb\u0117je. Pilnut\u0117l\u0117s sal\u0117s \u012frod\u0117, kad projektas lauktas, \u017ei\u016brov\u0173 emocijos ir puik\u016bs atsiliepimai po kiekvieno spektaklio \u2013 visos didel\u0117s&hellip; <\/p>\n","protected":false},"author":2,"featured_media":7347,"comment_status":"open","ping_status":"open","sticky":false,"template":"","format":"standard","meta":{"footnotes":""},"categories":[3],"tags":[],"_links":{"self":[{"href":"https:\/\/choras.lt\/index.php\/wp-json\/wp\/v2\/posts\/7345"}],"collection":[{"href":"https:\/\/choras.lt\/index.php\/wp-json\/wp\/v2\/posts"}],"about":[{"href":"https:\/\/choras.lt\/index.php\/wp-json\/wp\/v2\/types\/post"}],"author":[{"embeddable":true,"href":"https:\/\/choras.lt\/index.php\/wp-json\/wp\/v2\/users\/2"}],"replies":[{"embeddable":true,"href":"https:\/\/choras.lt\/index.php\/wp-json\/wp\/v2\/comments?post=7345"}],"version-history":[{"count":4,"href":"https:\/\/choras.lt\/index.php\/wp-json\/wp\/v2\/posts\/7345\/revisions"}],"predecessor-version":[{"id":7350,"href":"https:\/\/choras.lt\/index.php\/wp-json\/wp\/v2\/posts\/7345\/revisions\/7350"}],"wp:featuredmedia":[{"embeddable":true,"href":"https:\/\/choras.lt\/index.php\/wp-json\/wp\/v2\/media\/7347"}],"wp:attachment":[{"href":"https:\/\/choras.lt\/index.php\/wp-json\/wp\/v2\/media?parent=7345"}],"wp:term":[{"taxonomy":"category","embeddable":true,"href":"https:\/\/choras.lt\/index.php\/wp-json\/wp\/v2\/categories?post=7345"},{"taxonomy":"post_tag","embeddable":true,"href":"https:\/\/choras.lt\/index.php\/wp-json\/wp\/v2\/tags?post=7345"}],"curies":[{"name":"wp","href":"https:\/\/api.w.org\/{rel}","templated":true}]}}