{"id":7467,"date":"2026-02-02T11:56:24","date_gmt":"2026-02-02T11:56:24","guid":{"rendered":"https:\/\/choras.lt\/?p=7467"},"modified":"2026-02-02T11:56:27","modified_gmt":"2026-02-02T11:56:27","slug":"siauliu-chorai-kviecia-svesti-vasario-16-taja","status":"publish","type":"post","link":"https:\/\/choras.lt\/index.php\/2026\/02\/02\/siauliu-chorai-kviecia-svesti-vasario-16-taja\/","title":{"rendered":"\u0160iauli\u0173 chorai kvie\u010dia \u0161v\u0119sti Vasario 16-t\u0105j\u0105"},"content":{"rendered":"\n<p>1918 m. vasario 16-oji tapo kertiniu Lietuvos istorijos ta\u0161ku \u2013 diena, kai dr\u0105sa, vienyb\u0117 ir tik\u0117jimas ateitimi virto valstyb\u0117s pamatu. Lietuvos Nepriklausomyb\u0117s Aktu buvo atkurta moderni, demokrati\u0161ka valstyb\u0117, kurios laisv\u0119 \u0161iandien suvokiame ne tik kaip istorijos fakt\u0105, bet ir kaip kasdien\u0119 atsakomyb\u0119. \u0160i diena reik\u0161minga visai \u0161aliai, ne i\u0161imtis ir \u0160iauliai, kaip miestas, puosel\u0117jantis pilieti\u0161kum\u0105, kult\u016br\u0105 ir gyv\u0105 istorin\u0119 atmint\u012f.<\/p>\n\n\n\n<p>Lietuvos valstyb\u0117s atk\u016brimo dienos min\u0117jimas \u0160iauliuose prasid\u0117s nuo vasario 8 dienos &#8211; vyks, parodos, k\u016brybin\u0117s dirbtuv\u0117s, skaitov\u0173 konkursas, viktorinos ir daugyb\u0117 kit\u0173 labai \u012fvairi\u0173 ir prasming\u0173 rengini\u0173. Vasario 15 d. 14 val. \u0160iauli\u0173 kult\u016bros centro kameriniai chorai pakvies \u012f koncert\u0105 \u201eLietuviais esame mes gim\u0119\u201c. \u0160iauli\u0173 kult\u016bros centro Kamerin\u0117je sal\u0117je (Au\u0161ros al. 31) koncertuos \u201eAt\u017ealynas\u201c (meno vad. M. \u017dalalis), \u201eVasara\u201c (meno vad. K. Luot\u0117), \u201eBi\u010diuliai\u201c (meno vad. M. \u017dalalis), choras \u201eTremtinys\u201c (meno vad. G.\u00a0Palujanskien\u0117), \u0160iauli\u0173 \u201eDagil\u0117lio\u201c dainavimo mokyklos 3 kl. berniuk\u0173 choras ir 4 kl. mergai\u010di\u0173 ansamblis (mokyt. D. Kembrien\u0117). (\u012e\u0117jimas &#8211; su nemokamais kvietimais, kuriuos nuo vasario 2 d. platina \u0160iauli\u0173 kult\u016bros centro kasa ir www.ticketmarket.lt)<\/p>\n\n\n\n<p>Vasario 16-oji prasid\u0117s Prisik\u0117limo aik\u0161t\u0117je, kur bus skiriamas d\u0117mesys ir pilietiniam pasirengimui. Nuo 11 iki 13 val. \u010dia vyks praktinis informacinis renginys, skirtas pasiruo\u0161imui galimoms ekstremaliosioms situacijoms. Jo metu gyventojai bus supa\u017eindinami su i\u0161vykimo krep\u0161io turiniu, gaus naudingos informacijos, kaip elgtis ir kaip i\u0161 anksto pasirengti \u012fvairioms ekstremalioms situacijoms. \u0160i\u0105 pilietin\u0119 iniciatyv\u0105 organizuoja \u0160iauli\u0173 prie\u0161gaisrin\u0117s gelb\u0117jimo valdybos Civilin\u0117s saugos skyrius, kvie\u010diantis Vasario 16-\u0105j\u0105 prisiminti, kad laisv\u0117 ir saugumas prasideda nuo \u017eini\u0173 ir atsakomyb\u0117s.<\/p>\n\n\n\n<p>Vasario 16-osios ryt\u0105, 11 val., \u0160iauli\u0173 \u0160v. apa\u0161tal\u0173 Petro ir Pauliaus katedroje bus aukojamos \u0161v. Mi\u0161ios, kvie\u010dian\u010dios susitelkti maldai ir apm\u0105stymams apie valstyb\u0117s keli\u0105, laisv\u0117s kain\u0105 ir jos prasm\u0119 \u0161iandien. Po \u0161v. Mi\u0161i\u0173, 12 val., \u0161ventiniai renginiai persikels \u012f Prisik\u0117limo aik\u0161t\u0119, kur vyks i\u0161kilmingas Lietuvos valstyb\u0117s atk\u016brimo dienos min\u0117jimas. Programoje \u2013 Lietuvos valstyb\u0117s v\u0117liavos pak\u0117limo ceremonija ir teatralizuota muzikin\u0117 programa \u201eSignatarai ir vertybi\u0173 pamatai\u201c, primenanti ne tik istorinius faktus, bet ir vertybes, kuri\u0173 pagrindu k\u016br\u0117si Lietuvos valstyb\u0117. \u0160iemet trispalv\u0119 kels vaistinink\u0117, miesto garb\u0117s piliet\u0117 Almyra Girdenien\u0117.<\/p>\n\n\n\n<p>\u0160ventin\u0119 program\u0105 16.30 val. vainikuos koncertas \u201eM\u016bs\u0173 namai\u201c, vyksiantis koncert\u0173 sal\u0117je \u201eSaul\u0117\u201c (Til\u017e\u0117s g. 140). Skamb\u0117s vokalin\u0117, chorin\u0117 ir instrumentin\u0117 muzika, o dainose ir choreografijoje atsispind\u0117s Lietuva kaip bendri namai, kuriuose telpa istorija, dabartis ir ateities viltis.  Pasirodys  Adrijana Balsyt\u0117 (sopranas), Juozas Janu\u017eas (tenoras), \u0160iauli\u0173 kult\u016bros centro kamerinis choras \u201eAt\u017ealynas\u201c (meno vad. ir dirig. M. \u017dalalis), \u0160iauli\u0173 Sauliaus Sondeckio men\u0173 gimnazijo liaudi\u0161kos muzikos ansamblis \u201eJovar\u0117lis\u201c (meno vad. ir orkestro vad. R. Vai\u0161norien\u0117, vokalin\u0117s grup\u0117s vad. D. Kavaliauskien\u0117), \u0160iauli\u0173 Jovaro progimnazijos ir Did\u017edvario gimnazijos vaik\u0173 ir jaunimo liaudi\u0161k\u0173 \u0161oki\u0173 ansamblis \u201e\u0160\u0117ltinis\u201c (vad. V. ir R. Laugaliai, G. Petrausk\u0117, G.\u00a0Urbonavi\u010dius), \u0160iauli\u0173 pu\u010diam\u0173j\u0173 orkestras (meno vad. ir dirig. S. Vai\u010diulionis, dirig. G. B\u016bzga). Koncerto ved\u0117jai &#8211; aktoriai Vladas Baranauskas ir J\u016brat\u0117 Levickait\u0117.  (\u012e\u0117jimas nemokamas)<\/p>\n\n\n\n<p class=\"has-text-align-center\"><strong>Rolando Parafinavi\u010diaus nuotr.<\/strong><br><\/p>\n\n\n\n<p><br><\/p>\n\n\n\n<p> <\/p>\n","protected":false},"excerpt":{"rendered":"<p>1918 m. vasario 16-oji tapo kertiniu Lietuvos istorijos ta\u0161ku \u2013 diena, kai dr\u0105sa, vienyb\u0117 ir tik\u0117jimas ateitimi virto valstyb\u0117s pamatu. Lietuvos Nepriklausomyb\u0117s Aktu buvo atkurta moderni, demokrati\u0161ka valstyb\u0117, kurios laisv\u0119&hellip; <\/p>\n","protected":false},"author":2,"featured_media":7470,"comment_status":"open","ping_status":"open","sticky":false,"template":"","format":"standard","meta":{"footnotes":""},"categories":[3],"tags":[],"_links":{"self":[{"href":"https:\/\/choras.lt\/index.php\/wp-json\/wp\/v2\/posts\/7467"}],"collection":[{"href":"https:\/\/choras.lt\/index.php\/wp-json\/wp\/v2\/posts"}],"about":[{"href":"https:\/\/choras.lt\/index.php\/wp-json\/wp\/v2\/types\/post"}],"author":[{"embeddable":true,"href":"https:\/\/choras.lt\/index.php\/wp-json\/wp\/v2\/users\/2"}],"replies":[{"embeddable":true,"href":"https:\/\/choras.lt\/index.php\/wp-json\/wp\/v2\/comments?post=7467"}],"version-history":[{"count":3,"href":"https:\/\/choras.lt\/index.php\/wp-json\/wp\/v2\/posts\/7467\/revisions"}],"predecessor-version":[{"id":7471,"href":"https:\/\/choras.lt\/index.php\/wp-json\/wp\/v2\/posts\/7467\/revisions\/7471"}],"wp:featuredmedia":[{"embeddable":true,"href":"https:\/\/choras.lt\/index.php\/wp-json\/wp\/v2\/media\/7470"}],"wp:attachment":[{"href":"https:\/\/choras.lt\/index.php\/wp-json\/wp\/v2\/media?parent=7467"}],"wp:term":[{"taxonomy":"category","embeddable":true,"href":"https:\/\/choras.lt\/index.php\/wp-json\/wp\/v2\/categories?post=7467"},{"taxonomy":"post_tag","embeddable":true,"href":"https:\/\/choras.lt\/index.php\/wp-json\/wp\/v2\/tags?post=7467"}],"curies":[{"name":"wp","href":"https:\/\/api.w.org\/{rel}","templated":true}]}}