{"id":7523,"date":"2026-03-07T10:56:41","date_gmt":"2026-03-07T10:56:41","guid":{"rendered":"https:\/\/choras.lt\/?p=7523"},"modified":"2026-03-09T09:57:39","modified_gmt":"2026-03-09T09:57:39","slug":"dobilui-60-treciasis-desimtmetis","status":"publish","type":"post","link":"https:\/\/choras.lt\/index.php\/2026\/03\/07\/dobilui-60-treciasis-desimtmetis\/","title":{"rendered":"&#8220;Dobilui&#8221; &#8211; 60: tre\u010diasis de\u0161imtmetis"},"content":{"rendered":"\n<p class=\"has-text-align-right\">Istorijai pasilik\u0119s 1990 &#8211; 2000 met\u0173 \u201eDobilo\u201c muzikinis gyvenimas choro metra\u0161tyje.<\/p>\n\n\n\n<p class=\"has-text-align-center\"><strong>Keliaujame&#8230;<\/strong><\/p>\n\n\n\n<p>\u0160alies poky\u010di\u0173 prie\u0161au\u0161ryje 1990 m. saus\u012f &#8220;Dobilas&#8221; lank\u0117si Vietname. Su pers\u0117dimais Ta\u0161kente, Kara\u010dyje ir Kalkutoje po 18 val. skryd\u017eio pasiek\u0117me Vietnam\u0105. Su kolektyvu vyko 13 pagalbinink\u0173. Pirmasis koncertas &#8211; Da Nange, sovietinio konsulato patalpose, vietnamie\u010di\u0173 Nauj\u0173j\u0173 met\u0173 proga. Koncerto programoje &#8211; harmonizuotos lietuvi\u0173 liaudies dainos ir specialiai i\u0161mokta vietnamie\u010di\u0173 kalba Do Hivano daina \u201eMano Vietnamas\u201c.<\/p>\n\n\n\n<p>Kas nustebino ir ilgam \u012fsimin\u0117? Pirmiausia &#8211; nesuprantama miesto transporto sistema, maisto gamyba gatv\u0117se, budist\u0173 \u0161ventykl\u0173 didyb\u0117, kau\u010diuko girait\u0117s, ry\u017ei\u0173 auginimo technologijos. \u017dinoma, ir ekskursija po uolas, imperatori\u0173 r\u016bmus su begale laipt\u0173, saugom\u0173 samanomis apaugusi\u0173 kari\u0173 fig\u016br\u0173, Debes\u0173 f\u0117jos \u0161ventykla (A\u0161tuntas pasaulio stebuklas), Ha dongo \u012flankoje Do\u0161o ky\u0161ulyje steb\u0117ti potvyniai, maudyn\u0117s \u0161iltoje Piet\u0173 Kinijos j\u016broje, b\u0117giojimai po Saigon\u0105 \u012fsigyjant lauktuves nami\u0161kiams&#8230;<\/p>\n\n\n\n<p class=\"has-text-align-center\"><strong>Draugaujame<\/strong>&#8230;<\/p>\n\n\n\n<p class=\"has-text-align-left\">1990 met\u0173 prad\u017eioje \u012f Lietuv\u0105 atvyko choras \u201cPro Musica\u201c  i\u0161 tuometin\u0117s Vakar\u0173 Vokietijos. Apkeliav\u0119s Estij\u0105, Latvij\u0105 tur\u0117jo tiksl\u0105 susipa\u017einti su Baltijos \u0161ali\u0173 chor\u0173 muzikiniu gyvenimu, patirti gyvenim\u0105 lietuvi\u0161kose \u0161eimose. Trimis dviauk\u0161\u010diais ne\u012fprastai dekoruotais autobusais sve\u010diai (su \u0161eimos nariais, vaikais!) va\u017ein\u0117jo po Vilni\u0173, Trakus, lank\u0117 istorines vietas. Koncerte \u0161v. Jon\u0173 ba\u017eny\u010dioje vokie\u010dius nustebino i\u0161skirtinis vilnie\u010di\u0173 d\u0117mesys &#8211; daugyb\u0117 klausytoj\u0173, transliacija per televizij\u0105, nuo\u0161ird\u016bs aplodismentai ir g\u0117l\u0117s, atsisveikinimo vakare &#8211; visiems \u012fteikti lietuvi\u0161ki suvenyrai, kelionei &#8211; \u0161ako\u010diai. Choro vadovui Ottui Ruthenbergui labiausiai patikusios vilnieti\u0161kos verbos&#8230; Netrukus \u201eDobilas\u201c sulauk\u0117 kvietimo koncertams Vokietijoje.<\/p>\n\n\n\n<p>Choro draugai i\u0161 tuometin\u0117s VFR,  \u012fvertin\u0119 Lietuvos sunki\u0105 politin\u0119 ir ekonomin\u0119 pad\u0117t\u012f (blokad\u0105) atsisveikindami \u012f Lietuvos nepriklausomyb\u0117s gynimo fond\u0105 \u012fne\u0161\u0117 300 rubli\u0173. Tuo metu tai buvo nema\u017ei pinigai &#8211; daugiau nei du vidutiniai atlyginimai!<\/p>\n\n\n\n<p>1990 metams baigiantis, Advento laikotarpiu, &#8220;Dobilas&#8221; vyko atsakomajam vizitui \u012f Vokietij\u0105. Berlyne abu chorai kartu sureng\u0117 du koncertus. Pirmas dviej\u0173 dali\u0173 koncertas \u201ePla\u010diai atverkite vartus\u201c &#8211; \u0160v. Nikolajaus ba\u017eny\u010dioje \u0160pandau rajone, antras &#8211; \u0160v. Marijos ba\u017eny\u010dioje. \u201ePro Musica\u201c atliko Michaelo Proetoriaus giesm\u0119 \u201eKaip skais\u010diai \u0161vyti Au\u0161rin\u0117\u201c, Telemanno kantat\u0105 \u201e\u0160lovinkite Vie\u0161pat\u012f krik\u0161\u010dionys\u201c, o mes &#8211; kelet\u0105  J. Naujalio, J. Siniaus Kal\u0117dini\u0173 giesmi\u0173 ir G. B. Pergolesi \u201eMagnificat\u201c, pritariant vargonams ir \u0160pandau jaunimo simfoniniam orkestrui. Vie\u0161nag\u0117s metu tarp kolektyv\u0173 u\u017esimezgusi draugyst\u0117 i\u0161liko ilgam. I\u0161 Vokietijos \u201aPro musica\u201c pra\u0161ymu Vilniaus kataliki\u0161kam moter\u0173 samb\u016briui \u201eCaritas\u201c buvo parve\u017eta nema\u017ea labdaros dovana (vaistai ir kita).<\/p>\n\n\n\n<p>1991 m. saus\u012f &#8220;Dobilas\u201c padovanojo Lietuvos nepriklausomyb\u0117s gynimo fondui 1000 rubli\u0173 (tais laikais labai nema\u017ea pinig\u0173 suma, metra\u0161tyje prisegtas aukos banko kvitas), o \u201eLaisv\u0117s kelyje\u201c \u012fm\u016bryta \u201cDobilo\u201c plyta (nuo automobili\u0173 \u017eiedo &#8211; 5 sekcija, 4 eil\u0117 nuo vir\u0161aus).<\/p>\n\n\n\n<p class=\"has-text-align-center\"><strong>Dain\u0173 \u0161vent\u0117se<\/strong>&#8230;<\/p>\n\n\n\n<p>1990 m. liepos m\u0117nes\u012f vykusi Lietuvos tautin\u0117 Dain\u0173 \u0161vent\u0117 &#8220;Dobilo&#8221; metra\u0161tyje apra\u0161yta ma\u017eai. Dain\u0173 \u0161vent\u0117s organizacinio komiteto i\u0161leistame Blokadai skirto laikra\u0161\u010dio numeryje \u201cSkamb\u0117k, Daina\u201c ra\u0161yta: \u201cDainavome, dainuojame ir dainuosime!&#8221; Konradas Kaveckas, Dain\u0173 dienos dirigentas, straipsnyje \u201ePrisimenu visas dain\u0173 \u0161ventes\u201c ra\u0161\u0117: &#8220;Pirm\u0105kart Dain\u0173 \u0161vent\u0117s pavadinimas pamin\u0117tas Vyd\u016bno, kai jis nuo 1895 m. prad\u0117jo rengti koncertus su lietuvi\u0173 giedotoj\u0173 draugijos choru Til\u017e\u0117je ir Rambyno kalne. 1924 m. Dain\u0173 \u0161vent\u0117, tuomet dar vadinta Dain\u0173 diena, i\u0161judino visus Lietuvos chorus\u201c.<\/p>\n\n\n\n<p>Kitame metra\u0161\u010dio puslapyje &#8211; nuotrauka \u201eNepriklausomos Lietuvos Dain\u0173 \u0161ven\u010di\u0173 \u017eenkleliai\u201c: I Dain\u0173 dienos (1924 m.), II Dain\u0173 dienos (1928 m.), ir Dain\u0173 dienos Vytauto Did\u017eiojo garbei (1930 m.) \u017eenkleliai. Nedaug \u017eini\u0173 choro metra\u0161tyje ir apie 1994 m. Pasaulio lietuvi\u0173 Dain\u0173 \u0161vent\u0119.<\/p>\n\n\n\n<p class=\"has-text-align-center\"><strong>Koncertuose&#8230;<\/strong><\/p>\n\n\n\n<p>Atk\u016brus Lietuvos valstyb\u0119, choro muzikin\u0117se erdv\u0117se da\u017eniau skamb\u0117jo patriotiniai k\u016briniai, kuriuos lyd\u0117davo gaus\u016bs aplodismentai. Chor\u0105 siejo gra\u017eus bendradarbiavimas su Lietuvos muzik\u0173 r\u0117mimo fondu. Jo kvietimu vyko ne vienas koncertas Lietuvos ba\u017eny\u010diose, ypa\u010d Vilniaus arkikatedros bazilikoje. 1993 m. bir\u017eel\u012f &#8220;Dobilas&#8221; giedojo \u0161v. T\u0117vo (popie\u017eiaus) garbei skirtose pamaldose Arkikatedroje: giedota \u010c. Sasnausko \u201eMalda Marijai\u201c, J. Dambrausko \u201eO Didis Dieve\u201c, v\u0117liau F. J. Haydno \u201eMi\u0161ios \u0161v. Mikalojaus garbei\u201c.<\/p>\n\n\n\n<p>Nuo 1990 m. kiekvienais metais ir daug met\u0173 Verb\u0173 sekmadien\u012f Lietuvos ba\u017eny\u010diose (kiekvien\u0105 kart\u0105 vis kitoje) choras atliko Th. Dubois oratorij\u0105 \u201eSeptyni Kristaus \u017eod\u017eiai\u201c. 1955 m. padarytas \u0161io k\u016brinio radio \u012fra\u0161as. \u0160is k\u016brinys 1996 m. skamb\u0117jo ir Danijoje Orhus miesto Elleveng kirk\u0117je su solistais L.Valantiej\u016bte, V. Vy\u0161niausku, M. \u017demai\u010diu, pritariant vargonams.<\/p>\n\n\n\n<p>Koncertuota \u0160iauli\u0173 \u0161v. Petro ir Povilo ba\u017eny\u010dioje J. Naujalio 125-osioms gimimo metin\u0117ms skirtame nauj\u0173 giesmi\u0173 parengimo konkurse (giesm\u0117 \u201eAleliuja! U\u017egim\u0117 Kristus\u201c), spaudos atgavimo, kalbos, knygos dienos min\u0117jime Vilniuje Spaudos r\u016bmuose, ne vienas koncertas vasario 16-osios min\u0117jimuose ir kasmetiniai Naujametiniai koncertai \u017dem\u0117s \u016bkio ministerijos sal\u0117je.<\/p>\n\n\n\n<p>Skaud\u017eiausias \u201eDobilo\u201c koncertas skirtas 1991 m Sausio 13- osios Lietuvos didvyriams, \u017euvusiems u\u017e laisv\u0119 Vilniaus sporto R\u016bmuose. Dobilie\u010diai i\u0161raudojo: J. Gudavi\u010diaus \u201eKur giria \u017ealiuoja\u201c, lietuvi\u0173 liaudies dain\u0105 harmonizuot\u0105 \u010c. Sasnausko \u201eL\u0117k, sakal\u0117li\u201c, \u201eKur b\u0117ga \u0160e\u0161up\u0117\u201c ir A.Vanagai\u010dio \u201eLaisv\u0117s varp\u0105\u201c. Prasmingus \u017eod\u017eius \u201eO skambink per am\u017eius \u2026.\u201c giedojo t\u016bkstantinis choras per 1994 m. vykusi\u0105 Pasaulio lietuvi\u0173 Dain\u0173 \u0161vent\u0119. Sausio \u012fvyki\u0173 atgarsiai, pasklid\u0119 per pasaul\u012f, sujaudino choro draugus Estijoje. Nuo\u0161ird\u016bs u\u017euojautos \u017eod\u017eiai dobilie\u010diams atskriejo 2-se telegramose est\u0173 Talino choro \u201eTuljak\u201c vardu.<\/p>\n\n\n\n<p class=\"has-text-align-center\"><strong>Jubiliejai&#8230;<\/strong><\/p>\n\n\n\n<p>Choro 25 met\u0173 jubiliejui pamin\u0117ti (1991 m.) koncertas vyko Vilniaus \u0161v. Jon\u0173 ba\u017eny\u010dioje. Dviej\u0173 dali\u0173 programos pirmoje dalyje &#8211; harmonizuotos lietuvi\u0173 liaudies dainos, antroje &#8211; N. Tallat-Kelp\u0161ait\u0117s \u201e Ave Maria\u201c, A. Ka\u010danausko \u201eMalda u\u017e T\u0117vyn\u0119\u201c, F. J. Haydno \u201eMi\u0161ios \u0161v. Mikalojaus garbei\u201c su solistais pritariant vargonams (vargonavo Bernardas Vasiliauskas).<\/p>\n\n\n\n<p>Choro 30-me\u010diui pamin\u0117ti (1996 m.) pirmas koncertas vyko \u0161v. Jon\u0173 ba\u017eny\u010dioje Verb\u0173 sekmadien\u012f. Pirm\u0105 kart\u0105 atlikta Th. Dubois oratorija \u201eSeptyni Kristaus \u017eod\u017eiai\u201c su solistais Lina Valantiej\u016bte, Vaidu Vy\u0161niausku, Mindaugu \u017demai\u010diu, vargonininku prof. Gediminu Kvikliu.<\/p>\n\n\n\n<p>Antrame koncerte \u0161v. Kazimiero ba\u017eny\u010dioje &#8211; klausytojams dar negird\u0117ta F. Liszto oratorijos \u201eLegenda apie \u0160v. Elzbiet\u0105&#8221; vokie\u010di\u0173 kalba su solistais, Karolini\u0161ki\u0173 muzikos mokyklos choru \u201eCantica\u201c (vadovas Algimantas U\u017edavinys), vargonininku Gediminu Kvikliu. Gra\u017ei, eil\u0117mis para\u0161yta ba\u017eny\u010dios kun. Stanislovo \u2013 K\u0119stu\u010dio Misevi\u010diaus pad\u0117ka &#8211; geriausia dovana visam kolektyvui. \u201eLiterat\u016bra ir menas\u201c (1996.07.13.) straipsnyje \u201eDu \u201eDobilo\u201c koncertai\u201c ra\u0161oma: \u201eKolektyvas jau tvirtai \u012faugo \u012f m\u016bs\u0173 chorin\u0119 kult\u016br\u0105, sureng\u0117 apie 300 koncert\u0173, pla\u010diai i\u0161populiarino daug lietuvi\u0173 bei u\u017esienio kompozitori\u0173 k\u016brini\u0173\u201c.<\/p>\n\n\n\n<p class=\"has-text-align-center\"><strong>Dr. Irena Lamsodien\u0117<\/strong><\/p>\n","protected":false},"excerpt":{"rendered":"<p>Istorijai pasilik\u0119s 1990 &#8211; 2000 met\u0173 \u201eDobilo\u201c muzikinis gyvenimas choro metra\u0161tyje. Keliaujame&#8230; \u0160alies poky\u010di\u0173 prie\u0161au\u0161ryje 1990 m. saus\u012f &#8220;Dobilas&#8221; lank\u0117si Vietname. Su pers\u0117dimais Ta\u0161kente, Kara\u010dyje ir Kalkutoje po 18 val.&hellip; <\/p>\n","protected":false},"author":2,"featured_media":3237,"comment_status":"open","ping_status":"open","sticky":false,"template":"","format":"standard","meta":{"footnotes":""},"categories":[3],"tags":[],"_links":{"self":[{"href":"https:\/\/choras.lt\/index.php\/wp-json\/wp\/v2\/posts\/7523"}],"collection":[{"href":"https:\/\/choras.lt\/index.php\/wp-json\/wp\/v2\/posts"}],"about":[{"href":"https:\/\/choras.lt\/index.php\/wp-json\/wp\/v2\/types\/post"}],"author":[{"embeddable":true,"href":"https:\/\/choras.lt\/index.php\/wp-json\/wp\/v2\/users\/2"}],"replies":[{"embeddable":true,"href":"https:\/\/choras.lt\/index.php\/wp-json\/wp\/v2\/comments?post=7523"}],"version-history":[{"count":20,"href":"https:\/\/choras.lt\/index.php\/wp-json\/wp\/v2\/posts\/7523\/revisions"}],"predecessor-version":[{"id":7567,"href":"https:\/\/choras.lt\/index.php\/wp-json\/wp\/v2\/posts\/7523\/revisions\/7567"}],"wp:featuredmedia":[{"embeddable":true,"href":"https:\/\/choras.lt\/index.php\/wp-json\/wp\/v2\/media\/3237"}],"wp:attachment":[{"href":"https:\/\/choras.lt\/index.php\/wp-json\/wp\/v2\/media?parent=7523"}],"wp:term":[{"taxonomy":"category","embeddable":true,"href":"https:\/\/choras.lt\/index.php\/wp-json\/wp\/v2\/categories?post=7523"},{"taxonomy":"post_tag","embeddable":true,"href":"https:\/\/choras.lt\/index.php\/wp-json\/wp\/v2\/tags?post=7523"}],"curies":[{"name":"wp","href":"https:\/\/api.w.org\/{rel}","templated":true}]}}