{"id":7542,"date":"2026-03-05T12:21:12","date_gmt":"2026-03-05T12:21:12","guid":{"rendered":"https:\/\/choras.lt\/?p=7542"},"modified":"2026-03-05T12:21:16","modified_gmt":"2026-03-05T12:21:16","slug":"per-pirmaja-savaite-isparduota-trecdalis-moksleiviu-dainu-sventes-bilietu","status":"publish","type":"post","link":"https:\/\/choras.lt\/index.php\/2026\/03\/05\/per-pirmaja-savaite-isparduota-trecdalis-moksleiviu-dainu-sventes-bilietu\/","title":{"rendered":"Per pirm\u0105j\u0105 savait\u0119 i\u0161parduota tre\u010ddalis Moksleivi\u0173 DAIN\u0172 \u0160VENT\u0116S biliet\u0173"},"content":{"rendered":"\n<p>Vienas did\u017eiausi\u0173 \u0161ios vasaros rengini\u0173 \u2013 Vilniuje liepos 3-6 dienomis vyksianti Lietuvos moksleivi\u0173 dain\u0173 \u0161vent\u0117 \u201eLaiku. Ratu. Kartu\u201c, kurioje 6 programas atliks daugiau nei 24 t\u016bkst. chorist\u0173, \u0161ok\u0117j\u0173 ir muzikant\u0173. Lygiai prie\u0161 savait\u0119 prasid\u0117jus \u0161vent\u0117s biliet\u0173 platinimui, tre\u010ddalis j\u0173 jau jau i\u0161pirkta.<\/p>\n\n\n\n<p>\u201eDaug svarst\u0117me, ar susidom\u0117jimas Moksleivi\u0173 dain\u0173 \u0161vente prilygs susidom\u0117jimui visuotine Lietuvos dain\u0173 \u0161vente, dvejojome, ar \u017emon\u0117s pirks bilietus, ar eis \u012f renginius, kuri\u0173 pagrindiniai atlik\u0117jai yra vaikai, \u2013 sak\u0117 \u0161vent\u0119 organizuojan\u010dios Nacionalin\u0117s M. K. \u010ciurlionio men\u0173 mokyklos direktorius Dainius Numgaudis. \u2013 Po pirmosios biliet\u0173 platinimo savait\u0117s akivaizdu, kad Dain\u0173 \u0161ven\u010di\u0173 myl\u0117tojai ir visa Lietuva Moksleivi\u0173 dain\u0173 \u0161vent\u0117s labai laukia, juk vis d\u0117lto \u0161i tradicija yra m\u016bs\u0173 savasties dalis. Jau galima sakyti, kad norintys pamatyti mokamus renginius turi suskubti, nes iki \u0161vent\u0117s likus dar 4 m\u0117nesiams matome didel\u012f entuziazm\u0105.\u201d<\/p>\n\n\n\n<p>\u0160i\u0173 met\u0173 Moksleivi\u0173 dain\u0173 \u0161vent\u0117s organizatoriai \u012fveda naujov\u0119 \u2013 bilietus nemokamiems renginiams. \u0160i\u0173 biliet\u0173 platinimas, pasak organizatori\u0173, pad\u0117s tinkamai paruo\u0161ti erdves, u\u017etikrinti, kad jose b\u016bt\u0173 ne daugiau \u017ei\u016brov\u0173, nei yra leid\u017eiama pagal saugos reikalavimus. Nemokamus bilietus \u017ei\u016brovai jau gali i\u0161siimti \u012f Dain\u0173 dienos stovimas vietas, tokie pat bilietai art\u0117jant renginiams bus platinami norintiems pamatyti Pu\u010diam\u0173j\u0173 instrument\u0173 orkestr\u0173 bei Jungtinio akordeon\u0173 orkestro koncertus.<\/p>\n\n\n\n<p>Mokam\u0173 rengini\u0173 kainos prasideda nuo 10 Eur \u2013 u\u017e toki\u0105 kain\u0105 sp\u0117j\u0119 \u012fsigyti pigiausius bilietus gal\u0117s pamatyti Ansambli\u0173 vakar\u0105. Nuo 15 Eur prasideda s\u0117dim\u0173 Dain\u0173 dienos viet\u0173 kainos, nuo 19 Eur kainuoja \u0160oki\u0173 dienos bilietai. Riboto kiekio VIP zon\u0173 bilietai kainuoja nuo 40 iki 50 Eur. Nemokam\u0173 biliet\u0173 kiekis ribotas \u2013 penktadalis Dain\u0173 dienos stovim\u0173 viet\u0173 jau u\u017eimtos.<\/p>\n\n\n\n<p><strong>Lietuvos moksleivi\u0173 dain\u0173 \u0161vent\u0117s programa:<\/strong><\/p>\n\n\n\n<p><strong>liepos 3 d.<\/strong><br>17:00 Dalyvi\u0173 eityn\u0117s Gedimino prospektu<br>19:00 Pu\u010diam\u0173j\u0173 instrument\u0173 orkestr\u0173 koncertas \u201eKartu skambiu ratu\u201c Vilniaus Katedros aik\u0161t\u0117je<\/p>\n\n\n\n<p><strong>liepos 4 d.<\/strong><br>18:00 Jungtinis akordeon\u0173 orkestro koncertas Vilniaus \u0160v. Jon\u0173 ba\u017eny\u010dioje<br>22:00 Ansambli\u0173 vakaras \u201eMet\u0173 ritmu\u201c Vilniaus Kaln\u0173 parko estradoje<\/p>\n\n\n\n<p>l<strong>iepos 5 d.<\/strong><br>19:00 \u0160oki\u0173 diena \u201eRatu, ratu\u201c \u201eTwinsbet\u201c arenoje<\/p>\n\n\n\n<p><strong>liepos 6 d.<\/strong><br>18:30 Dain\u0173 diena \u201eLaiku. Ratu. Kartu\u201c Vingio parke<br>21:00 Dain\u0173 dienos finalas &#8211; \u201eTauti\u0161ka giesm\u0117 aplink pasaul\u012f\u201c Vingio parke<\/p>\n","protected":false},"excerpt":{"rendered":"<p>Vienas did\u017eiausi\u0173 \u0161ios vasaros rengini\u0173 \u2013 Vilniuje liepos 3-6 dienomis vyksianti Lietuvos moksleivi\u0173 dain\u0173 \u0161vent\u0117 \u201eLaiku. Ratu. Kartu\u201c, kurioje 6 programas atliks daugiau nei 24 t\u016bkst. chorist\u0173, \u0161ok\u0117j\u0173 ir muzikant\u0173.&hellip; <\/p>\n","protected":false},"author":2,"featured_media":7544,"comment_status":"open","ping_status":"open","sticky":false,"template":"","format":"standard","meta":{"footnotes":""},"categories":[2],"tags":[],"_links":{"self":[{"href":"https:\/\/choras.lt\/index.php\/wp-json\/wp\/v2\/posts\/7542"}],"collection":[{"href":"https:\/\/choras.lt\/index.php\/wp-json\/wp\/v2\/posts"}],"about":[{"href":"https:\/\/choras.lt\/index.php\/wp-json\/wp\/v2\/types\/post"}],"author":[{"embeddable":true,"href":"https:\/\/choras.lt\/index.php\/wp-json\/wp\/v2\/users\/2"}],"replies":[{"embeddable":true,"href":"https:\/\/choras.lt\/index.php\/wp-json\/wp\/v2\/comments?post=7542"}],"version-history":[{"count":2,"href":"https:\/\/choras.lt\/index.php\/wp-json\/wp\/v2\/posts\/7542\/revisions"}],"predecessor-version":[{"id":7545,"href":"https:\/\/choras.lt\/index.php\/wp-json\/wp\/v2\/posts\/7542\/revisions\/7545"}],"wp:featuredmedia":[{"embeddable":true,"href":"https:\/\/choras.lt\/index.php\/wp-json\/wp\/v2\/media\/7544"}],"wp:attachment":[{"href":"https:\/\/choras.lt\/index.php\/wp-json\/wp\/v2\/media?parent=7542"}],"wp:term":[{"taxonomy":"category","embeddable":true,"href":"https:\/\/choras.lt\/index.php\/wp-json\/wp\/v2\/categories?post=7542"},{"taxonomy":"post_tag","embeddable":true,"href":"https:\/\/choras.lt\/index.php\/wp-json\/wp\/v2\/tags?post=7542"}],"curies":[{"name":"wp","href":"https:\/\/api.w.org\/{rel}","templated":true}]}}