{"id":7546,"date":"2026-03-05T12:29:00","date_gmt":"2026-03-05T12:29:00","guid":{"rendered":"https:\/\/choras.lt\/?p=7546"},"modified":"2026-03-05T12:29:02","modified_gmt":"2026-03-05T12:29:02","slug":"vidmantui-kapucinskui-75-gyvenimas-skirtas-teatrui","status":"publish","type":"post","link":"https:\/\/choras.lt\/index.php\/2026\/03\/05\/vidmantui-kapucinskui-75-gyvenimas-skirtas-teatrui\/","title":{"rendered":"Vidmantui Kapu\u010dinskui \u2013 75: gyvenimas, skirtas teatrui"},"content":{"rendered":"\n<p>Kovo 5-\u0105j\u0105 Panev\u0117\u017eio muzikinio teatro \u012fk\u016br\u0117jas ir ilgametis vadovas, dirigentas Vidmantas Kapu\u010dinskas \u0161ven\u010dia 75-eri\u0173 met\u0173 sukakt\u012f.<\/p>\n\n\n\n<p>Per beveik keturiasde\u0161imt aktyvios k\u016brybin\u0117s veiklos met\u0173 jis suman\u0117 ir \u012fgyvendino daugel\u012f Panev\u0117\u017eio bei visos Lietuvos mastu reik\u0161ming\u0173 iniciatyv\u0173. Tai profesionaliojo scenos meno pastatymai Panev\u0117\u017eio muzikiniame teatre, Panev\u0117\u017eio kamerinio orkestro \u012fk\u016brimas, meno program\u0173 rengimas, festivali\u0173 tradicij\u0173 puosel\u0117jimas, nuolatinis bendradarbiavimas su ry\u0161kiais Lietuvos bei u\u017esienio k\u016br\u0117jais. Panev\u0117\u017eio muzikiniame teatre V.\u00a0Kapu\u010dinskas padirigavo daugiau kaip 350 spektakli\u0173, 1996\u20132001 m. drauge su kameriniu orkestru reng\u0117 Panev\u0117\u017eio kra\u0161to, 2003 m. \u2013 Tarptautin\u012f jaun\u0173j\u0173 pianist\u0173 ir styginink\u0173 konkursus, 2000\u20132011 m. buvo tarptautinio vasaros muzikos festivalio \u201eAnt Katedros laipt\u0173\u201c sumanytojas ir organizatorius. Su Panev\u0117\u017eio kameriniu orkestru pareng\u0117 \u012fvairi\u0173 vokalini\u0173, instrumentini\u0173, stygini\u0173 k\u016brini\u0173, tarp j\u0173 G.\u00a0B.\u00a0Pergolesi \u201eMagnificat\u201c, Koncert\u0105 A-dur, B.\u00a0Britteno Paprast\u0105j\u0105 simfonij\u0105, muzikin\u012f spektakl\u012f \u201eVien tik m\u016bzos valdo mus\u201c, skirt\u0105 Panev\u0117\u017eio muzikinio teatro 25-me\u010diui, buvo P.\u00a0Abrahamo operet\u0117s \u201eBalius Savojoje\u201c, R.\u00a0Rodgerso miuziklo \u201eMuzikos garsai\u201c, R.\u00a0Stolzo operet\u0117s \u201eSvajoni\u0173 sala\u201c ir daugelio kit\u0173 muzikos vadovas ir dirigentas. Su Panev\u0117\u017eio kameriniu orkestru koncertavo Lenkijoje, \u0160vedijoje, Slovakijoje, Ispanijoje, Rusijoje, Olandijoje, \u0160veicarijoje, Vokietijoje ir kt.<\/p>\n\n\n\n<p>Maestro yra vienas ry\u0161kiausi\u0173 Auk\u0161taitijos kult\u016bros veik\u0117j\u0173. 2011\u00a0m. u\u017e atgaivint\u0105 Panev\u0117\u017eio operet\u0119, ilgamet\u012f profesionaliojo meno ir kult\u016bros puosel\u0117jim\u0105 mieste i\u0161rinktas Met\u0173 panev\u0117\u017eie\u010diu, 2022\u00a0m. peln\u0117 Panev\u0117\u017eio miesto kult\u016bros premij\u0105.<\/p>\n\n\n\n<p>V.\u00a0Kapu\u010dinsko \u012fkurtas Panev\u0117\u017eio muzikinis teatras gyvuoja jau 31-\u0105j\u012f sezon\u0105. Paklaustas apie gra\u017eiausi\u0105 darbo met\u0173 akimirk\u0105, V. Kapu\u010dinskas prisimena 2012 m. \u201eTraviatos\u201c pastatym\u0105: \u201eDid\u017eiausia \u0161vent\u0117, man atrodo, yra ta akimirka, kai jautiesi nu\u0117j\u0119s toli, kai k\u0105 nors padarius viskas staiga atsistoja \u012f savo vietas \u2013 tu matai, kad \u012fvyko. Teatras tampa teatru tada, kai jis neb\u0117ra tik erdv\u0117 ar scena, bet gyvas, kv\u0117puojantis organizmas. Man taip nutiko, kai stat\u0117me \u201eTraviat\u0105\u201c. Staiga premjeros vakar\u0105, kai Julius Geniu\u0161as dirigavo orkestrui, kai solistai \u012fsijaut\u0117 \u012f savo vaidmenis, a\u0161 supratau: dabar jau teatras yra ir jo niekas nebesunaikins. Tai buvo tas momentas, kai viskas, k\u0105 dar\u0117me, staiga tapo gyva tikrove.\u201c<\/p>\n\n\n\n<p>Jubiliejaus proga kovo 6 d.\u00a0Panev\u0117\u017eio muzikinis teatras\u00a0rengia \u0161ventin\u012f koncert\u0105 \u201eSu gimtadieniu, Maestro!\u201c. Vakaro metu skamb\u0117s opere\u010di\u0173 i\u0161traukos ir gra\u017eiausi muzikiniai sveikinimai. Koncerte dalyvaus teatro kolektyvai: Panev\u0117\u017eio muzikinio teatro orkestras (vyr. dirigentas\u00a0Erki Pehk), Panev\u0117\u017eio muzikinio teatro pu\u010diam\u0173j\u0173 orkestras\u00a0\u201eGarsas\u201c\u00a0(vadovas\u00a0Martynas Bra\u017eas), Panev\u0117\u017eio muzikinio teatro choras (vadovas\u00a0Giedrius Pavilionis). Taip pat pasirodys su maestro V. Kapu\u010dinsku teatre dirb\u0119 solistai \u2013\u00a0Rytis Janilionis,\u00a0Elena Kalvaityt\u0117-Vitkauskien\u0117,\u00a0Kristina Zmailait\u0117,\u00a0Egidijus Bavikinas,\u00a0Laima \u010ceslauskait\u0117, Edmundas Seilius\u00a0ir\u00a0Vida Taurinskait\u0117-Ruk\u0161ien\u0117.<\/p>\n\n\n\n<p>\u0160is vakaras \u2013 koleg\u0173 ir bendra\u017eygi\u0173 pad\u0117ka k\u016br\u0117jui, kurio vizija, atkaklumas ir tik\u0117jimas pad\u0117jo Panev\u0117\u017eyje sukurti muzikin\u012f teatr\u0105 ir \u012ftvirtinti operet\u0117s teatro tradicij\u0105.<\/p>\n\n\n\n<p class=\"has-text-align-center\"><strong>J. Vai\u010dikonio nuotr.<\/strong><\/p>\n","protected":false},"excerpt":{"rendered":"<p>Kovo 5-\u0105j\u0105 Panev\u0117\u017eio muzikinio teatro \u012fk\u016br\u0117jas ir ilgametis vadovas, dirigentas Vidmantas Kapu\u010dinskas \u0161ven\u010dia 75-eri\u0173 met\u0173 sukakt\u012f. Per beveik keturiasde\u0161imt aktyvios k\u016brybin\u0117s veiklos met\u0173 jis suman\u0117 ir \u012fgyvendino daugel\u012f Panev\u0117\u017eio bei&hellip; <\/p>\n","protected":false},"author":2,"featured_media":7548,"comment_status":"open","ping_status":"open","sticky":false,"template":"","format":"standard","meta":{"footnotes":""},"categories":[5],"tags":[],"_links":{"self":[{"href":"https:\/\/choras.lt\/index.php\/wp-json\/wp\/v2\/posts\/7546"}],"collection":[{"href":"https:\/\/choras.lt\/index.php\/wp-json\/wp\/v2\/posts"}],"about":[{"href":"https:\/\/choras.lt\/index.php\/wp-json\/wp\/v2\/types\/post"}],"author":[{"embeddable":true,"href":"https:\/\/choras.lt\/index.php\/wp-json\/wp\/v2\/users\/2"}],"replies":[{"embeddable":true,"href":"https:\/\/choras.lt\/index.php\/wp-json\/wp\/v2\/comments?post=7546"}],"version-history":[{"count":2,"href":"https:\/\/choras.lt\/index.php\/wp-json\/wp\/v2\/posts\/7546\/revisions"}],"predecessor-version":[{"id":7549,"href":"https:\/\/choras.lt\/index.php\/wp-json\/wp\/v2\/posts\/7546\/revisions\/7549"}],"wp:featuredmedia":[{"embeddable":true,"href":"https:\/\/choras.lt\/index.php\/wp-json\/wp\/v2\/media\/7548"}],"wp:attachment":[{"href":"https:\/\/choras.lt\/index.php\/wp-json\/wp\/v2\/media?parent=7546"}],"wp:term":[{"taxonomy":"category","embeddable":true,"href":"https:\/\/choras.lt\/index.php\/wp-json\/wp\/v2\/categories?post=7546"},{"taxonomy":"post_tag","embeddable":true,"href":"https:\/\/choras.lt\/index.php\/wp-json\/wp\/v2\/tags?post=7546"}],"curies":[{"name":"wp","href":"https:\/\/api.w.org\/{rel}","templated":true}]}}