{"id":7550,"date":"2026-03-06T13:28:13","date_gmt":"2026-03-06T13:28:13","guid":{"rendered":"https:\/\/choras.lt\/?p=7550"},"modified":"2026-03-15T21:09:21","modified_gmt":"2026-03-15T21:09:21","slug":"net-penki-moteru-chorai-kovo-11-aja-pamines-svedijoje-ir-latvijoje","status":"publish","type":"post","link":"https:\/\/choras.lt\/index.php\/2026\/03\/06\/net-penki-moteru-chorai-kovo-11-aja-pamines-svedijoje-ir-latvijoje\/","title":{"rendered":"Net penki moter\u0173 chorai Kovo 11-\u0105j\u0105 pamin\u0117jo \u0160vedijoje ir Latvijoje"},"content":{"rendered":"\n<p>Nepriklausomyb\u0117s atk\u016brimo dienos proga gausus b\u016brys dainininki\u0173 \u2013 penki moter\u0173 chorai i\u0161 Lietuvos ir Latvijos \u2013 kartu su Vilniaus universiteto kameriniu orkestru sureng\u0117 net du koncertus u\u017esienyje.<\/p>\n\n\n\n<p>Pirmasis vyko \u0160vedijos Vesteroso miesto katedroje kovo 8 d., o antrasis &#8211; Latvijos sostin\u0117s Rygos \u0160v. Jono ba\u017eny\u010dioje kovo 10 d.. Skamb\u0117jo \u0161iuolaikinio \u0161ved\u0173 kompozitoriaus M\u00e5rteno Janssono \u201eMissa popularis\u201c moter\u0173 chorui su stygini\u0173 orkestru ir M. K. \u010ciurlionio k\u016briniai.<\/p>\n\n\n\n<p>\u012esp\u016bdingiems koncertams j\u0117gas suvienijos Vilniaus universiteto mergin\u0173 choras \u201eVirgo\u201c (nuotr.), Vilniaus kolegijos mergin\u0173 choras \u201eVaidilut\u0117s\u201c, Klaip\u0117dos \u017dvej\u0173 kult\u016bros r\u016bm\u0173 moter\u0173 choras \u201eDang\u0117\u201c, taip pat Rygos VEF kult\u016bros centro moter\u0173 choras \u201eDzintars\u201c ir Uogr\u0117s miesto moter\u0173 choras \u201eRasa\u201c. Moter\u0173 kolektyvams akomponavo ir savo solin\u0119 program\u0105 atliko Vilniaus universiteto kamerinis orkestras, vadovaujamas Modesto Jank\u016bno.<\/p>\n\n\n\n<p>Koncert\u0173 programoje akcentai, kuriais buvos pamin\u0117ta ne tik Nepriklausomyb\u0117s atk\u016brimo diena \u2013 Kovo 11-oji, bet ir atiduota pagarbos duokl\u0117 kitai svarbiai, Lietuvos ir \u0160vedijos istorij\u0105 siejan\u010diai sukak\u010diai \u2013 Lietuvos did\u017eiojo kunigaik\u0161\u010dio dukters ir \u0160vedijos karalien\u0117s Kotrynos Jogailait\u0117s gimimo 500-osioms metin\u0117ms.<\/p>\n\n\n\n<p>1526 m. Krokuvoje gimusi Kotryna Jogailait\u0117 tapo viena ry\u0161kiausi\u0173 Abiej\u0173 Taut\u0173 Respublikos asmenybi\u0173, o i\u0161tek\u0117jusi u\u017e karaliaus Jono III ir tapusi \u0160vedijos karaliene, nuties\u0117 glaud\u0173 kult\u016brin\u012f tilt\u0105 tarp Vilniaus ir Stokholmo. Upsalos katedroje palaidota valdov\u0117 istorin\u0117je atmintyje i\u0161liko kaip Renesanso elegancijos, auk\u0161to intelekto ir diplomatijos simbolis, kurios gyvenimo istorija iki \u0161iol \u012fkvepia savo lyderyste bei ypatingu d\u0117mesiu \u0161vietimui ir taikos puosel\u0117jimui. Simboli\u0161ka, kad moter\u0173 balsams skirtu \u0161ved\u0173 autoriaus k\u016briniu buvo pagerbtas jos atminimas.<\/p>\n\n\n\n<p>Koncertuose taip pat skamb\u0117jo k\u016briniai, u\u017esienio klausytojams primin\u0119 m\u016bs\u0173 \u0161alies genijaus Mikalojaus Konstantino \u010ciurlionio (1875\u20131911) gimimo 150-\u0173j\u0173 metini\u0173 min\u0117jim\u0105 \u2013 VU kamerinio orkestro atliekami kompozitoriaus preliudai nuskamb\u0117jo kaip pra\u0117jusiais metais Lietuvoje pla\u010diai min\u0117to jo jubiliejaus aidas.<\/p>\n\n\n\n<p>Koncert\u0173 kulminacija tapo \u0161iuolaikinio \u0161ved\u0173 kompozitoriaus M\u00e5rteno Janssono mi\u0161ios \u201eMissa popularis\u201c, kurias diriguoti maloniai sutiko pats j\u0173 autorius. 2015 m. para\u0161ytos kompozicijos muzikin\u0117s \u0161aknys gl\u016bdi \u0161ved\u0173 liaudies muzikoje, kuri subtiliai persipina su tradiciniu lotyni\u0161ku mi\u0161i\u0173 tekstu. Kompozicija i\u0161siskiria skaidria harmonija ir energingais ritminiais motyvais, b\u016bdingais skandinavi\u0161kam folklorui, o choro ir stygini\u0173 ansamblio dialogas suteikia k\u016briniui autenti\u0161kumo bei nuo\u0161irdumo poj\u016bt\u012f. \u201eTai techni\u0161kai ambicingas opusas, kurio daugiasluoksn\u0117 strukt\u016bra i\u0161 atlik\u0117j\u0173 reikalauja didelio susikaupimo bei ypatingo ansamblinio jautrumo, o i\u0161 dirigento meistri\u0161kumo ir precizikos suvaldant poliritmij\u0105, sud\u0117ting\u0105 polifonin\u0119 fakt\u016br\u0105 bei netik\u0117tus harmoninius pos\u016bkius\u201c, \u2013 pasakojo choro \u201eVirgo\u201c meno vadov\u0117 ir vyriausioji dirigent\u0117 Rasa Gelgotien\u0117, \u0161\u012f k\u016brin\u012f dirigavusi per jo premjer\u0105 Lietuvoje, vykusi\u0105 \u201eVirgo\u201c 45 met\u0173 sukakties jubiliejiniame koncerte 2025 m. spalio m\u0117n., taip pat ir koncerte Rygoje.<\/p>\n\n\n\n<p>Vesteroso katedroje surengtas koncert\u0173 ciklas, kuriame pasirod\u0117 ir lietuvi\u0173 bei latvi\u0173 kolektyvai, suburia chorus, dirigentus ir kompozitorius i\u0161 \u012fvairi\u0173 \u0160vedijos region\u0173 bei kit\u0173 Europos \u0161ali\u0173. Dalyviai \u010dia ne tik koncertuoja, bet ir da\u017enai dalyvauja meistri\u0161kumo kursuose, bendrose repeticijose, k\u016brybin\u0117se dirbtuv\u0117se. D\u0117l ypatingos katedros akustikos atliekami k\u016briniai \u012fgauna i\u0161skirtin\u012f skambes\u012f, tod\u0117l festivalis laikomas puikia vieta tiek premjeroms, tiek klasikiniam repertuarui. \u0160is t\u0119stinis renginys prisideda prie \u0160vedijos chorin\u0117s kult\u016bros puosel\u0117jimo, skatina bendradarbiavim\u0105 tarp chor\u0173, suteikia platform\u0105 naujiems k\u016briniams ir padeda pristatyti \u0161iuolaikinius skandinav\u0173 kompozitorius platesnei auditorijai. Ciklas i\u0161siskiria profesionalumu, dvasine atmosfera ir auk\u0161tu meniniu lygiu.<\/p>\n\n\n\n<p>M\u00e5rten Jansson (g. 1965 m. Upsaloje) \u2013 vienas ry\u0161kiausi\u0173 \u0161iuolaikin\u0117s \u0160vedijos chorin\u0117s muzikos k\u016br\u0117j\u0173. Studijavo muzikologij\u0105 ir muzikos pedagogik\u0105 Upsalos universitete bei Karali\u0161kojoje muzikos akademijoje Stokholme. Jis yra \u0160vedijos kompozitori\u0173 s\u0105jungos narys ir 2020 m. prad\u0117jo doktorant\u016bros studijas pas \u017einom\u0105 brit\u0173 kompozitori\u0173 Paul Mealor. Jo k\u016bryba daugiausia skirta sakralinei chorinei muzikai, kurioje dera emocinis intensyvumas, naujojo romantizmo bruo\u017eai ir ai\u0161kios, pla\u010dios melodin\u0117s linijos. Pats M. Jansson pabr\u0117\u017eia, kad visada siekia gro\u017eio, o ne atonalumo. De\u0161imt met\u0173 jis vadovavo moter\u0173 chorui \u201eCarmen\u201c, kuriam suk\u016br\u0117 daug k\u016brini\u0173, o jo garsiausi opusai, tokie kaip \u201eMissa popularis\u201c, \u201eThe Choirmaster\u2019s burial\u201c ar \u201eRequiem novum\u201c, atliekami visame pasaulyje \u2014 nuo Carnegie Hall iki Kelno katedros.<\/p>\n\n\n\n<p>1980 m. \u012fsteigtas Vilniaus universiteto choras \u201eVirgo\u201c, kurio gretose dainuoja apie 30 studen\u010di\u0173 \u2013 vienas stipriausi\u0173 \u0161alyje. 2023 m. Nacionaliniame suaugusi\u0173j\u0173 chor\u0173 konkurse \u201eVirgo\u201c peln\u0117 pirm\u0105j\u0105 viet\u0105 ir tapo geriausiu moter\u0173 choru Lietuvoje. Kolektyvas yra dainav\u0119s garsiausiose koncert\u0173 sal\u0117se \u012fvairiose pasaulio \u0161alyse, dalyvav\u0119s daugyb\u0117je tarptautini\u0173 festivali\u0173 ir konkurs\u0173, i\u0161 kuri\u0173 daugiau nei 25 kartus gr\u012f\u017eo su auk\u0161tais apdovanojimais. Choras yra \u201eAukso pauk\u0161t\u0117s\u201c laim\u0117tojas ir daugkartinis Lietuvos chor\u0173 konkurso laureatas.<\/p>\n\n\n\n<p>\u017dvej\u0173 r\u016bm\u0173 moter\u0173 choras \u201eDang\u0117\u201c \u012fkurtas 2013 metais. Kolektyve daugiausia dainuoja \u012fvairi\u0173 Klaip\u0117dos universiteto fakultet\u0173 absolvent\u0117s, laisvalaikiu m\u0117gstan\u010dios bendrauti, keliauti ir dalyvauti \u012fvairiuose kult\u016briniuose renginiuose. \u201eDang\u0117\u201c aktyviai \u012fsiliejo \u012f Klaip\u0117dos miesto ir \u0161alies koncertin\u012f gyvenim\u0105 ir ruo\u0161ia \u012fvairi\u0173 chorin\u0117s muzikos stili\u0173 \u2013 nuo senosios muzikos iki \u0161iuolaikini\u0173 autori\u0173 \u2013 k\u016brinius. Dangiet\u0117s koncertuoja Klaip\u0117dos ir kit\u0173 Lietuvos miest\u0173 sal\u0117se, sakralin\u0117s muzikos koncertuose \u012fvairiose ba\u017eny\u010diose. Dalyvauja miesto ir \u0161alies Dain\u0173 \u0161vent\u0117se, tarptautiniuose festivaliuose. Choro vadov\u0117 \u2013 Judita Kiaulakyt\u0117, chormeister\u0117 \u2013 Rasa Luk\u0161ien\u0117, koncertmeister\u0117 \u2013 J\u016brat\u0117 Gedminien\u0117.<\/p>\n\n\n\n<p>Vilniaus kolegijos mergin\u0173 choras \u201eVaidilut\u0117s\u201c gyvuoja nuo 1956 m. Jis yra tarptautini\u0173 chorini\u0173 konkurs\u0173, Pasaulio lietuvi\u0173 dain\u0173 \u0161ven\u010di\u0173 ir Baltijos \u0161ali\u0173 student\u0173 \u0161ven\u010di\u0173 \u201eGaudeamus\u201c, religin\u0117s muzikos bei respublikini\u0173 student\u0173 chor\u0173 festivali\u0173 dalyvis. Choro repertuare \u2013 \u012fvairi muzika, vyrauja \u0161iuolaikini\u0173 lietuvi\u0173 kompozitori\u0173 k\u016briniai. \u0160iemet kolektyvas min\u0117s \u012fk\u016brimo 70-met\u012f. \u201eVaidilut\u0117s\u201c nuolat koncertuoja \u012fvairiuose renginiuose ir dalyvauja Lietuvos bei u\u017esienio chorin\u0117s muzikos festivaliuose, konkursuose. Choro dalyv\u0117s \u2013 Vilniaus kolegijos \u012fvairi\u0173 specialybi\u0173 student\u0117s ir absolvent\u0117s. Choro vadov\u0117 Genovait\u0117 Leimontait\u0117-Kumpien\u0117.<\/p>\n\n\n\n<p>Latvijos moter\u0173 chorai \u201eDzintars\u201c ir \u201eRasa\u201c yra vieni ry\u0161kiausi\u0173 \u0161alies chorin\u0117s muzikos atstov\u0173. 1947 m. Rygoje \u012fkurtas choras \u201eDzintars\u201c laikomas vienu seniausi\u0173 ir profesionaliausi\u0173 moter\u0173 kolektyv\u0173 Latvijoje. Per savo gyvavimo de\u0161imtme\u010dius choras yra peln\u0119s daugyb\u0119 tarptautini\u0173 apdovanojim\u0173 (pavyzd\u017eiui, Vengrijoje, Vokietijoje, Nyderlanduose) bei i\u0161leid\u0119s albumus, pristatan\u010dius latvi\u0173 kompozitori\u0173 k\u016bryb\u0105. Tuo tarpu 1997 m. Uogr\u0117s mieste susib\u016br\u0119s moter\u0173 choras \u201eRasa\u201c jungia \u012fvairi\u0173 profesij\u0173 atstoves ir aktyviai dalyvauja tiek nacionalin\u0117se Dain\u0173 \u0161vent\u0117se, tiek tarptautiniuose konkursuose Europoje. Abu kolektyvai nuosekliai puosel\u0117ja a cappella dainavimo tradicijas ir reguliariai atlieka \u0161iuolaikini\u0173 Latvijos autori\u0173 premjeras. Jiems abiem vadovauja Aira Birzina, jai talkina chormeister\u0117 Madara Boka.<\/p>\n\n\n\n<p>VU kamerinis orkestras 1979 m. buvo \u012fsteigtas kaip kvartetas. V\u0117liau i\u0161augo \u012f visavert\u012f stygini\u0173 orkestr\u0105, kuriam vadovauja Modestas Jank\u016bnas. Kolektyvas pasi\u017eymi universalumu ir rengia \u012fvairi\u0173 stili\u0173 muzikines programas. Nors kamerinio orkestro negalima \u012fsivaizduoti be barokin\u0117s muzikos, ji koncertuose nuolat papildoma klasikin\u0117s, romantin\u0117s ir modernios muzikos k\u016briniais. Per savo gyvavimo istorij\u0105 orkestras su koncertine programa jau lank\u0117si ne tik Europos, bet ir \u0160iaur\u0117s ir Piet\u0173 Amerikos bei Azijos \u0161alyse. Lietuvoje orkestras \u017einomas savo tradiciniais koncertais Vilniaus \u0160v. Jon\u0173 ba\u017eny\u010dioje.<\/p>\n\n\n\n<p><\/p>\n","protected":false},"excerpt":{"rendered":"<p>Nepriklausomyb\u0117s atk\u016brimo dienos proga gausus b\u016brys dainininki\u0173 \u2013 penki moter\u0173 chorai i\u0161 Lietuvos ir Latvijos \u2013 kartu su Vilniaus universiteto kameriniu orkestru sureng\u0117 net du koncertus u\u017esienyje. Pirmasis vyko \u0160vedijos&hellip; <\/p>\n","protected":false},"author":2,"featured_media":3296,"comment_status":"open","ping_status":"open","sticky":false,"template":"","format":"standard","meta":{"footnotes":""},"categories":[3],"tags":[],"_links":{"self":[{"href":"https:\/\/choras.lt\/index.php\/wp-json\/wp\/v2\/posts\/7550"}],"collection":[{"href":"https:\/\/choras.lt\/index.php\/wp-json\/wp\/v2\/posts"}],"about":[{"href":"https:\/\/choras.lt\/index.php\/wp-json\/wp\/v2\/types\/post"}],"author":[{"embeddable":true,"href":"https:\/\/choras.lt\/index.php\/wp-json\/wp\/v2\/users\/2"}],"replies":[{"embeddable":true,"href":"https:\/\/choras.lt\/index.php\/wp-json\/wp\/v2\/comments?post=7550"}],"version-history":[{"count":4,"href":"https:\/\/choras.lt\/index.php\/wp-json\/wp\/v2\/posts\/7550\/revisions"}],"predecessor-version":[{"id":7594,"href":"https:\/\/choras.lt\/index.php\/wp-json\/wp\/v2\/posts\/7550\/revisions\/7594"}],"wp:featuredmedia":[{"embeddable":true,"href":"https:\/\/choras.lt\/index.php\/wp-json\/wp\/v2\/media\/3296"}],"wp:attachment":[{"href":"https:\/\/choras.lt\/index.php\/wp-json\/wp\/v2\/media?parent=7550"}],"wp:term":[{"taxonomy":"category","embeddable":true,"href":"https:\/\/choras.lt\/index.php\/wp-json\/wp\/v2\/categories?post=7550"},{"taxonomy":"post_tag","embeddable":true,"href":"https:\/\/choras.lt\/index.php\/wp-json\/wp\/v2\/tags?post=7550"}],"curies":[{"name":"wp","href":"https:\/\/api.w.org\/{rel}","templated":true}]}}