{"id":7554,"date":"2026-03-06T16:14:16","date_gmt":"2026-03-06T16:14:16","guid":{"rendered":"https:\/\/choras.lt\/?p=7554"},"modified":"2026-03-06T16:14:19","modified_gmt":"2026-03-06T16:14:19","slug":"kulturos-ministre-nusisalinusi-nuo-kulturos-politikos","status":"publish","type":"post","link":"https:\/\/choras.lt\/index.php\/2026\/03\/06\/kulturos-ministre-nusisalinusi-nuo-kulturos-politikos\/","title":{"rendered":"Kult\u016bros ministr\u0117 \u2013 nusi\u0161alinusi nuo kult\u016bros politikos"},"content":{"rendered":"\n<p>LRT valdysenos poky\u010diai \u2013 ne kult\u016bros ministr\u0117s, atsakingos u\u017e \u017einiasklaidos politikos formavim\u0105, reikalas. Informacin\u0117s atakos prie\u0161 Lietuvos pilie\u010dius \u2013 ne kult\u016bros ministr\u0117s, atsakingos u\u017e kov\u0105 su dezinformacija, reikalas. Partizano paminklo Ukmerg\u0117je likimas \u2013 ne kult\u016bros ministr\u0117s, atsakingos u\u017e atminties politikos derinim\u0105, reikalas.<\/p>\n\n\n\n<p>Seimo nar\u0117s, kult\u016bros ministr\u0117s Vaidos Aleknavi\u010dien\u0117s nelie\u010dia ir jos kompetencijos sri\u010diai priskiriam\u0173 klausim\u0173 iniciatyvos parlamente bei kova u\u017e didesn\u012f kult\u016bros finansavim\u0105 ministr\u0173 kabinete, nes tai ne jos reikalas, tre\u010diadien\u012f lankydamasi Liberal\u0173 s\u0105j\u016bd\u017eio frakcijoje i\u0161 esm\u0117s patvirtino kult\u016bros ministr\u0117, Seimo nar\u0117, socialdemokrat\u0117 V. Aleknavi\u010dien\u0117.<\/p>\n\n\n\n<p>Seimo Liberal\u0173 s\u0105j\u016bd\u017eio frakcijos seni\u016bn\u0117 Viktorija \u010cmilyt\u0117-Nielsen po susitikimo su ministre sako supratusi, kad politik\u0117 V. Aleknavi\u010dien\u0117 yra visi\u0161kai nusi\u0161alinusi nuo politikos.<\/p>\n\n\n\n<p>\u201eMinistr\u0117 net pabijojo vertinti aplinkyb\u0119, kad nuolatiniai \u017eurnalistini\u0173 tyrim\u0173 \u201eherojai\u201c labiausiai ir siekia perimti \u017einiasklaidos kontrol\u0119. Nyku. Tiek l\u016bkes\u010di\u0173 avansu sulaukusi ministr\u0117 \u0161iandien parod\u0117, kad nesupranta savo atsakomyb\u0117s, kuri jai gul\u0117 po Ignoto fiasko\u201c, \u2013 sako V. \u010cmilyt\u0117-Nielsen.<\/p>\n\n\n\n<p>Seimo Liberal\u0173 s\u0105j\u016bd\u017eio frakcijos seni\u016bn\u0117s pavaduotojas Simonas Kairys atkreipia d\u0117mes\u012f, kad su tokia laikysena kult\u016bros ministr\u0117 vargu ar u\u017etikrins ne tik didesnius, bet ir bazinius kult\u016bros lauko finansavimo poreikius b\u016bsimuose \u0161ios daugumos biud\u017eetuose. \u201eKult\u016bros ministerijos asignavimai ypa\u010d priklauso nuo deryb\u0173 Vyriausyb\u0117je. Su tokia ministre trimet\u0117 kult\u016bros finansavimo perspektyva atrodo li\u016bdnoka, o kit\u0173 met\u0173 prognoz\u0117 \u2013 i\u0161vis tragi\u0161ka\u201c, \u2013 mano S. Kairys.<\/p>\n\n\n\n<p>Liberal\u0173 pasteb\u0117jimu, V. Aleknavi\u010dien\u0117 nerodo jokio intereso i\u0161laikyti kuo geresn\u0119 Lietuvos pozicij\u0105 Pasauliniame \u017einiasklaidos laisv\u0117s indekse. Seimo Liberal\u0173 s\u0105j\u016bd\u017eio frakcijos seni\u016bn\u0117s pavaduotojos Editos Rudelien\u0117s teigimu, Seimo nar\u0117 V. Aleknavi\u010dien\u0117 nerodo jokio intereso ir susir\u016bpinimo kult\u016bros ir \u017einiasklaidos srities darbotvarke Seime. \u201eMinistr\u0117 sako, kad visk\u0105 ai\u0161kinsis kada nors ateityje. Ta\u010diau kai Seimas priims \u017einiasklaid\u0105 reguliuojan\u010dius \u012fstatymus, jau bus per v\u0117lu\u201c, \u2013 sako E Rudelien\u0117.<\/p>\n\n\n\n<p>Tre\u010diadien\u012f kult\u016bros ministr\u0117 Seimo liberalams atsak\u0117 nevertinanti Seimo darbo grup\u0117je parengto Lietuvos nacionalinio radijo ir televizijos \u012fstatymo projekto, pripa\u017eino nieko nedaranti, kad socialiniame tinkle \u201eFacebook\u201c b\u016bt\u0173 tramdomas dezinformacijos antpl\u016bdis ir i\u0161puoliai prie\u0161 Lietuvos pilie\u010dius, be oficiali\u0173 kreipim\u0173si ji nesiki\u0161ianti \u012f partizan\u0173 vado Juozo Krik\u0161taponio atminties \u017eenklo Ukmerg\u0117je sprendinius ir kt.<\/p>\n\n\n\n<p><\/p>\n\n\n\n<p class=\"has-text-align-center\">Seimo Liberal\u0173 s\u0105j\u016bd\u017eio frakcijos prane\u0161imas<\/p>\n","protected":false},"excerpt":{"rendered":"<p>LRT valdysenos poky\u010diai \u2013 ne kult\u016bros ministr\u0117s, atsakingos u\u017e \u017einiasklaidos politikos formavim\u0105, reikalas. Informacin\u0117s atakos prie\u0161 Lietuvos pilie\u010dius \u2013 ne kult\u016bros ministr\u0117s, atsakingos u\u017e kov\u0105 su dezinformacija, reikalas. Partizano paminklo&hellip; <\/p>\n","protected":false},"author":2,"featured_media":414,"comment_status":"open","ping_status":"open","sticky":false,"template":"","format":"standard","meta":{"footnotes":""},"categories":[7],"tags":[],"_links":{"self":[{"href":"https:\/\/choras.lt\/index.php\/wp-json\/wp\/v2\/posts\/7554"}],"collection":[{"href":"https:\/\/choras.lt\/index.php\/wp-json\/wp\/v2\/posts"}],"about":[{"href":"https:\/\/choras.lt\/index.php\/wp-json\/wp\/v2\/types\/post"}],"author":[{"embeddable":true,"href":"https:\/\/choras.lt\/index.php\/wp-json\/wp\/v2\/users\/2"}],"replies":[{"embeddable":true,"href":"https:\/\/choras.lt\/index.php\/wp-json\/wp\/v2\/comments?post=7554"}],"version-history":[{"count":1,"href":"https:\/\/choras.lt\/index.php\/wp-json\/wp\/v2\/posts\/7554\/revisions"}],"predecessor-version":[{"id":7555,"href":"https:\/\/choras.lt\/index.php\/wp-json\/wp\/v2\/posts\/7554\/revisions\/7555"}],"wp:featuredmedia":[{"embeddable":true,"href":"https:\/\/choras.lt\/index.php\/wp-json\/wp\/v2\/media\/414"}],"wp:attachment":[{"href":"https:\/\/choras.lt\/index.php\/wp-json\/wp\/v2\/media?parent=7554"}],"wp:term":[{"taxonomy":"category","embeddable":true,"href":"https:\/\/choras.lt\/index.php\/wp-json\/wp\/v2\/categories?post=7554"},{"taxonomy":"post_tag","embeddable":true,"href":"https:\/\/choras.lt\/index.php\/wp-json\/wp\/v2\/tags?post=7554"}],"curies":[{"name":"wp","href":"https:\/\/api.w.org\/{rel}","templated":true}]}}