{"id":7568,"date":"2026-03-10T20:41:26","date_gmt":"2026-03-10T20:41:26","guid":{"rendered":"https:\/\/choras.lt\/?p=7568"},"modified":"2026-03-10T20:41:28","modified_gmt":"2026-03-10T20:41:28","slug":"lietuvos-choru-sajunga-kviecia-dalyvauti-festivalyje-lietuvos-berniukai-pries-smurta-ir-narkomanija","status":"publish","type":"post","link":"https:\/\/choras.lt\/index.php\/2026\/03\/10\/lietuvos-choru-sajunga-kviecia-dalyvauti-festivalyje-lietuvos-berniukai-pries-smurta-ir-narkomanija\/","title":{"rendered":"Lietuvos chor\u0173 s\u0105junga kvie\u010dia dalyvauti festivalyje &#8220;Lietuvos berniukai prie\u0161 smurt\u0105 ir narkomanij\u0105&#8221;"},"content":{"rendered":"\n<p>Berniuk\u0173 chor\u0173 festivalis \u2013 vienas i\u0161 svarbi\u0173 chorinio dainavimo tradicijas puosel\u0117jan\u010di\u0173, chorin\u012f jud\u0117jim\u0105 mokyklose aktyvinan\u010di\u0173 meno kolektyv\u0173 samb\u016bri\u0173. Jau 26-i\u0105j\u012f kart\u0105 vyksiantis berniuk\u0173 chor\u0173 festivalis- kcija \u201eLietuvos berniukai prie\u0161 smurt\u0105 ir narkomanij\u0105\u201c rugs\u0117jo m. 26 d. skamb\u0117s Ukmerg\u0117je!<\/p>\n\n\n\n<p>Kvie\u010diame berniuk\u0173 jaunu\u010di\u0173 chorus, bet jei nor\u0117t\u0173 dalyvauti ir kiek vyresni \u2013 mielai lauksime.<\/p>\n\n\n\n<p>Planuojamas kolektyv\u0173 maitinimas ir edukacin\u0117 programa.<\/p>\n\n\n\n<p>Planuojama festivalio-akcijos koncertin\u0117 programa (galima dainuoti vien\u0105 bals\u0105):<\/p>\n\n\n\n<ol>\n<li>Mano mamyt\u0117 \u2013 muzika Donato Zakaro, \u017eod\u017eiai Ramut\u0117s Sku\u010dait\u0117s<\/li>\n\n\n\n<li>Pavasario dienel\u0117 \u2013 muzika Broniaus Kutavi\u010diaus, \u017eod\u017eiai Sigito Gedos<\/li>\n\n\n\n<li>Vaik\u0161\u010dioj vilkas po girel\u012f \u2013 muzika Raimundo Martink\u0117no, \u017eod\u017eiai lietuvi\u0173 liaudies<\/li>\n\n\n\n<li>Smuiko raktelis \u2013 muzika ir \u017eod\u017eiai Ingos \u0160eduikien\u0117s<\/li>\n\n\n\n<li>M\u016bs\u0173 daina \u2013 muzika Ginto Abariaus, \u017eod\u017eiai Gintauto Mackevi\u010diaus<\/li>\n\n\n\n<li>Gimtin\u0117 \u2013 muzika Laimu\u010dio Vilkon\u010diaus, \u017eod\u017eiai Janinos Degutyt\u0117s<\/li>\n\n\n\n<li>Rie\u0161ut\u0173 \u017eyd\u0117jimas \u2013 muzika Olego Ditkovskio, \u017eod\u017eiai Sigito Gedos<\/li>\n\n\n\n<li>Vaikai po lelijom \u2013 muzika Vytauto Kernagio, \u017eod\u017eiai Sigito Gedos<\/li>\n\n\n\n<li>Pasaka apie debes\u0117l\u012f \u2013 muzika Vytauto Mi\u0161kinio, \u017eod\u017eiai Janinos Degutyt\u0117s<\/li>\n\n\n\n<li>Ant kiekvieno kalnelio \u2013 muzika Benjamino Gorbulskio, \u017eod\u017eiai Justino Marcinkevi\u010diaus<\/li>\n\n\n\n<li>Paruo\u0161kite ir M. K. \u010ciurlionio \u201eDain\u0173 dainel\u0117\u201c. Gal b\u016bt nuo jos prad\u0117sime koncert\u0105.<\/li>\n<\/ol>\n\n\n\n<p>Registracija iki \u0161.m. rugs\u0117jo 9 d.:&nbsp;<a href=\"https:\/\/forms.gle\/oBEJmdfYJUdHyN4T7?fbclid=IwZXh0bgNhZW0CMTAAYnJpZBExWjMza0prcGw0cEd4dkFISXNydGMGYXBwX2lkEDIyMjAzOTE3ODgyMDA4OTIAAR5M49RncfsIGWFxUw66CX71cmcyeWveKeu6k7KNLVWhN8NrpBwUIRjMH5p8fg_aem_alam8VAcJ0DBe6ZfMBQDSw\" rel=\"noreferrer noopener\" target=\"_blank\">https:\/\/forms.gle\/oBEJmdfYJUdHyN4T7<\/a><\/p>\n\n\n\n<p>Festival\u012f rengia Lietuvos chor\u0173 s\u0105junga ir Lietuvos nacionalinis kult\u016bros centras. Projekt\u0105 finansuoja Lietuvos kult\u016bros taryba ir Ukmerg\u0117s miesto savivaldyb\u0117.<\/p>\n","protected":false},"excerpt":{"rendered":"<p>Berniuk\u0173 chor\u0173 festivalis \u2013 vienas i\u0161 svarbi\u0173 chorinio dainavimo tradicijas puosel\u0117jan\u010di\u0173, chorin\u012f jud\u0117jim\u0105 mokyklose aktyvinan\u010di\u0173 meno kolektyv\u0173 samb\u016bri\u0173. Jau 26-i\u0105j\u012f kart\u0105 vyksiantis berniuk\u0173 chor\u0173 festivalis- kcija \u201eLietuvos berniukai prie\u0161 smurt\u0105&hellip; <\/p>\n","protected":false},"author":2,"featured_media":5860,"comment_status":"open","ping_status":"open","sticky":false,"template":"","format":"standard","meta":{"footnotes":""},"categories":[2],"tags":[],"_links":{"self":[{"href":"https:\/\/choras.lt\/index.php\/wp-json\/wp\/v2\/posts\/7568"}],"collection":[{"href":"https:\/\/choras.lt\/index.php\/wp-json\/wp\/v2\/posts"}],"about":[{"href":"https:\/\/choras.lt\/index.php\/wp-json\/wp\/v2\/types\/post"}],"author":[{"embeddable":true,"href":"https:\/\/choras.lt\/index.php\/wp-json\/wp\/v2\/users\/2"}],"replies":[{"embeddable":true,"href":"https:\/\/choras.lt\/index.php\/wp-json\/wp\/v2\/comments?post=7568"}],"version-history":[{"count":2,"href":"https:\/\/choras.lt\/index.php\/wp-json\/wp\/v2\/posts\/7568\/revisions"}],"predecessor-version":[{"id":7570,"href":"https:\/\/choras.lt\/index.php\/wp-json\/wp\/v2\/posts\/7568\/revisions\/7570"}],"wp:featuredmedia":[{"embeddable":true,"href":"https:\/\/choras.lt\/index.php\/wp-json\/wp\/v2\/media\/5860"}],"wp:attachment":[{"href":"https:\/\/choras.lt\/index.php\/wp-json\/wp\/v2\/media?parent=7568"}],"wp:term":[{"taxonomy":"category","embeddable":true,"href":"https:\/\/choras.lt\/index.php\/wp-json\/wp\/v2\/categories?post=7568"},{"taxonomy":"post_tag","embeddable":true,"href":"https:\/\/choras.lt\/index.php\/wp-json\/wp\/v2\/tags?post=7568"}],"curies":[{"name":"wp","href":"https:\/\/api.w.org\/{rel}","templated":true}]}}