{"id":7571,"date":"2026-03-11T08:50:51","date_gmt":"2026-03-11T08:50:51","guid":{"rendered":"https:\/\/choras.lt\/?p=7571"},"modified":"2026-03-11T08:50:53","modified_gmt":"2026-03-11T08:50:53","slug":"su-laisves-svente-2","status":"publish","type":"post","link":"https:\/\/choras.lt\/index.php\/2026\/03\/11\/su-laisves-svente-2\/","title":{"rendered":"Su laisv\u0117s \u0161vente!"},"content":{"rendered":"\n<p><strong>\u0160iemet \u0161ven\u010diame Lietuvos Nepriklausomyb\u0117s atk\u016brimo 36-\u0105sias metines \u2013 Lietuvos gimtadien\u012f. Savo darbais ginkime i\u0161kovot\u0105 laisv\u0119 ir kurkime Lietuv\u0105, o auk\u0161tai keldami v\u0117liavas, juosdami jas ant rie\u0161\u0173, ne\u0161iokime laisv\u0119 ant rank\u0173.<\/strong><\/p>\n\n\n\n<figure class=\"wp-block-embed is-type-video is-provider-youtube wp-block-embed-youtube wp-embed-aspect-16-9 wp-has-aspect-ratio\"><div class=\"wp-block-embed__wrapper\">\n<iframe loading=\"lazy\" title=\"kovo 11 horizontalus\" width=\"1110\" height=\"624\" src=\"https:\/\/www.youtube.com\/embed\/j97CQDjqoBw?feature=oembed\" frameborder=\"0\" allow=\"accelerometer; autoplay; clipboard-write; encrypted-media; gyroscope; picture-in-picture; web-share\" referrerpolicy=\"strict-origin-when-cross-origin\" allowfullscreen><\/iframe>\n<\/div><\/figure>\n","protected":false},"excerpt":{"rendered":"<p>\u0160iemet \u0161ven\u010diame Lietuvos Nepriklausomyb\u0117s atk\u016brimo 36-\u0105sias metines \u2013 Lietuvos gimtadien\u012f. Savo darbais ginkime i\u0161kovot\u0105 laisv\u0119 ir kurkime Lietuv\u0105, o auk\u0161tai keldami v\u0117liavas, juosdami jas ant rie\u0161\u0173, ne\u0161iokime laisv\u0119 ant rank\u0173.<\/p>\n","protected":false},"author":2,"featured_media":4060,"comment_status":"open","ping_status":"open","sticky":false,"template":"","format":"standard","meta":{"footnotes":""},"categories":[7],"tags":[],"_links":{"self":[{"href":"https:\/\/choras.lt\/index.php\/wp-json\/wp\/v2\/posts\/7571"}],"collection":[{"href":"https:\/\/choras.lt\/index.php\/wp-json\/wp\/v2\/posts"}],"about":[{"href":"https:\/\/choras.lt\/index.php\/wp-json\/wp\/v2\/types\/post"}],"author":[{"embeddable":true,"href":"https:\/\/choras.lt\/index.php\/wp-json\/wp\/v2\/users\/2"}],"replies":[{"embeddable":true,"href":"https:\/\/choras.lt\/index.php\/wp-json\/wp\/v2\/comments?post=7571"}],"version-history":[{"count":1,"href":"https:\/\/choras.lt\/index.php\/wp-json\/wp\/v2\/posts\/7571\/revisions"}],"predecessor-version":[{"id":7572,"href":"https:\/\/choras.lt\/index.php\/wp-json\/wp\/v2\/posts\/7571\/revisions\/7572"}],"wp:featuredmedia":[{"embeddable":true,"href":"https:\/\/choras.lt\/index.php\/wp-json\/wp\/v2\/media\/4060"}],"wp:attachment":[{"href":"https:\/\/choras.lt\/index.php\/wp-json\/wp\/v2\/media?parent=7571"}],"wp:term":[{"taxonomy":"category","embeddable":true,"href":"https:\/\/choras.lt\/index.php\/wp-json\/wp\/v2\/categories?post=7571"},{"taxonomy":"post_tag","embeddable":true,"href":"https:\/\/choras.lt\/index.php\/wp-json\/wp\/v2\/tags?post=7571"}],"curies":[{"name":"wp","href":"https:\/\/api.w.org\/{rel}","templated":true}]}}