{"id":7574,"date":"2026-03-13T14:11:01","date_gmt":"2026-03-13T14:11:01","guid":{"rendered":"https:\/\/choras.lt\/?p=7574"},"modified":"2026-03-16T10:31:32","modified_gmt":"2026-03-16T10:31:32","slug":"dobilui-60-metu-2001-2010-m-metrastis","status":"publish","type":"post","link":"https:\/\/choras.lt\/index.php\/2026\/03\/13\/dobilui-60-metu-2001-2010-m-metrastis\/","title":{"rendered":"\u201eDobilui\u201c &#8211; 60 met\u0173: 2001 &#8211; 2010 met\u0173 metra\u0161tis"},"content":{"rendered":"\n<p class=\"has-text-align-center\"><br><br><strong>Koncertuose<\/strong><\/p>\n\n\n\n<p>Laikui nepavaldus Th. Dubois \u201eSeptyni Kristaus \u017eod\u017eiai \u201c  \u0161ild\u0117 mus ir visus patyrusius j\u0173 gali\u0105. Jutome klausytoj\u0173 palaim\u0105 ir d\u0117kingum\u0105\u2026 taip norisi tuos \u0161ventus \u017eod\u017eius muzikos pagalba perduoti visiems Lietuvos \u017emon\u0117ms. Ir saugo metra\u0161tis \u0161io k\u016brinio \u012fspaudus ir aidus \u0161alies miestuose, miesteliuose be tikslaus j\u0173 skai\u010diaus\u2026 Oratorija buvo giedama per gav\u0117ni\u0105, Verb\u0173 sekmadien\u012f, vien\u0105 kart\u0105 metuose. \u0160\u012f de\u0161imtmet\u012f k\u016brin\u012f giedojome Alytaus (2002), Vilniaus (2004), Kauno (2005, 2007), Anyk\u0161\u010di\u0173 (2003), Vilniaus (2006) \u0161ventov\u0117se kartu su solistais Au\u0161ra Liutkute, Mindaugu Zimkumi, Mindaugu \u017demai\u010diu, G. Kvikliui grie\u017eianta vargonais.<br><br>\u201eDobilas\u201c gali did\u017eiuotis daugiasluoksne patirtimi, turtinga koncert\u0173 istorija, gausiu choro repertuaru. J. Busto, Ch. Gounod, P. Guidi, A. L. Webber, W. A. Mozart, G. Verdi, A. Ka\u010danausko, A. Bruknerio, V. \u0160imai\u010dio, A. Dvor\u017eako, J. Haidno  ir kit\u0173 kompozitori\u0173 stambios formos ir ma\u017eesn\u0117s apimties k\u016briniais, kuriuos \u0161\u012f de\u0161imtmet\u012f gird\u0117jo Bir\u017e\u0173, Elektr\u0117n\u0173, Vilkavi\u0161kio, Alantos, Mol\u0117t\u0173, Rietavo, Kavarsko, Ramygalos, Panev\u0117\u017eio muzikos myl\u0117tojai.<\/p>\n\n\n\n<p>2008 m. met\u0173 pavasar\u012f sostin\u0117je vyko chorin\u0117s muzikos festivalis skambiu \u201ePavasario koncertai\u201c vardu. \u201eDobilas\u201c renginyje dalyvavo Taikomosios Dail\u0117s muziejuje (Arsenale). Specialiai renginiui parinkt\u0173 sen\u0173j\u0173 muzikos klasik\u0173 W. A. Mozart, P. Guidi, G. Rossini, G. F. Handel, Ch.Gounod, K. Millocker, J.Strauss, S.\u0160imkaus ir kt. sakraliniai k\u016briniai skamb\u0117j\u0119 \u0161iose erdv\u0117se, klausytojams suteik\u0117 didel\u012f malonum\u0105.<\/p>\n\n\n\n<p>Metams baigiantis pirm\u0105 kart\u0105 atrasta \u0160ven\u010dioni\u0173 Vis\u0173 \u0160vent\u0173j\u0173 ba\u017eny\u010dia. \u0160ioje \u0161ventov\u0117je dar nebuvo m\u016bs\u0173 koncert\u0173. Nustebino puiki ba\u017eny\u010dios akustika, daug aplodisment\u0173, ypa\u010d \u0161iltai sutikta A. Liutkut\u0117. Atsiliepimai i\u0161sakyti ne tik lietuvi\u0161kai. \u0160ven\u010dioni\u0173 raj. laikra\u0161tyje \u201e\u0160ven\u010dioni\u0173 laikra\u0161tis\u201c ra\u0161oma \u201e\u010cia tai \u0161vent\u0117\u201c: Po koncerto \u017emon\u0117s neskub\u0117jo skirstytis, dalinosi \u012fsp\u016bd\u017eiais, sakralinei muzikai skirta valanda prab\u0117go greitai \u2013 puiki Adventin\u0117 dovana. Istorijai pasilikusi informacija apie \u017dem\u0117s \u016bkio ministerijos atsiradimo aplinkybes. \u201e\u016akininko patar\u0117jas\u201c (2003. 11. 11d. Nr.131) straipsnyje \u201eNuo T\u016bbelio iki Kraujalio\u201c ra\u0161oma: 1918 m. lapkri\u010dio 11 d. sudarytoje vyriausyb\u0117je \u017dem\u0117s \u016bkio ir valstyb\u0117s turt\u0173 ministru buvo paskirtas Juozas T\u016bbelis. Ministerija \u012fsik\u016br\u0117 Vilniuje, \u0161v. Jurgio vie\u0161butyje, \u0161v. Jurgio prospekte. Jaronimas Kraujalis &#8211; 23-asis ministerijos vadovas.\u201c<\/p>\n\n\n\n<p>2003 metais \u017dem\u0117s \u016bkio ministerija i\u0161kilmingai min\u0117jo a\u0161tuoniasde\u0161imt penkeri\u0173, 2009 &#8211; devyniasde\u0161imt met\u0173 gyvavimo sukakt\u012f. Visa tai prisimenant, dobilie\u010diai sureng\u0117 \u0161ios \u012fstaigos darbuotojams \u0161ventinius koncertus. Chorui \u0161ie \u201eantrieji namai\u201c artimi ir brang\u016bs. Senojoje sal\u0117je vyko pirmasis tik k\u0105 susib\u016brusio kolektyvo koncertas, \u0161e\u0161t\u0105 de\u0161imtmet\u012f 2 kartus savait\u0117j po darb\u0173 at\u0117j\u0119 \u010dia mokom\u0117s naujus k\u016brinius, i\u0161vykstame ar gr\u012f\u017etame pakoncertav\u0119, turime bendryst\u0117s \u0161ventes. \u0160imtus pad\u0117kos \u017eod\u017ei\u0173 reik\u0117t\u0173 tarti \u0161i\u0173 nam\u0173 \u0161eimininkams\u2026<\/p>\n\n\n\n<p>2009 m. i\u0161skirtinis koncertas \u012fvyko Lietuvos \u017eemdirbyst\u0117s institute Dotnuvoje. Daug plojim\u0173 skirta solistams A. Liutkutei ir R. Kaulakiui padainavus Saffi ir Barinhajaus kupletus i\u0161 J. \u0160trausso operet\u0117s \u201c\u010cigon\u0173 baronas\u201c. Du chorai i\u0161 K. Millocker operet\u0117s \u201cGasparon\u0117\u201c, kaip ir ispan\u0173 liaudies daina, pasitikti ilgomis ovacijomis. Instituto direktorius Zenonas Dapkevi\u010dius kalb\u0117jo \u201cJ\u016bs\u0173 dainos \u012fsiskverbia \u012f siel\u0105 ir priver\u010dia pamir\u0161ti visus dienos r\u016bpes\u010dius, vis\u0105 sunkmet\u012f\u201c\u2026<\/p>\n\n\n\n<p class=\"has-text-align-center\"><strong>Festivaliuose<\/strong><\/p>\n\n\n\n<p>2003 m. bir\u017eelio 8\u2013spalio 4 dienomis Druskininkuose vyko men\u0173 festivalis \u201eDruskinink\u0173 vasara su M.K. \u010ciurlioniu&#8221; . Muzikos myl\u0117tojai gal\u0117jo apsilankyti daugelyje koncert\u0173, i\u0161girsti \u012fvairius kolektyvus, solistus net tik pa\u010diuose Druskininkuose, bet ir ma\u017eesniuose Dz\u016bkijos miesteliuose. \u201eDobilo \u201c koncerte Senosios Var\u0117nos \u0160v. Arkangelo ba\u017eny\u010dioje skamb\u0117jo F. J. Haydn \u201eKyrie\u201c,\u201c Sanctus Benedictus\u201c, L. Cherubini \u201eVeni Jesu\u201c, W.A.Mozart \u201eAve Verum\u201c, H. Nyberg \u201eCantate Domino\u201c,T.Albinoni \u201eO mio signore ascolta\u201c, M. K \u010ciurlionis Fuga \u201cKyrie Eleison&#8221;. Kitais metais &#8220;Dobilas&#8221; beveik t\u0105 pa\u010di\u0105 program\u0105 atliko druskininkie\u010diams.<\/p>\n\n\n\n<p>2008 m. \u201eDobilas\u201c vyko \u012f tarptautin\u012f \u201cEuropos vasaros\u201c festival\u012f Liublijanoje, Slov\u0117nijoje. \u010cia jonini\u0173 vakar\u0105 surengtas solinis koncertas Pranci\u0161kon\u0173 cerkv\u0117je. Ji ne tik sakralin\u0117 vieta, bet ir miesto koncert\u0173 sal\u0117. \u201eDobilas&#8221; buvo vienintelis choras i\u0161 u\u017esienio. Jutome atsakomyb\u0119 ir stropiai ruo\u0161\u0117m\u0117s. Koncerto programoje &#8211; W.A. Mozart, G. Rossini, Ch. Gounod, G. Verdi ir lietuvi\u0173 kompozitori\u0173 &#8211; J. Gudavi\u010diaus, S. \u0160imkaus, A. Raudonikio, T. Saldausko &#8211; bei harmonizuotos lietuvi\u0173 liaudies dainos. Paskui &#8211; trumpa pa\u017eintis su senamies\u010diu, Postojnos Jamos urvais, nuostabia Predjamos pilimi. Kroatijos Adrijos j\u016bros pakrant\u0117s miesteliai primin\u0117 viduram\u017eius, Pulos miesto Istrijos pusiasalyje, Plitvic\u0117s e\u017eer\u0173 nacionalinis parkas, Senjos miestelis ir Zagrebas stebino architekt\u016bros paminklais. Sostin\u0117s termini\u0173 basein\u0173 gaiva mums buvo puiki dovana kelionei \u012f namus.<\/p>\n\n\n\n<p>Savo 40-\u0105j\u012f sezon\u0105 choras u\u017ebaig\u0117 Vokietijoje. Buvome pakviesti dalyvauti Saksonijos chor\u0173 festivalyje, Kamenco mieste. 2006 m. bir\u017eelio 24- 25 dienomis. Saksonijoje &#8211; tai pirmoji tokia didel\u0117 \u0161vent\u0117, kuri\u0105 reng\u0117 \u0161ios Vokietijos \u017eem\u0117s muzik\u0173 draugija. Festivalio dalyviai &#8211; 46 Saksonijos ir du u\u017esienio \u2013 Lietuvos ir Austrijos &#8211; chorai\u2026 \u201eVokietijoje mes nedaug \u017einome apie tikrai turting\u0105 ir auk\u0161to lygio Ryt\u0173 Europos, o ypatingai Baltijos, kra\u0161t\u0173 chorin\u0119 kult\u016br\u0105. Buvo \u012fsp\u016bdinga klausytis J\u016bs\u0173 choro dainavimo, suvokti kitok\u012f interpretavim\u0105 ir choro skamb\u0117jimo skirtumus, i\u0161girsti charaktering\u0105 lietuvi\u0161k\u0105 melodingum\u0105\u201c. &#8211; sak\u0117 Stefan Janke &#8211; kompozitorius, Grossenhaino miesto jaunimo choro vadovas. Po koncerto skub\u0117jome pamatyti  Cvingerio r\u016bmus ir Moter\u0173 ba\u017eny\u010di\u0105 Drezdene, kitas \u012f\u017eymybes, Saksonijos \u0160veicarijoje &#8211; Elb\u0117s sl\u0117n\u012f, Bast\u0117jos tiltus, tarpeklius, aplankyti Prachovo uolas, Kost pil\u012f&#8230;<\/p>\n\n\n\n<p class=\"has-text-align-center\"><strong>Kelion\u0117se<\/strong><\/p>\n\n\n\n<p>2001 met\u0173 vasar\u0105 &#8211; \u012fsp\u016bdinga kelion\u0117 po Italij\u0105. Senoji arhitekt\u016bra, nuostab\u016bs miestai, paminklai: Florencija, Piza, Roma. Neapolis, Verona, Venecija, San Marinas, gamtos stebuklai Kapri saloje\u2026 B\u016btina pa\u017eym\u0117ti Pomp\u0117jos nuogyb\u0119 be pelen\u0173 r\u016bbo, kai netoli &#8211; klastingasis Vezuvijus. Sud\u0117tinga i\u0161sakyti visus i\u0161gyvenimus, nepakartojamas emocijas. <\/p>\n\n\n\n<p>Regis atmintis perduodama ne tik per i\u0161girst\u0105 muzik\u0105, bet ir erdv\u0119, kai atsimena ne tik k\u016bnas, bet ir \u017eem\u0117, kurioje gyventa, pralieta kraujas. Visa tai patyr\u0117me keliaudami Lenkijoje, Suvalkuose 2004 metais. Pakeliui Seinuose, \u0160v\u010d. Mergel\u0117s Marijos bazilikoje, pagarb\u0119 Ant. Baranausko dvasi\u0105, kelet\u0105 valand\u0173 skyr\u0119 did\u017eiausiai Kry\u017eiuo\u010di\u0173 ordino citadelei Marienburge, prava\u017eiav\u0119 Lipk\u0105, pasiek\u0117me Gietrzwald\u0105 &#8211; \u017eem\u0117s lopin\u0117l\u012f, kuriame i\u0161 gelmi\u0173 kylan\u010dios versm\u0117s gr\u0105\u017eina \u017emon\u0117ms sveikat\u0105. \u0160ventose vietose skamb\u0117jo dobilie\u010di\u0173 malda: J. Haidno \u201eKyrie\u201c, \u201eSanctus\u201c, Benedictus\u201c, Agnus Dei\u201c, A.Vivaldi \u201eGloria in excelsis Deo\u201c, A. Bruckner \u201eLocus iste\u201c, A. I. Webber \u201ePie Jesu\u201c, G. Verdi \u201eChor Z opery \u201eNabucco\u201c, \u201eAve Maria\u201c &#8230; <\/p>\n\n\n\n<p>Atgaivin\u0119s \u0161ventu vandeniu akis, \u201eDobilas\u201c sveikino Grunvaldo m\u016b\u0161io laukus: kuklus memorialas, begalin\u0117 erdv\u0117, \u0161ird\u012f suspaud\u017eia prisimenant 1410-\u0173j\u0173 met\u0173 m\u016b\u0161io vyksm\u0105, pergal\u0117s kain\u0105. Tegul skamba m\u016bs\u0173 \u0161irdyse am\u017einas pasidid\u017eiavimo himnas prot\u0117viams, kar\u017eygiams, telydi istorij\u0105 v\u0117j\u0173 glostomi lauk\u0173 \u017eolynai.<\/p>\n\n\n\n<p class=\"has-text-align-center\"><strong>Jubiliejuose<\/strong><\/p>\n\n\n\n<p>Eil\u0119 met\u0173 skub\u0117jome \u012f kit\u0105 savait\u0119, \u012f kitus metus, tarsi sukom\u0117s ratu ir supratome, kad jau sustota ties 40-ties met\u0173 riba. \u201eDobilas\u201c \u0161ven\u010dia  gra\u017ei\u0105 savo veiklos sukakt\u012f. Trys koncertai skirti \u0161ai datai pamin\u0117ti: 2006 m. vasario 26 d. &#8211; \u0160v. Ignoto ba\u017eny\u010dioje Vilniuje, baland\u017eio 9 d. &#8211; Vilniaus Arkikatedroje Bazilikoje, ir baigiamasis bir\u017eelio 2,0 d. \u017dem\u0117s \u016bkio ministerijos sal\u0117je.<\/p>\n\n\n\n<p>Antrojo koncerto pamin\u0117tas vargonininko prof. Gedimino Kviklio 60 met\u0173 jubiliejus. Koncerte \u010c. Sasnauskas Introdukcija ir dvitem\u0117 fuga c-moll vargonams, Th. Dubois oratorija \u201eSeptyni Kristaus \u017dod\u017eiai\u201c, solistai A. Liutkut\u0117, M. Jankauskas, M. \u017demaitis, G. Kviklys (vargonai). Metra\u0161tyje pasilik\u0119 du gra\u017e\u016bs straipsniai apie vargonininko gyvenim\u0105: \u201eVargonininkas Gediminas Kviklys: \u201eSu gyvenimo patirtimi muzikin\u0117s pauz\u0117s ima kalb\u0117ti\u201c (\u201eLaisvas laikra\u0161tis\u201c 2006. 11. 2-16 Nr. 2)\u2026\u201c; kitame muzikologas V. Juodpusis ra\u0161o: &#8220;&#8230; vargonininkas G. Kviklys sureng\u0119s per 1000 vargon\u0173 muzikos koncert\u0173, per padagogin\u012f gyvenim\u0105 paruo\u0161\u0117 per 30 vargoninink\u0173 ir klavesininink\u0173\u201c.<\/p>\n\n\n\n<p>Tre\u010dio baigiamo jubiliejinio \u201eDobilo\u201c koncerto programoje: W. A. Mozart \u201eMagnifickat\u201c, T. Saldausko Kantata \u201eAtgimusi muzika\u201c (II ir III dalis), J. Strauss \u201eSoffi ir Barinkajaus duetas i\u0161 op. \u201e\u010cigon\u0173 baronas\u201c, \u201eC. Zeller Trys chorai i\u0161 op. \u201ePauk\u0161\u010di\u0173 pardav\u0117jas\u201c, K. Milloker Du chorai i\u0161 op. \u201eGasparone\u201c su A. Liutkute ir choro solistais. Laikra\u0161tyje \u201eLietuvos aidas\u201c straipsnyje \u201eGra\u017eus \u201eDobilo\u201c keturiasde\u0161imtmetis\u201c ra\u0161oma: \u201eTikrai malonu, kad G. Vai\u0161norait\u0117s vadovaujamas \u201eDobilas\u201c per keturiasde\u0161imt met\u0173 nesunyko, i\u0161laik\u0117 tvirtas chorinio dainavimo tradicijas. Gyvuokite!\u201c.<\/p>\n\n\n\n<p>2007 m. vasario16 d. Prezidento dekretu ilgamet\u0117 Lietuvos respublikos \u017eem\u0117s \u016bkio ministerijos mi\u0161raus choro \u201eDobilas\u201c meno vadov\u0117 ir dirigent\u0117, choro \u012fk\u016br\u0117ja Gra\u017eina Vai\u0161norait\u0117 apdovanota medaliu \u201cU\u017e nuopelnus Lietuvai\u201c. \u0160iam auk\u0161tam choro ir jos vadov\u0117s \u012fvertinimui pa\u017eym\u0117ti \u201eDobilas\u201c pakviet\u0117 savo draugus ir gerb\u0117jus \u012f nuotaiking\u0105 koncert\u0105 ministerijos akt\u0173 sal\u0117je. Koncerte dalyvavo A. Liutkut\u0117, G. Kviklys, chormeister\u0117 Julija Gerben\u010dien\u0117, koncertmeister\u0117 Judita Ganusauskien\u0117.<\/p>\n\n\n\n<p class=\"has-text-align-center\"><strong>Dain\u0173 \u0161vent\u0117se<\/strong><\/p>\n\n\n\n<p>&#8220;Dobilui&#8221; per vis\u0105 jo k\u016brybin\u012f keli\u0105 labai svarbu buvo dalyvauti Tautos \u0161vent\u0117se. Kaip anks\u010diau, o ir v\u0117liau, \u0161\u012f de\u0161imtmet\u012f choras atsakingai ruo\u0161\u0117si ir dalyvavo 2007 m. Lietuvos Dain\u0173 \u0161vent\u0117je \u201eB\u016bties ratu\u201c ir 2009 m. Lietuvos t\u016bkstantme\u010dio Dain\u0173 \u0161vent\u0117je \u201eAm\u017ei\u0173 sutartin\u0117\u201c. <\/p>\n\n\n\n<p class=\"has-text-align-center\"><br><strong>Pareng\u0117 dr. I. Lamsodien\u0117<\/strong><\/p>\n","protected":false},"excerpt":{"rendered":"<p>Koncertuose Laikui nepavaldus Th. Dubois \u201eSeptyni Kristaus \u017eod\u017eiai \u201c \u0161ild\u0117 mus ir visus patyrusius j\u0173 gali\u0105. Jutome klausytoj\u0173 palaim\u0105 ir d\u0117kingum\u0105\u2026 taip norisi tuos \u0161ventus \u017eod\u017eius muzikos pagalba perduoti visiems&hellip; <\/p>\n","protected":false},"author":2,"featured_media":3237,"comment_status":"open","ping_status":"open","sticky":false,"template":"","format":"standard","meta":{"footnotes":""},"categories":[3],"tags":[],"_links":{"self":[{"href":"https:\/\/choras.lt\/index.php\/wp-json\/wp\/v2\/posts\/7574"}],"collection":[{"href":"https:\/\/choras.lt\/index.php\/wp-json\/wp\/v2\/posts"}],"about":[{"href":"https:\/\/choras.lt\/index.php\/wp-json\/wp\/v2\/types\/post"}],"author":[{"embeddable":true,"href":"https:\/\/choras.lt\/index.php\/wp-json\/wp\/v2\/users\/2"}],"replies":[{"embeddable":true,"href":"https:\/\/choras.lt\/index.php\/wp-json\/wp\/v2\/comments?post=7574"}],"version-history":[{"count":8,"href":"https:\/\/choras.lt\/index.php\/wp-json\/wp\/v2\/posts\/7574\/revisions"}],"predecessor-version":[{"id":7595,"href":"https:\/\/choras.lt\/index.php\/wp-json\/wp\/v2\/posts\/7574\/revisions\/7595"}],"wp:featuredmedia":[{"embeddable":true,"href":"https:\/\/choras.lt\/index.php\/wp-json\/wp\/v2\/media\/3237"}],"wp:attachment":[{"href":"https:\/\/choras.lt\/index.php\/wp-json\/wp\/v2\/media?parent=7574"}],"wp:term":[{"taxonomy":"category","embeddable":true,"href":"https:\/\/choras.lt\/index.php\/wp-json\/wp\/v2\/categories?post=7574"},{"taxonomy":"post_tag","embeddable":true,"href":"https:\/\/choras.lt\/index.php\/wp-json\/wp\/v2\/tags?post=7574"}],"curies":[{"name":"wp","href":"https:\/\/api.w.org\/{rel}","templated":true}]}}