{"id":7648,"date":"2026-03-27T22:15:51","date_gmt":"2026-03-27T22:15:51","guid":{"rendered":"https:\/\/choras.lt\/?p=7648"},"modified":"2026-04-02T06:12:58","modified_gmt":"2026-04-02T06:12:58","slug":"dobilui-60-metu-is-2010-2016-metu-metrascio","status":"publish","type":"post","link":"https:\/\/choras.lt\/index.php\/2026\/03\/27\/dobilui-60-metu-is-2010-2016-metu-metrascio\/","title":{"rendered":"\u201eDobilui\u201c- 60 met\u0173: i\u0161 2010 \u2013 2016 met\u0173 metra\u0161\u010dio"},"content":{"rendered":"\n<p class=\"has-text-align-right\">Penktoji metra\u0161\u010dio dalis<\/p>\n\n\n\n<p class=\"has-text-align-center\"><br><strong>Koncertai<\/strong><\/p>\n\n\n\n<p class=\"has-text-align-left\">Kas svarbiausia chorui ir kievienam choristui? Mielas \u0161ird\u017eiai repertuaras ir jaudinantys koncertai. 2010 metai j\u0173 buvo pilni: \u017dem\u0117s \u016bkio ministerijoje, Grigi\u0161ki\u0173 kult\u016bros centre, Vilniaus Mokytoj\u0173 namuose skamb\u0117jo J. Brahmso \u201eIn stiller Nacht\u201c, meksikie\u010di\u0173 liaudies daina \u201eCielito lindo\u201c, K. Milloker&#8217;io \u201eDu chorai i\u0161 op.\u201cGasparon\u0117\u201c, I. Kalmano Misterio X arija i\u0161 operet\u0117s \u201eCirko princes\u0117\u201c, J Offenbacho fragmentas i\u0161 operos\u201c Hofmano istorijos\u201c &#8211; labai nuotaikingi, gra\u017e\u016bs k\u016briniai. Verb\u0173 sekmadien\u012f Utenoje, Dievo Apvaizdos ba\u017eny\u010dioje, giedodamas Th. Dubois \u201eSeptynis Kristaus \u017eod\u017eius\u201c choras dosniai dalinosi dvasios \u0161iluma, meile ir viltimi kartu su savo i\u0161tikimaisiais solistais A\u0161ra Liutkute, Mindaugu Zimkumi, Mindaugu \u017demai\u010diu ir vargonininku Gediminu Kvikliu.<\/p>\n\n\n\n<p class=\"has-text-align-left\">T\u0173 pa\u010di\u0173 met\u0173 bir\u017eel\u012f Alantos \u0161v. Jok\u016bbo ba\u017eny\u010dioje choro programa nauja: G. F. Hendelio oratorija \u201eApie d\u017eiaugsm\u0105, li\u016bdes\u012f ir sant\u016brum\u0105\u201c, W. A. Mozarto \u201eLiaudate Dominum\u201c, P. Guidi \u201eMarija Motina maloni\u0173\u201c, G. Rossini \u201eStabat Mater\u2018\u201c, \u201eInflammatus et accensus\u201c, W. A. Mozarto \u201eAve verus corpus\u201c, Ch. Gounnod \u201eAtleisk Vie\u0161patie\u201c, \u201eVide Domine\u201c, G. Concone \u201eDomine Salvum\u201c.<\/p>\n\n\n\n<p class=\"has-text-align-left\">Apskritai \u0161\u012f de\u0161imtmet\u012f &#8220;Dobil\u0105&#8221; gird\u0117jo Tel\u0161i\u0173, \u0160v\u0117k\u0161nos, Rietavo, Kernav\u0117s, Salako, Baisiogalos muzikos myl\u0117tojai. O kur dar koncertai Vilniaus \u017eem\u0117s \u016bkio senjor\u0173 klubo \u201eAgrosenjoras\u201c nariams, buvusiems ilgame\u010diams choro dainininkams!<\/p>\n\n\n\n<p class=\"has-text-align-left\">Koncertui, skirtam Laisv\u0117s gyn\u0117j\u0173 20-\u010diui pamin\u0117ti, choras i\u0161moko nauj\u0105 \u012fsp\u016bding\u0105 k\u016brin\u012f \u2013 C. Saint-Saenso Kal\u0117d\u0173 oratorij\u0105. J\u0105 &#8220;Dobilas&#8221; giedojo Vilniaus Arkikatedroje bazilikoje 2011 m. saus\u012f kartu su garsiais Lietuvos atlik\u0117jais: Laima \u010cesliauskaite, Vilija Mik\u0161taite, Laima Jonutyte, K\u0119stu\u010diu Al\u010diauskiu, Dainiumi Pui\u0161iu, Gediminu Kvikliu (vargonai), Sigitu Rubiu (smuikas). O juk m\u0117g\u0117j\u0173 kolektyvui koncertuoti kartu su profesionalais yra didel\u0117 atsakomyb\u0117 ir \u012fkvepianti patirtis. D\u017eiugi, pateti\u0161ka Kal\u0117d\u0173 oratorija penkiems solistams ir chorui sutikta ovacijomis!<\/p>\n\n\n\n<p>Pirmasis koncertas k\u016brybin\u0117s veiklos 45-\u010diui pa\u017eym\u0117ti \u012fvyko Vilniaus \u0160v. Ignoto ba\u017eny\u010dioje 2011 m. kov\u0105. Programoje &#8211; W.A Mozart, Ch. Gounod, C. Franck , C. Saint-Saens k\u016briniai. Po keli\u0173 savai\u010di\u0173 po Vilniaus \u0160v. Jon\u0173 ba\u017eny\u010dios skliautais liejosi Th. Dubois \u201eSeptyni Kristaus \u017eod\u017eiai\u201c. Tre\u010diajame koncerte \u017dem\u0117s \u016bkio ministerijos sal\u0117je gausus b\u016brys dainos bi\u010diuli\u0173 i\u0161girdo svajingus \u010c. Sasnausko \u201eKarvel\u0117li m\u0117lynasis\u201c, L. Dumbliauskait\u0117s \u201eGieda gaideliai\u201c, G. Donicetti \u201cAve Maria\u201c D. Foster \u201eMalda\u201c, \u017eav\u0173j\u012f J. Strauss&#8217;o \u201ePavasar\u012f\u201c i\u0161 \u201e\u0160ik\u0161nosparnio\u201c, choro ypa\u010d m\u0117giam\u0105 ispani\u0161k\u0105 \u201eKlavelitos\u201c.<\/p>\n\n\n\n<p>Laikra\u0161tyje \u201eLiterat\u016bra ir menas\u201c (2011.07.24) straipsnyje \u201eDe\u0161imtme\u010diai su daina\u201c ra\u0161oma: \u201c\u201eDobilas\u201c demonstruoja solid\u0173 repertuar\u0105 ne kiekvienam m\u0117g\u0117j\u0173 chorui \u012fkandam\u0105. Choro vadov\u0117s ind\u0117lis \u012f choro pasisekim\u0105 ne\u012fkainojamas, jos rank\u0173 parengtas kolektyvas skamba darniai, subtiliai\u201c.<\/p>\n\n\n\n<p>2016 m. baland\u017eio 23 d. &#8220;Dobilo&#8221; gyvenime tikr\u0173 tikriausias jubiliejus &#8211; 50 met\u0173. Kaip ir prie\u0161 penkias de\u0161imtis met\u0173 kolektyvas koncertavo savo gimtuose namuose &#8211; \u017dem\u0117s \u016bkio ministerijoje. Dviej\u0173 dali\u0173 programoje &#8211; J. Siniaus \u201eOi, ko atjojai\u201c, N. Sinkevi\u010di\u016bt\u0117s \u201eEi, jovar, jovar\u201c, A. Raudonikio \u201eO \u017euv\u0117dros vis skrenda\u201c, D. De\u017ee \u201eSerenada\u201c, V. Bellini Normos arija, G. Verdi Piligrim\u0173 choras i\u0161 \u201eLombardie\u010di\u0173\u201c, D. Foster \u201eMalda\u201c, G. Puccini choras i\u0161 op. \u201eTurandot\u201c, J. Strauss&#8217;o choras i\u0161 op. &#8220;\u0160ik\u0161nosparnis\u201c , Ch. Gounod choras i\u0161 &#8220;Romeo ir D\u017eiuljetos\u201c, V. Youmans \u201eArbata dviems\u201c, ispan\u0173 \u201eKlavelitos\u201c, G. Verdi choras i\u0161 op. \u201eTraviata\u201c&#8230; Muzikos srautas klausytoj\u0173 b\u016briui suk\u0117l\u0117 begalines emocijas! Jubiliejiniame koncerte dalyvavo 56 choristai: 36 moterys, 20 vyr\u0173. Muzikolog\u0117s Linos Dumbliauskait\u0117s recenzijoje \u201cMuzikos galia\u201c apie koncert\u0105 ra\u0161oma: &#8220;Imponavo koncerto programos stiliaus vientisumas, i\u0161m\u0105styta k\u016brini\u0173 interpretacija, koncertas nuskamb\u0117jo kaip vientisa mintis. Per penket\u0105 de\u0161imtme\u010di\u0173 choro vokalas stipriai sucementuotas, dirigent\u0117 jau\u010dia, ko pra\u0161o muzika, jos rank\u0173 \u201ekalba\u201c i\u0161ties i\u0161kalbinga. Negali lengvai pamir\u0161ti tokio koncerto. Gr\u016bdelis po gr\u016bdelio \u2013 taip ir pildomas Lietuvos chorin\u0117s kult\u016bros aruodas. O \u201eDobilo\u201c choras su savo vadove prasmingai papild\u0117 \u0161\u012f aruod\u0105\u201c.<\/p>\n\n\n\n<p class=\"has-text-align-center\"><strong>Kelion\u0117se<\/strong><\/p>\n\n\n\n<p>Daug maloni\u0173 emocij\u0173 patirta 2012 m. baland\u017eio 24-30 dienomis kelion\u0117je po Belgij\u0105, Liuksemburg\u0105. \u012ed\u0117miai i\u0161klausytas prof. V. Lansbergio pasakojimas apie darb\u0105 Europos Parlamente, aplankyta NATO b\u016bstin\u0117, bendrauta su Lietuvos ambasados Belgijos karalyst\u0117je ir Liuksemburge darbuotojais. Ne kart\u0105 vienoje ar kitoje pastato erdv\u0117je skamb\u0117jo subtilios lietuvi\u0161kos melodijos. I\u0161kilesnis koncertas \u012fvyko Liuksemburgo evangelik\u0173 \u0160v. Trejyb\u0117s ba\u017eny\u010dioje, ten choras atliko L. Abariaus \u201eI\u0161 Tavo rankos\u201c, A. \u0160imkaus \u201eGarb\u0117 Tau, Vie\u0161patie\u201c, P. Guidi \u201eMaria Mater Gratia\u201c, G.F. Handel&#8217;io \u201eRinaldo\u201c \u2013 G.Rabe aran\u017euot\u0119 sopranui, chorui ir vargonams, G. Rossini \u201eIntroduction\u201c ir \u201eInflammatus et accensus\u201c i\u0161 \u201eStabat Mater\u201c, G. Donizetti \u201eAve Maria\u201c, Ch. Gounod \u201eAtleisk Vie\u0161patie\u201c, G. Concone \u201cDomine salvum\u201c. V\u0117liau &#8211; vaik\u0161\u010diota ir g\u0117r\u0117tasi Briuseliu, Briuge, Gento Eizenacho, Liuksemburgo miestais.<\/p>\n\n\n\n<p>Lietuvos Valstyb\u0117s dien\u0105 choras pasitiko Punske, vietos lietuvi\u0173 apsuptyje. Po koncerto tautie\u010diai palyd\u0117jo mus iki Dz\u016bkijos \u0161ventov\u0117s (Kry\u017ei\u0173 koply\u010dios) &#8211; prie\u0161 de\u0161imtmet\u012f tikin\u010di\u0173j\u0173 l\u0117\u0161omis atstatytos didingos \u0161ventov\u0117s. Gera b\u016bti su savais!<\/p>\n\n\n\n<p class=\"has-text-align-center\"><strong>Festivaliai<\/strong><\/p>\n\n\n\n<p class=\"has-text-align-left\">2013 m. Marijampol\u0117je 14-t\u0105 kart\u0105 vyko tarptautinis sakralin\u0117s muzikos festivalis \u201eD\u017ei\u016bgaukim\u2026Aleliuja\u201c.  Koncertui &#8220;Dobilas&#8221; paruo\u0161\u0117 dvylikos k\u016brini\u0173 program\u0105: Alg. \u0160imkaus ir B. Brazd\u017eionio \u201cGarb\u0117 tau, Vie\u0161patie\u201c, F. Hendelio \u201eRinaldo\u201c, W. A. Mocarto \u201cAve verum\u201c, \u201eLaudate dominum\u201c, G. Rossini \u201cStabat Mater\u201c, G. Donizetti \u201cAve Maria\u201c, Ch. Gound \u201cVide Domine\u201c ir J. Haidno \u201eKaro met\u0173 mi\u0161i\u0173&#8221; Kyrie dal\u012f.  \u0160v. Vincento Paulie\u010dio ba\u017eny\u010dioje vykus\u012f koncert\u0105 klausytojai palyd\u0117jo plojimais stov\u0117dami! Chorui talkino A. Liutkut\u0117, Gediminas Kviklys. Festivalio vadov\u0117 Marijampol\u0117s \u201eSuvalkijos\u201c choro meno vadov\u0117 ir dirigent\u0117 Virginija Juknevi\u010dien\u0117, kaip ir kitiems kolektyvams, \u012fteik\u0117 festivalio simbol\u012f &#8211; Angel\u0105. Gal jis mus vis dar saugo?<br><\/p>\n\n\n\n<p class=\"has-text-align-center\"><br><strong>Pareng\u0117 dr. Irena Lamsodien\u0117<\/strong><\/p>\n","protected":false},"excerpt":{"rendered":"<p>Penktoji metra\u0161\u010dio dalis Koncertai Kas svarbiausia chorui ir kievienam choristui? Mielas \u0161ird\u017eiai repertuaras ir jaudinantys koncertai. 2010 metai j\u0173 buvo pilni: \u017dem\u0117s \u016bkio ministerijoje, Grigi\u0161ki\u0173 kult\u016bros centre, Vilniaus Mokytoj\u0173 namuose&hellip; <\/p>\n","protected":false},"author":2,"featured_media":3237,"comment_status":"open","ping_status":"open","sticky":false,"template":"","format":"standard","meta":{"footnotes":""},"categories":[3],"tags":[],"_links":{"self":[{"href":"https:\/\/choras.lt\/index.php\/wp-json\/wp\/v2\/posts\/7648"}],"collection":[{"href":"https:\/\/choras.lt\/index.php\/wp-json\/wp\/v2\/posts"}],"about":[{"href":"https:\/\/choras.lt\/index.php\/wp-json\/wp\/v2\/types\/post"}],"author":[{"embeddable":true,"href":"https:\/\/choras.lt\/index.php\/wp-json\/wp\/v2\/users\/2"}],"replies":[{"embeddable":true,"href":"https:\/\/choras.lt\/index.php\/wp-json\/wp\/v2\/comments?post=7648"}],"version-history":[{"count":23,"href":"https:\/\/choras.lt\/index.php\/wp-json\/wp\/v2\/posts\/7648\/revisions"}],"predecessor-version":[{"id":7690,"href":"https:\/\/choras.lt\/index.php\/wp-json\/wp\/v2\/posts\/7648\/revisions\/7690"}],"wp:featuredmedia":[{"embeddable":true,"href":"https:\/\/choras.lt\/index.php\/wp-json\/wp\/v2\/media\/3237"}],"wp:attachment":[{"href":"https:\/\/choras.lt\/index.php\/wp-json\/wp\/v2\/media?parent=7648"}],"wp:term":[{"taxonomy":"category","embeddable":true,"href":"https:\/\/choras.lt\/index.php\/wp-json\/wp\/v2\/categories?post=7648"},{"taxonomy":"post_tag","embeddable":true,"href":"https:\/\/choras.lt\/index.php\/wp-json\/wp\/v2\/tags?post=7648"}],"curies":[{"name":"wp","href":"https:\/\/api.w.org\/{rel}","templated":true}]}}