{"id":8094,"date":"2026-09-02T16:43:59","date_gmt":"2026-09-02T16:43:59","guid":{"rendered":"https:\/\/choras.lt\/?p=8094"},"modified":"2026-09-02T16:44:02","modified_gmt":"2026-09-02T16:44:02","slug":"xvi-tarptautinis-sv-jokubo-festivalis-pradeda-sezona-valstybinis-choras-vilnius-pristato-atnaujinta-vizualini-identiteta","status":"publish","type":"post","link":"https:\/\/choras.lt\/index.php\/2026\/09\/02\/xvi-tarptautinis-sv-jokubo-festivalis-pradeda-sezona-valstybinis-choras-vilnius-pristato-atnaujinta-vizualini-identiteta\/","title":{"rendered":"XVI tarptautinis \u0160v. Jok\u016bbo festivalis pradeda sezon\u0105: Valstybinis choras \u201eVilnius\u201c pristato atnaujint\u0105 vizualin\u012f identitet\u0105"},"content":{"rendered":"\n<p><br>Rugs\u0117jo 5 \u2013 spalio 15 dienomis vyks XVI tarptautinis \u0160v. Jok\u016bbo festivalis, kur\u012f globoja Lietuvos Respublikos Prezidentas Gitanas Naus\u0117da bei Vilniaus arkivyskupas metropolitas Gintaras Gru\u0161as. Broli\u0173 dominikon\u0173 ir Valstybinio choro \u201eVilnius\u201c, vadovaujamo meno vadovo ir vyriausiojo dirigento Art\u016bro Dambrausko, iniciatyva rengiamas festivalis pristato sakralin\u0117s muzikos program\u0105, apiman\u010di\u0105 Vilniaus, Mol\u0117t\u0173, Panev\u0117\u017eio, Elektr\u0117n\u0173 ir Alytaus \u0161ventoves.<\/p>\n\n\n\n<p class=\"has-text-align-center\"><strong>Sukaktys ir vizualinio identiteto atsinaujinimas<\/strong><\/p>\n\n\n\n<p>56 met\u0173 k\u016brybin\u0117s veiklos sukakt\u012f minintis Valstybinis choras \u201eVilnius\u201c ir 15 met\u0173 gyvavimo ribo\u017eenkl\u012f perkop\u0119s \u0160v. Jok\u016bbo festivalis nauj\u0105j\u012f sezon\u0105 pasitinka atnaujin\u0119 savo vizualin\u0119 tapatyb\u0119.<\/p>\n\n\n\n<p>Abiej\u0173 prek\u0117s \u017eenkl\u0173 estetikoje remiamasi minimalistine forma bei \u0161variomis linijomis. Choro \u201eVilnius\u201c vizualiniame sprendime grafi\u0161kai pavaizduota skleid\u017eiama garso banga simbolizuoja dainavimo proces\u0105 ir akustin\u0119 dinamik\u0105. Festivalio grafikoje integruotas \u0160v. Jok\u016bbo kelio (Camino de Santiago) simbolis \u2013 stilizuota kriaukl\u0117, nurodanti \u012f festivalio ry\u0161\u012f su piligrimyst\u0117s tradicija. Naujieji identitetai \u017eymi nauj\u0105 choro ir festivalio gyvavimo etapo prad\u017ei\u0105.<\/p>\n\n\n\n<p class=\"has-text-align-center\"><strong>Festivalio prad\u017eia ir koncertai sostin\u0117je<\/strong><\/p>\n\n\n\n<p>Festivalis prasid\u0117s rugs\u0117jo 5 d. Vilniaus \u0160v. Juozapo ba\u017eny\u010dioje, kur bus atlikta kompozitoriaus Algirdo Martinai\u010dio oratorija \u201eGailestingumo altorius\u201c. \u0160v. Faustinos Kowalskos Vilniuje ra\u0161yto \u201eDienora\u0161\u010dio\u201c tekstais parengt\u0105 k\u016brin\u012f atliks solist\u0117s Gunta Gelgot\u0117 ir Jomant\u0117 \u0160le\u017eait\u0117, Valstybinis choras \u201eVilnius\u201c bei Panev\u0117\u017eio muzikinio teatro choras ir orkestras. K\u016brin\u012f diriguos Imantas Jonas \u0160imkus.<\/p>\n\n\n\n<p>Oficialiame festivalio atidarymo koncerte rugs\u0117jo 12 d. Vilniaus \u0160v. Apa\u0161tal\u0173 Pilypo ir Jok\u016bbo ba\u017eny\u010dioje skamb\u0117s Vaidos Striaupait\u0117s-Beinarien\u0117s oratorija \u201eLaisvasis kalinys\u201c. K\u016brinys sukurtas remiantis palaimintojo Teofiliaus Matulai\u010dio biografija ir vyskupo Algirdo Jurevi\u010diaus knyga. Kartu su choru \u201eVilnius\u201c ir ansambliu \u201eMusica Humana\u201c (vadovas Robertas Beinaris) k\u016brin\u012f atliks solistas Liudas Mikalauskas.<\/p>\n\n\n\n<p>Rugs\u0117jo 19 d. \u0160v. Juozapo ba\u017eny\u010dioje skamb\u0117s programa \u201eTe Deum\u201c (T. Maka\u010dinas, O. Gjeilo, A. P\u00e4rt), kurioje pasirodys solist\u0117 Asta Krik\u0161\u010di\u016bnait\u0117 ir pianistas Vincenzo De Martino. <\/p>\n\n\n\n<p>Rugs\u0117jo 23 d. \u0160v. Apa\u0161tal\u0173 Pilypo ir Jok\u016bbo ba\u017eny\u010dioje, koncerte \u201eNauji balsai\u201c, choras atliks jaun\u0173j\u0173 kompozitori\u0173 konkurso nugal\u0117toj\u0173 \u2012 Dovydo Baltrimavi\u010diaus, Jono Kaminsko bei Ryto Svilainio \u2012 k\u016brinius.<\/p>\n\n\n\n<p>\u0160ioje \u0161ventov\u0117je rugs\u0117jo 30 d. koncertuos Remigijaus Adomai\u010dio vadovaujamas \u0160iauli\u0173 berniuk\u0173 ir jaunuoli\u0173 choras \u201eDagil\u0117lis\u201c, o spalio 10 d. ba\u017enytin\u012f koncertin\u012f cikl\u0105 Vilniuje u\u017ebaigs projektas \u201eSielos malda\u201c su atlik\u0117jais i\u0161 Lenkijos \u2013 choru \u201eAstrolabium\u201c, ansambliu \u201eCapella Bydgosciensis\u201c bei soliste Ingrida Gapova. Koncert\u0105 diriguos Kinga Litowska.<\/p>\n\n\n\n<p class=\"has-text-align-center\"><strong>Koncertai regionuose<\/strong><\/p>\n\n\n\n<p>\u0160v. Jok\u016bbo festivalio renginiai vyks ir kit\u0173 Lietuvos miest\u0173 maldos namuose. Rugs\u0117jo 24 d. 19 val. Mol\u0117t\u0173 \u0160v. apa\u0161tal\u0173 Petro ir Povilo ba\u017eny\u010dioje bus atliktas dvasin\u0117s muzikos ciklas \u201eDainos sparnais\u201c.<\/p>\n\n\n\n<p>Rugs\u0117jo 26 d. 19 val. Panev\u0117\u017eio Kristaus Karaliaus katedroje \u2013 jaun\u0173j\u0173 k\u016br\u0117j\u0173 projektas \u201eNauji balsai\u201c.<\/p>\n\n\n\n<p>Rugs\u0117jo 27 d. 11 val. Kietavi\u0161ki\u0173 \u0160v. Trejyb\u0117s ba\u017eny\u010dioje skamb\u0117s koncertas \u201eT\u0117vyne m\u016bs\u0173\u201c. <\/p>\n\n\n\n<p>Pasirodymus regionuose spalio 3 d. 19 val. Alytaus \u0160v. Liudviko ba\u017eny\u010dioje u\u017ebaigs Vaclovo Augustino k\u016brinys \u201eMi\u0161ios u\u017e mirusius (Requiem)\u201c.<\/p>\n\n\n\n<p class=\"has-text-align-center\"><strong>Kulminacija Filharmonijoje<\/strong><\/p>\n\n\n\n<p>Festivalis baigsis spalio 15 d. Lietuvos nacionalin\u0117je filharmonijoje, kur \u012fvyks kompozitor\u0117s Zitos Bru\u017eait\u0117s oratorijos \u201eVotai\u201c pasaulin\u0117 premjera. \u0160is k\u016brinys skiriamas Lietuvos akl\u0173j\u0173 ir silpnaregi\u0173 s\u0105jungos (LASS) \u0161imtme\u010diui pamin\u0117ti. \u0160i data susijusi ir su Valstybiniu choru \u201eVilnius\u201c, kuris prie\u0161 55 metus savo veikl\u0105 prad\u0117jo kaip LASS kolektyvas.<\/p>\n\n\n\n<p>Oratorij\u0105 \u201eVotai\u201c atliks solist\u0117 Gunta Gelgot\u0117, skaitovas Vaidotas Martinaitis, festivalio instrumentinis ansamblis bei Valstybinis choras \u201eVilnius\u201c. Dirigentas \u2013 Art\u016bras Dambrauskas.<\/p>\n\n\n\n<p>Subtiliai sujungdamas atsinaujinusi\u0105 estetin\u0119 tapatyb\u0119 bei ilgametes sakralin\u0117s muzikos tradicijas, XVI tarptautinis \u0160v. Jok\u016bbo festivalis t\u0119sia savo misij\u0105 ir kvie\u010dia visuomen\u0119 \u012f nemokamus koncertus \u0161alies \u0161ventov\u0117se.<\/p>\n\n\n\n<p class=\"has-text-align-center\">Festivalio koncertai ba\u017eny\u010diose nemokami.<\/p>\n\n\n\n<p class=\"has-text-align-center\"><strong>Organizatorius: Valstybinis choras \u201eVilnius\u201c<\/strong><\/p>\n","protected":false},"excerpt":{"rendered":"<p>Rugs\u0117jo 5 \u2013 spalio 15 dienomis vyks XVI tarptautinis \u0160v. Jok\u016bbo festivalis, kur\u012f globoja Lietuvos Respublikos Prezidentas Gitanas Naus\u0117da bei Vilniaus arkivyskupas metropolitas Gintaras Gru\u0161as. Broli\u0173 dominikon\u0173 ir Valstybinio choro&hellip; <\/p>\n","protected":false},"author":2,"featured_media":8096,"comment_status":"open","ping_status":"open","sticky":false,"template":"","format":"standard","meta":{"footnotes":""},"categories":[2],"tags":[],"_links":{"self":[{"href":"https:\/\/choras.lt\/index.php\/wp-json\/wp\/v2\/posts\/8094"}],"collection":[{"href":"https:\/\/choras.lt\/index.php\/wp-json\/wp\/v2\/posts"}],"about":[{"href":"https:\/\/choras.lt\/index.php\/wp-json\/wp\/v2\/types\/post"}],"author":[{"embeddable":true,"href":"https:\/\/choras.lt\/index.php\/wp-json\/wp\/v2\/users\/2"}],"replies":[{"embeddable":true,"href":"https:\/\/choras.lt\/index.php\/wp-json\/wp\/v2\/comments?post=8094"}],"version-history":[{"count":1,"href":"https:\/\/choras.lt\/index.php\/wp-json\/wp\/v2\/posts\/8094\/revisions"}],"predecessor-version":[{"id":8095,"href":"https:\/\/choras.lt\/index.php\/wp-json\/wp\/v2\/posts\/8094\/revisions\/8095"}],"wp:featuredmedia":[{"embeddable":true,"href":"https:\/\/choras.lt\/index.php\/wp-json\/wp\/v2\/media\/8096"}],"wp:attachment":[{"href":"https:\/\/choras.lt\/index.php\/wp-json\/wp\/v2\/media?parent=8094"}],"wp:term":[{"taxonomy":"category","embeddable":true,"href":"https:\/\/choras.lt\/index.php\/wp-json\/wp\/v2\/categories?post=8094"},{"taxonomy":"post_tag","embeddable":true,"href":"https:\/\/choras.lt\/index.php\/wp-json\/wp\/v2\/tags?post=8094"}],"curies":[{"name":"wp","href":"https:\/\/api.w.org\/{rel}","templated":true}]}}