{"id":8097,"date":"2026-09-03T19:13:34","date_gmt":"2026-09-03T19:13:34","guid":{"rendered":"https:\/\/choras.lt\/?p=8097"},"modified":"2026-09-03T19:13:36","modified_gmt":"2026-09-03T19:13:36","slug":"bohemieciams-20-vilniaus-rotusesaiksteje-net-keturis-vakarus-atgislegendiniai-spektakliai","status":"publish","type":"post","link":"https:\/\/choras.lt\/index.php\/2026\/09\/03\/bohemieciams-20-vilniaus-rotusesaiksteje-net-keturis-vakarus-atgislegendiniai-spektakliai\/","title":{"rendered":"\u201eBohemie\u010diams\u201c \u2013 20: Vilniaus rotu\u0161\u0117saik\u0161t\u0117je net keturis vakarus atgislegendiniai spektakliai"},"content":{"rendered":"\n<p>Rugs\u0117jo 17\u201320 dienomis Vilniaus rotu\u0161\u0117s aik\u0161t\u0117 keturiems vakarams virs did\u017eiule atvira operos erdve. 20-met\u012f \u0161ven\u010dianti \u201eVilnius City Opera\u201c kartu su Lietuvos valstybiniu simfoniniu orkestru jubiliej\u0173 kvie\u010dia \u0161v\u0119sti ne tarp teatro sien\u0173, o pa\u010dioje miesto \u0161irdyje. \u010cia vyks nemokamas rengini\u0173 ciklas, kurio metu did\u017eiuliame ekrane su auk\u0161\u010diausio lygio garso technikos pagalba atgis jau legendomis tap\u0119 spektakliai, suk\u016br\u0119 \u201ebohemie\u010di\u0173\u201c istorij\u0105.<\/p>\n\n\n\n<p>Tai bus reta galimyb\u0117 sugr\u012f\u017eti \u012f laik\u0105, kai viskas prasid\u0117jo \u2013 pamatyti tuometin\u0119 \u201eBohem\u0105\u201c su dar tik debiutuojan\u010diais Asmik Grigorian, Edgaru Montvidu bei kitais \u0161iandien tarptautines operos scenas puo\u0161ian\u010diais Lietuvos operos solistais.<\/p>\n\n\n\n<p>Tai &#8211; proga pamatyti spektaklius, kuri\u0173 \u0161iandien jau neb\u0117ra galimyb\u0117s i\u0161vysti gyvai. Prisiminimuose beveik legendomis apipint\u0105 \u201eSvyn\u012f Tod\u0105 &#8211; demon\u0105 kirp\u0117j\u0105\u201c, romanti\u0161k\u0105j\u012f \u201eVerter\u012f\u201c ir diding\u0105 \u201eTrubad\u016br\u0105\u201c. Dauguma j\u0173 atne\u0161\u0117 ne tik did\u017eiul\u012f publikos palaikym\u0105, bet ir auk\u0161\u010diausius scenos meno &#8211; Auksinio scenos kry\u017eiaus &#8211; apdovanojimus solistams. Tai spektakliai &#8211; puikiai atspindintys skirtingus trup\u0117s k\u016brybinius etapus, kuri\u0173 metu formavosi savita \u201ebohemie\u010di\u0173\u201c teatrin\u0117 kalba ir j\u0173 santykis su \u017ei\u016brovu. Ta\u010diau rugs\u0117j\u012f Rotu\u0161\u0117s aik\u0161t\u0117je vyksiantis ciklas nebus vien retrospektyva.<\/p>\n\n\n\n<p>Visus keturis vakarus spektakli\u0173 per\u017ei\u016bras lyd\u0117s gyvos diskusijos, susitikimai ir muzikolog\u0173 pristatymai, kvie\u010diantys prisiminti ne tik tai, kas buvo scenoje, bet ir \u017emones, aplinkybes bei id\u0117jas, i\u0161 kuri\u0173 per dvide\u0161imt met\u0173 formavosi vienas ry\u0161kiausi\u0173 Lietuvos operos rei\u0161kini\u0173.<\/p>\n\n\n\n<p class=\"has-text-align-center\"><strong>Prie\u0161 dvide\u0161imt met\u0173 \u2013 avanti\u016bra, \u0161iandien \u2013 operos istorijos dalis<\/strong><\/p>\n\n\n\n<p>\u201eBohemie\u010di\u0173\u201c istorija prasid\u0117jo prie\u0161 dvide\u0161imt met\u0173 i\u0161 noro oper\u0105 kurti kitaip: \u0161iuolaiki\u0161kai, kinematografi\u0161kai, gyvai, be i\u0161 anksto nustatyto atstumo tarp scenos ir \u017ei\u016brovo. Aplink re\u017eisier\u0119 Dali\u0105 Ibelhauptait\u0119, dirigent\u0105 Gintar\u0105 Rinkevi\u010di\u0173, kostium\u0173 dizainer\u012f Juoz\u0105 Statkevi\u010di\u0173 ir j\u0173 bendramin\u010dius susib\u016br\u0117 jauna k\u016br\u0117j\u0173 bei atlik\u0117j\u0173 karta. \u201eBohemie\u010di\u0173\u201c spektakliuose augo solistai, v\u0117liau tap\u0119 ry\u0161kiais tarptautini\u0173 operos scen\u0173 vardais. Taip pat Kongres\u0173 R\u016bmai suteik\u0117 namus Lietuvoje daugeliui pasaulio teatruose dainuojan\u010di\u0173 atlik\u0117j\u0173, o opera prakalbo pla\u010diausiam publikos ratui.<\/p>\n\n\n\n<p>Per dvide\u0161imt met\u0173 keit\u0117si spektakliai, scenos, atlik\u0117j\u0173 kartos ir pats Vilnius. Ta\u010diau viena liko nepakit\u0119 \u2013 publika, visada buvusi svarbiausia \u0161ios istorijos dalmi. Tod\u0117l jubiliejus negali vykti u\u017edarose erdv\u0117se ir i\u0161sikelia \u012f jo publikai artimas bei atviras miesto erdves.<\/p>\n\n\n\n<p class=\"has-text-align-center\"><strong>Sugr\u012f\u017eimas \u012f Rotu\u0161\u0117s aik\u0161t\u0119 \u2013 po \u201eMakbeto\u201c<\/strong><\/p>\n\n\n\n<p>Mintis oper\u0105 i\u0161ne\u0161ti b\u016btent \u012f Rotu\u0161\u0117s aik\u0161t\u0119, n\u0117ra atsitiktin\u0117. Pra\u0117jusiais metais \u010dia buvo parodyta \u201eVilnius City Opera\u201c projekto \u201ePakartojimo nebus: Makbetas\u201c tiesiogin\u0117 transliacija, taip pat tapusi precedento neturin\u010diu \u012fvykiu. Nepaisydami rudeni\u0161ko oro, pamatyti operos, Lietuvoje paprastai egzistuojan\u010dios visai kituose kontekstuose, \u012f aik\u0161t\u0119 susirinko t\u016bkstan\u010diai \u017emoni\u0173. Tuo pat metu pasirodymas buvo transliuojamas ir keliose Ukrainos teatr\u0173 sl\u0117ptuv\u0117se. Tai parod\u0117, kad opera gali tapti \u017eymiai didesniu miesto \u012fvykiu \u2013 ne u\u017edara ceremonija, o bendru i\u0161gyvenimu po atviru dangumi, sujungtu gyvu ry\u0161io tiltu.<\/p>\n\n\n\n<p>Dvide\u0161imtme\u010dio proga Vilnius City Opera gr\u012f\u0161 net keturis kartus. Keturi vakarai, didelis ekranas, auk\u0161\u010diausio lygio vaizdo ir garso technika, keturi \u201ebohemie\u010di\u0173\u201c istorijos spektakliai, diskusijos ir gyvas pokalbis apie dvide\u0161imt Lietuvos operos met\u0173.<\/p>\n\n\n\n<p>Vieniems tai bus galimyb\u0117 dar kart\u0105 pamatyti spektaklius, kuriuos \u0161iandien prisimename tik i\u0161 j\u0173 premjer\u0173, o kitiems \u2013 pirm\u0105 kart\u0105 susitikti su tuo, apie k\u0105 iki \u0161iol tik sklando legendos ir pasakojimai.<\/p>\n\n\n\n<p>Pamatyti Asmik Grigorian ir Edgar\u0105 Montvid\u0105 pirmosios \u201eBohemos\u201c laikais. Atgaivinti \u201eSvyn\u012f Tod\u0105\u201c, sugr\u012f\u017eti prie \u201eVerterio\u201c ir i\u0161 naujo \u012fvertinti \u201eTrubad\u016br\u0105\u201c. Keturis vakarus i\u0161 eil\u0117s steb\u0117sime, kaip per \u0161iuos spektaklius, balsus ir skirtingas epochas buvo kuriamas dvide\u0161imties met\u0173 fenomenas, vardu \u201ebohemie\u010diai\u201c.<\/p>\n\n\n\n<p class=\"has-text-align-center\"><strong>Svarbiausia \u2013 nereik\u0117s nei bilieto, nei i\u0161ankstinio pasiruo\u0161imo<\/strong><\/p>\n\n\n\n<p>Publika bus laisva ateiti \u012f diskusij\u0105, prisijungti po jos, pasilikti visam spektakliui, ar u\u017esukti tik trumpam. Gal\u0173 gale &#8211; galb\u016bt pirm\u0105 kart\u0105 gyvenime patirti oper\u0105 tiesiog miesto aik\u0161t\u0117je. Nuo pirmosios \u201eBohemos\u201c iki \u0161iandien Daliai Ibelhauptaitei, Gintarui Rinkevi\u010diui, \u201eVilnius City Opera\u201c ir Lietuvos valstybinio simfoninio orkestro bendruomenei \u017emon\u0117s buvo ir teb\u0117ra svarbiausia \u0161ios bendros istorijos dalis.<\/p>\n\n\n\n<p>\u201eBohemie\u010diams 20\u201c vyks rugs\u0117jo 17\u201320 dienomis Vilniaus rotu\u0161\u0117s aik\u0161t\u0117je.<\/p>\n\n\n\n<p>Visi renginiai \u2013 nemokami.<br>I\u0161sami keturi\u0173 vakar\u0173 programa, diskusij\u0173 temos ir j\u0173 dalyviai bus paskelbti netrukus.<\/p>\n\n\n\n<p>Projekt\u0105 finansuoja Lietuvos Kult\u016bros Taryba ir Vilniaus Miesto Savivaldyb\u0117.<\/p>\n","protected":false},"excerpt":{"rendered":"<p>Rugs\u0117jo 17\u201320 dienomis Vilniaus rotu\u0161\u0117s aik\u0161t\u0117 keturiems vakarams virs did\u017eiule atvira operos erdve. 20-met\u012f \u0161ven\u010dianti \u201eVilnius City Opera\u201c kartu su Lietuvos valstybiniu simfoniniu orkestru jubiliej\u0173 kvie\u010dia \u0161v\u0119sti ne tarp teatro&hellip; <\/p>\n","protected":false},"author":2,"featured_media":8099,"comment_status":"open","ping_status":"open","sticky":false,"template":"","format":"standard","meta":{"footnotes":""},"categories":[5],"tags":[],"_links":{"self":[{"href":"https:\/\/choras.lt\/index.php\/wp-json\/wp\/v2\/posts\/8097"}],"collection":[{"href":"https:\/\/choras.lt\/index.php\/wp-json\/wp\/v2\/posts"}],"about":[{"href":"https:\/\/choras.lt\/index.php\/wp-json\/wp\/v2\/types\/post"}],"author":[{"embeddable":true,"href":"https:\/\/choras.lt\/index.php\/wp-json\/wp\/v2\/users\/2"}],"replies":[{"embeddable":true,"href":"https:\/\/choras.lt\/index.php\/wp-json\/wp\/v2\/comments?post=8097"}],"version-history":[{"count":1,"href":"https:\/\/choras.lt\/index.php\/wp-json\/wp\/v2\/posts\/8097\/revisions"}],"predecessor-version":[{"id":8098,"href":"https:\/\/choras.lt\/index.php\/wp-json\/wp\/v2\/posts\/8097\/revisions\/8098"}],"wp:featuredmedia":[{"embeddable":true,"href":"https:\/\/choras.lt\/index.php\/wp-json\/wp\/v2\/media\/8099"}],"wp:attachment":[{"href":"https:\/\/choras.lt\/index.php\/wp-json\/wp\/v2\/media?parent=8097"}],"wp:term":[{"taxonomy":"category","embeddable":true,"href":"https:\/\/choras.lt\/index.php\/wp-json\/wp\/v2\/categories?post=8097"},{"taxonomy":"post_tag","embeddable":true,"href":"https:\/\/choras.lt\/index.php\/wp-json\/wp\/v2\/tags?post=8097"}],"curies":[{"name":"wp","href":"https:\/\/api.w.org\/{rel}","templated":true}]}}