{"id":819,"date":"2021-04-08T08:28:49","date_gmt":"2021-04-08T08:28:49","guid":{"rendered":"https:\/\/choras.lt\/?p=819"},"modified":"2021-04-08T08:28:51","modified_gmt":"2021-04-08T08:28:51","slug":"operos-veteranas-ceslovas-nauseda-apie-debiuta-teatre-su-islaistyta-kava","status":"publish","type":"post","link":"https:\/\/choras.lt\/index.php\/2021\/04\/08\/operos-veteranas-ceslovas-nauseda-apie-debiuta-teatre-su-islaistyta-kava\/","title":{"rendered":"Operos veteranas \u010ceslovas Naus\u0117da \u2013 apie debiut\u0105 teatre su i\u0161laistyta kava"},"content":{"rendered":"\n<p>Jaunesni LNOBT \u017ei\u016brovai j\u012f prisimena vien kaip nebyl\u0173, ta\u010diau be galo i\u0161rai\u0161king\u0105 Did\u012fj\u012f inkvizitori\u0173 naujausiame Giuseppe\u2018s Verdi operos \u201eDon Karlas\u201c pastatyme. Ta\u010diau prie\u0161 tris-keturis de\u0161imtme\u010dius be tenoro \u010ceslovo Naus\u0117dos LNOBT scenoje neapsieidavo nei viena operos premjera. Apie debiut\u0105 teatre ir primadon\u0173 pretenzijas \u0161\u012fmet 75-me\u010dio sukakt\u012f at\u0161ventus\u012f daininink\u0105 \u010ceslov\u0105 Naus\u0117d\u0105 kalbino muzikolog\u0117 Egl\u0117 Ulien\u0117.<\/p>\n\n\n\n<p><br><strong>Gerbiamas \u010ceslovai, kaip sugalvojote i\u0161 \u017demaitijos atkeliauti studijuoti muzikos? Gal mama vaikyst\u0117je dainuodavo daug gra\u017ei\u0173 lop\u0161ini\u0173?<\/strong> <\/p>\n\n\n\n<p><br>Prisimenu, kad vaikai susirink\u0119 traukdavom dain\u0105 po dainos: buvo noras dainuoti. Mokykloje Kaltin\u0117nuose \u2013 atvirk\u0161\u010diai, b\u0117gdavau i\u0161 choro repeticij\u0173: ver\u010diamas nenor\u0117jau dainuoti. Baig\u0119s septynias klases, i\u0161va\u017eiavau stoti \u012f \u0160iauli\u0173 muzikos mokykl\u0105. Labiausiai trauk\u0117 \u201etri\u016bba\u201c, bet kai pama\u010diau, kaip j\u0105 pu\u010dia kiti, anks\u010diau mokytis prad\u0117j\u0119 jaunuoliai \u2013 supratau, kad nieko nebus. Man pasi\u016bl\u0117 mokytis choro dirigavimo. Nelabai supratau, kas tai, bet baigiau\u2026 Ir gavau paskyrim\u0105 studijuoti Lietuvos  valstybin\u0117je konservatorijoje (dabar \u2013 LMTA): tada be paskyrimo ten nepriimdavo. Dvejus metus studijavau, bet jau\u010diau \u2013 nelimpa\u2026 Tada i\u0161\u0117jau \u012f kariuomen\u0119, tarnaudamas Vilniuje prad\u0117jau dainuoti kariniame ansamblyje. Ir po tarnybos i\u0161 naujo \u012fstojau \u012f konservatorij\u0105 jau kaip dainininkas. Mano dainavimo pedagogai da\u017enai keisdavosi: i\u0161 prad\u017ei\u0173 d\u0117st\u0117 Valentinas Adamkevi\u010dius, po to Zenonas Paulauskas, Abdonas Lietuvninkas, galiausiai \u2013 Virgilijus Noreika. Bet jis tuo metu b\u016bdavo labai u\u017esi\u0117m\u0119s ir \u012f mus, studentus, ma\u017eai kreip\u0117 d\u0117mesio.<\/p>\n\n\n\n<p><br><strong>1978 m. at\u0117jote dirbti \u012f teatr\u0105. Ar buvo jausmas, kad reikia mokytis toliau?<\/strong><\/p>\n\n\n\n<p><br>\u017dinoma \u2013 tr\u016bko ir judesio, ir vokalo \u017eini\u0173. Stengiausi dirbti pats, kaip i\u0161maniau. Debiutavau Johanno Sebastiano Bacho \u201eKavos kantatoje\u201c, teatro Kamerin\u0117je sal\u0117je puodukus su kava ne\u0161iodamas: rankos taip dreb\u0117jo, kad nema\u017eai kavos i\u0161silaist\u0117 \u012f l\u0117k\u0161tutes. Po to parengiau pagrindines tenoro partijas lietuvi\u0161kose operose \u2013 tai buvo Jurgio Gai\u017eausko \u201eBuratinas\u201c ir Eduardo Balsio \u201eKelion\u0117 \u012f Til\u017e\u0119\u201c. V\u0117liau repertuar\u0105 papild\u0117 Piotro \u010caikovskio \u201eEugenijus Oneginas\u201c, G. Verdi \u201eTraviata\u201c, \u201eAida\u201c, \u201eTrubad\u016bras\u201c, Georges Bizet \u201eKarmen\u201c, Giacomo Puccini \u201eMadam Baterflai\u201c ir \u201eToska\u201c\u2026<\/p>\n\n\n\n<p><br><strong>O kuris vaidmuo i\u0161 daugelio labiausiai \u012fstrigo?<\/strong><\/p>\n\n\n\n<p>Mano m\u0117gstamiausi vaidmenys buvo Manrikas \u201eTrubad\u016bre\u201c, Kavaradosis \u201eToskoje\u201c ir, \u017einoma, Choz\u0117 i\u0161 \u201eKarmen\u201c.<\/p>\n\n\n\n<p><br><strong>Visai neseniai \u017ei\u016brovai jus dar mat\u0117 kaip Did\u012fj\u012f inkvizitori\u0173 G. Verdi operoje \u201eDon Karlas\u201c\u2026<\/strong><\/p>\n\n\n\n<p><br>B\u016btent \u2013 mat\u0117, nes ten nedainavau, net nekalb\u0117jau, tik vaidinau. Did\u012fj\u012f inkvizitori\u0173 vaidinti man pasi\u016bl\u0117 garsus vokie\u010di\u0173 re\u017eisierius G\u00fcnteris Kr\u00e4meris, mat\u0119s mano dainuot\u0173 spektakli\u0173 \u012fra\u0161\u0173. Kai at\u0117jau \u012f repeticij\u0105,<br>re\u017eisierius, mane i\u0161vyd\u0119s, i\u0161 karto pasak\u0117: \u201eGood\u201c.<\/p>\n\n\n\n<p><br><strong>Dabar, kalb\u0117dami apie operas, mes da\u017eniausiai minime re\u017eisierius. Anks\u010diau pirmenyb\u0117 b\u016bdavo teikiama dirigentams. Su kuriuo dirigentu jums lengviausia b\u016bdavo dirbti?<\/strong><\/p>\n\n\n\n<p><br>Su Rimu Geniu\u0161u, nes jis spektaklio metu niekam n\u0117ra pasak\u0119s blogo \u017eod\u017eio, nieko niekada n\u0117ra u\u017egav\u0119s. O po spektaklio jau galima sakyti k\u0105 tik nori\u2026<\/p>\n\n\n\n<p><br><strong>O kurias savo scenos partneres gra\u017eiausiai atsimenate?<\/strong><\/p>\n\n\n\n<p><br>Romut\u0119 Tumuliauskait\u0119, Sofij\u0105 Jonaityt\u0119, Iren\u0105 Milkevi\u010di\u016bt\u0119\u2026 Su partner\u0117mis visoki\u0173 nutikim\u0173 yra buv\u0119. Pamenu, Gra\u017eina Apanavi\u010di\u016bt\u0117, dainuodama Mikael\u0105 operoje \u201eKarmen\u201c, netik\u0117tai priklaup\u0117 ant keli\u0173, bet atsistoti d\u0117l apk\u016bnumo nebesugeb\u0117jo. Band\u017eiau pad\u0117ti jai tempdamas u\u017e rankos, tada solist\u0117 parvirto ant \u0161ono\u2026 Ne\u017einojau, k\u0105 daryti. Tuo labiau, kad man pa\u010diam lyg ty\u010dia keln\u0117s tame spektaklyje praply\u0161o\u2026 Po spektaklio Gra\u017eina mane piktai ap\u0161auk\u0117 u\u017e tai, kad jos nepak\u0117liau ir nei\u0161ved\u017eiau. Bet kit\u0105 dien\u0105 ji man\u0119s atsipra\u0161\u0117.<\/p>\n\n\n\n<p>Vis\u0105 pokalb\u012f su \u010c. Naus\u0117da galite per\u017ei\u016br\u0117ti \u010dia:<br><a href=\"https:\/\/www.facebook.com\/139945343453\/videos\/2704356126451638\/\">https:\/\/www.facebook.com\/139945343453\/videos\/2704356126451638\/<\/a><\/p>\n","protected":false},"excerpt":{"rendered":"<p>Jaunesni LNOBT \u017ei\u016brovai j\u012f prisimena vien kaip nebyl\u0173, ta\u010diau be galo i\u0161rai\u0161king\u0105 Did\u012fj\u012f inkvizitori\u0173 naujausiame Giuseppe\u2018s Verdi operos \u201eDon Karlas\u201c pastatyme. Ta\u010diau prie\u0161 tris-keturis de\u0161imtme\u010dius be tenoro \u010ceslovo Naus\u0117dos LNOBT&hellip; <\/p>\n","protected":false},"author":2,"featured_media":821,"comment_status":"open","ping_status":"open","sticky":false,"template":"","format":"standard","meta":{"footnotes":""},"categories":[5],"tags":[],"_links":{"self":[{"href":"https:\/\/choras.lt\/index.php\/wp-json\/wp\/v2\/posts\/819"}],"collection":[{"href":"https:\/\/choras.lt\/index.php\/wp-json\/wp\/v2\/posts"}],"about":[{"href":"https:\/\/choras.lt\/index.php\/wp-json\/wp\/v2\/types\/post"}],"author":[{"embeddable":true,"href":"https:\/\/choras.lt\/index.php\/wp-json\/wp\/v2\/users\/2"}],"replies":[{"embeddable":true,"href":"https:\/\/choras.lt\/index.php\/wp-json\/wp\/v2\/comments?post=819"}],"version-history":[{"count":1,"href":"https:\/\/choras.lt\/index.php\/wp-json\/wp\/v2\/posts\/819\/revisions"}],"predecessor-version":[{"id":820,"href":"https:\/\/choras.lt\/index.php\/wp-json\/wp\/v2\/posts\/819\/revisions\/820"}],"wp:featuredmedia":[{"embeddable":true,"href":"https:\/\/choras.lt\/index.php\/wp-json\/wp\/v2\/media\/821"}],"wp:attachment":[{"href":"https:\/\/choras.lt\/index.php\/wp-json\/wp\/v2\/media?parent=819"}],"wp:term":[{"taxonomy":"category","embeddable":true,"href":"https:\/\/choras.lt\/index.php\/wp-json\/wp\/v2\/categories?post=819"},{"taxonomy":"post_tag","embeddable":true,"href":"https:\/\/choras.lt\/index.php\/wp-json\/wp\/v2\/tags?post=819"}],"curies":[{"name":"wp","href":"https:\/\/api.w.org\/{rel}","templated":true}]}}