{"id":896,"date":"2021-05-03T15:41:44","date_gmt":"2021-05-03T15:41:44","guid":{"rendered":"https:\/\/choras.lt\/?p=896"},"modified":"2021-05-03T15:46:56","modified_gmt":"2021-05-03T15:46:56","slug":"896","status":"publish","type":"post","link":"https:\/\/choras.lt\/index.php\/2021\/05\/03\/896\/","title":{"rendered":"Lietuvos nacionalinis kult\u016bros centras t\u0119sia tinklalaid\u017ei\u0173 cikl\u0105 \u201ePokalbiai prie Vilnel\u0117s\u201c"},"content":{"rendered":"\n<p>\u0160iemet 80-ies met\u0173 veiklos jubiliej\u0173 minintis Lietuvos nacionalinis kult\u016bros centras t\u0119sia tinklalaid\u017ei\u0173 cikl\u0105 \u201ePokalbiai prie Vilnel\u0117s\u201c ir gegu\u017e\u0117s 6 d., ketvirtadien\u012f, 15 val. kvie\u010dia steb\u0117ti tre\u010di\u0105 laid\u0105, skirt\u0105 Lietuvos dain\u0173 ir \u0161oki\u0173 \u0161ven\u010di\u0173 tradicijai.<\/p>\n\n\n\n<p>Studijoje sve\u010diuosis kompozitorius, choro \u201e\u0104\u017euoliukas\u201c meno vadovas ir dirigentas prof. Vytautas Mi\u0161kinis, Lietuvos nacionalinio kult\u016bros centro ir Dain\u0173 \u0161ven\u010di\u0173 direktorius Saulius Liausa. Tinklalaid\u0117je kalbinsime meno ir kult\u016bros \u017emones, visuomen\u0117s atstovus. Laid\u0105 moderuos \u017eurnalist\u0117 Egl\u0117 Daug\u0117lait\u0117-Kry\u017eevi\u010dien\u0117.<\/p>\n\n\n\n<p>Dain\u0173 \u0161vent\u0117 \u2013 tai i\u0161ties \u0161vent\u0117, kurios \u0161ventum\u0105 spinduliuoja nuo seno j\u012f sug\u0117rusios dainos, \u0161okiai, muzika, paveld\u0117ti ir kaskart atnaujinami ritualai ir mil\u017eini\u0161ka \u017emoni\u0173 santalkos, j\u0173 jausm\u0173, min\u010di\u0173, d\u017eiugesio galia. Prie jos prisideda kiekvienas, dovanojantis sumanymus, kuriantis \u017eod\u017eius, garsus ir vaizdus, visk\u0105 styguojantis, organizuojantis, tas, kuris ruo\u0161iasi \u2013 mokosi repertuar\u0105, repetuoja ir joje dalyvauja \u2013 dainuoja, \u0161oka, groja, kalba, vaidina, \u017eygiuoja, kuris savo noru imasi pagelb\u0117ti, jei pritr\u016bksta rank\u0173, kuris klausosi, ateina \u012f renginius ar stebi juos visais \u0161iuolaikini\u0173 technologij\u0173 si\u016blomais b\u016bdais, dalijasi \u012fsp\u016bd\u017eiais, drauge gieda \u201eTauti\u0161k\u0105 giesm\u0119\u201c\u2026&nbsp;<\/p>\n\n\n\n<p>Jau beveik \u0161imtmet\u012f gyvuojanti, \u0161imtus t\u016bkstan\u010di\u0173 dalyvi\u0173 ir \u017ei\u016brov\u0173 \u012ftraukianti Dain\u0173 \u0161vent\u0117 neabejotinai yra vienas i\u0161 \u012fsp\u016bdingiausi\u0173 nacionalin\u0117s kult\u016bros rei\u0161kini\u0173, stiprinan\u010di\u0173 \u0161alies tapatyb\u0119 ir garsinan\u010di\u0173 jos vard\u0105 pasaulyje.<\/p>\n\n\n\n<p>\u201ePokalbiai prie Vilnel\u0117s\u201c tiesiogiai transliuojami LNKC socialinio tinklo \u201eFacebook\u201c paskyroje.<\/p>\n\n\n\n<p>Neturintieji \u201eFacebook\u201c paskyros, tinklalaides gal\u0117s steb\u0117ti \u010dia:&nbsp;<a href=\"https:\/\/www.facebook.com\/liaudieskulturoscentras\/\" target=\"_blank\" rel=\"noreferrer noopener\">https:\/\/www.facebook.com\/liaudieskulturoscentras\/<\/a><\/p>\n\n\n\n<p>Nesp\u0117j\u0119 prisijungti tiesiogiai, tinklalaid\u017ei\u0173 \u012fra\u0161us patogiu metu gal\u0117site \u017ei\u016br\u0117ti LNKC \u201eFacebook\u201c ir \u201eYouTube\u201c paskyrose.<\/p>\n\n\n\n<p>Kvie\u010diame vis\u0105 kult\u016bros bendruomen\u0119 aktyviai jungtis ir steb\u0117ti tiesiogines transliacijas, u\u017eduoti klausimus diskusij\u0173 dalyviams, dalytis \u012f\u017evalgomis komentaruose.<\/p>\n\n\n\n<p><\/p>\n\n\n\n<p><\/p>\n\n\n\n<p class=\"has-text-align-center\"><strong>Lietuvos nacionalinis kult\u016bros centras<\/strong><\/p>\n","protected":false},"excerpt":{"rendered":"<p>\u0160iemet 80-ies met\u0173 veiklos jubiliej\u0173 minintis Lietuvos nacionalinis kult\u016bros centras t\u0119sia tinklalaid\u017ei\u0173 cikl\u0105 \u201ePokalbiai prie Vilnel\u0117s\u201c ir gegu\u017e\u0117s 6 d., ketvirtadien\u012f, 15 val. kvie\u010dia steb\u0117ti tre\u010di\u0105 laid\u0105, skirt\u0105 Lietuvos dain\u0173&hellip; <\/p>\n","protected":false},"author":2,"featured_media":889,"comment_status":"open","ping_status":"open","sticky":false,"template":"","format":"standard","meta":{"footnotes":""},"categories":[6],"tags":[],"_links":{"self":[{"href":"https:\/\/choras.lt\/index.php\/wp-json\/wp\/v2\/posts\/896"}],"collection":[{"href":"https:\/\/choras.lt\/index.php\/wp-json\/wp\/v2\/posts"}],"about":[{"href":"https:\/\/choras.lt\/index.php\/wp-json\/wp\/v2\/types\/post"}],"author":[{"embeddable":true,"href":"https:\/\/choras.lt\/index.php\/wp-json\/wp\/v2\/users\/2"}],"replies":[{"embeddable":true,"href":"https:\/\/choras.lt\/index.php\/wp-json\/wp\/v2\/comments?post=896"}],"version-history":[{"count":2,"href":"https:\/\/choras.lt\/index.php\/wp-json\/wp\/v2\/posts\/896\/revisions"}],"predecessor-version":[{"id":898,"href":"https:\/\/choras.lt\/index.php\/wp-json\/wp\/v2\/posts\/896\/revisions\/898"}],"wp:featuredmedia":[{"embeddable":true,"href":"https:\/\/choras.lt\/index.php\/wp-json\/wp\/v2\/media\/889"}],"wp:attachment":[{"href":"https:\/\/choras.lt\/index.php\/wp-json\/wp\/v2\/media?parent=896"}],"wp:term":[{"taxonomy":"category","embeddable":true,"href":"https:\/\/choras.lt\/index.php\/wp-json\/wp\/v2\/categories?post=896"},{"taxonomy":"post_tag","embeddable":true,"href":"https:\/\/choras.lt\/index.php\/wp-json\/wp\/v2\/tags?post=896"}],"curies":[{"name":"wp","href":"https:\/\/api.w.org\/{rel}","templated":true}]}}