{"id":990,"date":"2021-05-30T18:10:18","date_gmt":"2021-05-30T18:10:18","guid":{"rendered":"https:\/\/choras.lt\/?p=990"},"modified":"2021-06-01T08:12:31","modified_gmt":"2021-06-01T08:12:31","slug":"vlado-jakubeno-muzikos-mokyklos-vyresniuju-mergaiciu-chorui-aukso-paukste","status":"publish","type":"post","link":"https:\/\/choras.lt\/index.php\/2021\/05\/30\/vlado-jakubeno-muzikos-mokyklos-vyresniuju-mergaiciu-chorui-aukso-paukste\/","title":{"rendered":"Vlado Jakub\u0117no muzikos mokyklos vyresni\u0173j\u0173 mergai\u010di\u0173 chorui \u2013 AUKSO PAUK\u0160T\u0116!"},"content":{"rendered":"\n<p><br>Gegu\u017e\u0117s 28 d. Bir\u017e\u0173 kult\u016bros centre Aukso pauk\u0161t\u0117 \u2013 Lietuvos nacionalinio kult\u016bros centro auk\u0161\u010diausias apdovanojimas m\u0117g\u0117ji\u0161ko meno kolektyvui \u2013 buvo \u012fteikta Vlado Jakub\u0117no muzikos mokyklos vyresni\u0173j\u0173 klasi\u0173 mergai\u010di\u0173 chorui ir jo vadovei Viktorijai Mork\u016bnienei.<\/p>\n\n\n\n<p>Apdovanojim\u0105 \u012fteik\u0117 Lietuvos nacionalinio kult\u016bros centro vadovas Saulius Liausa ir \u0160iaur\u0117s Lietuvos chor\u0173 koordinatorius prof. Kastytis Barisas. Renginio sve\u010diai &#8211; Seimo narys V. Valki\u016bnas, rajono Savivaldyb\u0117s vadovai, Panev\u0117\u017eio regiono muzikos ir meno mokykl\u0173 atstovai, Bir\u017e\u0173 \u0160v. Jono Krik\u0161tytojo parapijos klebonas Jonas Morkv\u0117nas, kiti chorin\u0117s muzikos gerb\u0117jai &#8211; sveikino choristus ir j\u0173 mokytojas Viktorij\u0105 Mork\u016bnien\u0119 ir Iev\u0105 Mork\u016bnait\u0119 bei koncertmeister\u0119 Romuald\u0105 Butkevi\u010dien\u0119. <\/p>\n\n\n\n<p>\u0160iai progai koncert\u0105 pareng\u0117 Aukso pauk\u0161t\u0117s nominant\u0117s, daina pasveikino ma\u017eieji Mokyklos dainininkai, vadovaujami J\u016brat\u0117s Duderien\u0117s, Bir\u017e\u0173 kult\u016bros centro kamerinis choras &#8220;Viktorija&#8221;.<\/p>\n","protected":false},"excerpt":{"rendered":"<p>Gegu\u017e\u0117s 28 d. Bir\u017e\u0173 kult\u016bros centre Aukso pauk\u0161t\u0117 \u2013 Lietuvos nacionalinio kult\u016bros centro auk\u0161\u010diausias apdovanojimas m\u0117g\u0117ji\u0161ko meno kolektyvui \u2013 buvo \u012fteikta Vlado Jakub\u0117no muzikos mokyklos vyresni\u0173j\u0173 klasi\u0173 mergai\u010di\u0173 chorui ir&hellip; <\/p>\n","protected":false},"author":2,"featured_media":992,"comment_status":"open","ping_status":"open","sticky":false,"template":"","format":"standard","meta":{"footnotes":""},"categories":[3],"tags":[],"_links":{"self":[{"href":"https:\/\/choras.lt\/index.php\/wp-json\/wp\/v2\/posts\/990"}],"collection":[{"href":"https:\/\/choras.lt\/index.php\/wp-json\/wp\/v2\/posts"}],"about":[{"href":"https:\/\/choras.lt\/index.php\/wp-json\/wp\/v2\/types\/post"}],"author":[{"embeddable":true,"href":"https:\/\/choras.lt\/index.php\/wp-json\/wp\/v2\/users\/2"}],"replies":[{"embeddable":true,"href":"https:\/\/choras.lt\/index.php\/wp-json\/wp\/v2\/comments?post=990"}],"version-history":[{"count":4,"href":"https:\/\/choras.lt\/index.php\/wp-json\/wp\/v2\/posts\/990\/revisions"}],"predecessor-version":[{"id":1002,"href":"https:\/\/choras.lt\/index.php\/wp-json\/wp\/v2\/posts\/990\/revisions\/1002"}],"wp:featuredmedia":[{"embeddable":true,"href":"https:\/\/choras.lt\/index.php\/wp-json\/wp\/v2\/media\/992"}],"wp:attachment":[{"href":"https:\/\/choras.lt\/index.php\/wp-json\/wp\/v2\/media?parent=990"}],"wp:term":[{"taxonomy":"category","embeddable":true,"href":"https:\/\/choras.lt\/index.php\/wp-json\/wp\/v2\/categories?post=990"},{"taxonomy":"post_tag","embeddable":true,"href":"https:\/\/choras.lt\/index.php\/wp-json\/wp\/v2\/tags?post=990"}],"curies":[{"name":"wp","href":"https:\/\/api.w.org\/{rel}","templated":true}]}}